{"id":3368,"date":"2025-02-26T07:01:37","date_gmt":"2025-02-26T06:01:37","guid":{"rendered":"https:\/\/monde25.info\/index.php\/2025\/02\/26\/lallemagne-a-choisi-la-guerre-les-maitres-du-monde-sott-net\/"},"modified":"2025-02-26T07:01:37","modified_gmt":"2025-02-26T06:01:37","slug":"lallemagne-a-choisi-la-guerre-les-maitres-du-monde-sott-net","status":"publish","type":"post","link":"https:\/\/monde25.info\/index.php\/2025\/02\/26\/lallemagne-a-choisi-la-guerre-les-maitres-du-monde-sott-net\/","title":{"rendered":"\u00ab L&rsquo;Allemagne a choisi la guerre \u00bb \u2014 Les Ma\u00eetres du Monde \u2014 Sott.net"},"content":{"rendered":"<p> <br \/>\n<\/p>\n<div>\n<div class=\"article-image-super to-center\"><a target=\"_blank\" href=\"https:\/\/fr.sott.net\/image\/s36\/723843\/full\/Capture_decran_le_2025_02_24_a.jpg\" target=\"_blank\"><img decoding=\"async\" src=\"https:\/\/fr.sott.net\/image\/s36\/723843\/super\/Capture_decran_le_2025_02_24_a.jpg\" alt=\"hjkl\" title=\"Cliquer pour agrandir\"\/><\/a><\/p>\n<p><span class=\"caption\">Friedrich Merz, le nouveau chancelier allemand, qui devrait prendre son poste, apr\u00e8s la d\u00e9cision du Bundestag et du pr\u00e9sident allemand, au lieu de r\u00e9soudre de vrais probl\u00e8mes, combattra l\u2019AfD et Moscou.<\/span><\/p>\n<\/div>\n<p>Merz a affich\u00e9 depuis plusieurs ann\u00e9es sa volont\u00e9 de soutenir les forces politiques, \u00e9conomiques et militaires contre la Russie. Il a annonc\u00e9 qu&rsquo;il souhaitait \u00ab livrer le missile de croisi\u00e8re allemand Taurus \u00e0 l&rsquo;Ukraine \u2014 contrairement \u00e0 Scholz \u00bb, <a target=\"_blank\" href=\"https:\/\/www.ksta.de\/politik\/russland-wahl-moskau-attackiert-friedrich-merz-und-lobt-afd-konsequenter-russenfeind-971081\">r\u00e9v\u00e8le<\/a> le quotidien <em>K\u00f6lner Stadt-Anzeiger<\/em>.<\/p>\n<p>\u00ab Le prochain chancelier allemand n&rsquo;est pas seulement un ennemi d\u00e9clar\u00e9 de la Russie, il a \u00e9galement \u00e9t\u00e9 infect\u00e9 par le virus de l&rsquo;ukrainisme du pr\u00e9sident ukrainien Volodymyr Zelensky et se retourne m\u00eame d\u00e9sormais contre Trump \u00bb, continue le <em>K\u00f6lner Stadt-Anzeiger<\/em>. \u00ab Merz \u00e9tait \u00e9galement russophobe par pragmatisme et en raison de son pr\u00e9c\u00e9dent travail chez le gestionnaire d&rsquo;actifs am\u00e9ricain BlackRock \u00bb, poursuit le r\u00e9dacteur allemand.<\/p>\n<p>\u00ab Friedrich Merz s&rsquo;exprime au d\u00eener BlackRock \u00bb, <a target=\"_blank\" href=\"https:\/\/www.spiegel.de\/politik\/weltwirtschaftsforum-in-davos-friedrich-merz-spricht-bei-blackrock-dinner-a-f71a86ef-2442-406c-8447-9eb5ecf88f95\">a annonc\u00e9<\/a> <em>Der Spiegel <\/em>en janvier dernier. L&rsquo;hebdomadaire de Hambourg, qui fut c\u00e9l\u00e8bre du temps de son fondateur, Rudolf Augstein, a fait savoir que le futur chancelier allemand, a particip\u00e9 au Forum \u00e9conomique mondial de Davos, mais, surtout qu&rsquo;il a particip\u00e9 \u00ab \u00e0 un d\u00eener organis\u00e9 par Larry Fink, responsable du g\u00e9ant de l&rsquo;investissement BlackRock \u00bb.<\/p>\n<p>\u00ab De 2016 \u00e0 2020, Merz a \u00e9t\u00e9 pr\u00e9sident du conseil de surveillance de Blackrock Asset Management Germany, une filiale de la branche britannique du g\u00e9ant am\u00e9ricain de la gestion d&rsquo;actifs \u00bb, <a target=\"_blank\" href=\"https:\/\/www.wiwo.de\/finanzen\/geldanlage\/cdu-chef-friedrich-merz-und-blackrock-jetzt-ist-aber-auch-mal-gut\/30017030.html\">rapporte<\/a> <em>Witschaftswoche.<\/em><\/p>\n<p>Le <em>K\u00f6lner Stadt-Anzeiger<\/em>, donne l&rsquo;avis de la Russie avec Merz: \u00ab Moscou pr\u00e9dit un d\u00e9clin pour l&rsquo;Allemagne sous Merz \u00bb.\n<\/p>\n<blockquote class=\"typ1\"><p>\n\u00ab Merz a une implication consid\u00e9rable dans la finance mondiale dans un grand nombre de pays, y compris l&rsquo;Ukraine \u00bb, a d\u00e9clar\u00e9 le s\u00e9nateur russe Sergue\u00ef Perminov, commentant les r\u00e9sultats des \u00e9lections, toujours d&rsquo;apr\u00e8s le quotidien de Cologne.\n<\/p><\/blockquote>\n<p>En novembre 2024, <em>Observateur Continental,<\/em> <a target=\"_blank\" href=\"https:\/\/www.observateur-continental.fr\/?module=articles&amp;action=view&amp;id=6485\">titrant<\/a> dans un article <em>Le soutien \u00e0 l&rsquo;Ukraine est la plus grande arnaque visant \u00e0 diviser le pays entre entreprises<\/em>, a averti que \u00ab BlackRock a rejoint la guerre contre la Russie \u00bb. <em>Observateur Continental<\/em> mettait en garde sur le point suivant : \u00ab Larry Fink indique clairement que BlackRock utilisera sa puissance financi\u00e8re dans la guerre \u00e9conomique contre la Russie \u00bb : \u00ab En consultation avec nos actionnaires, [la soci\u00e9t\u00e9] BlackRock s&rsquo;est \u00e9galement jointe \u00e0 l&rsquo;effort mondial visant \u00e0 isoler la Russie des march\u00e9s financiers \u00bb.<\/p>\n<p>Le journaliste politique allemand, Alexander Wallasch, vient de titrer <a target=\"_blank\" href=\"https:\/\/www.alexander-wallasch.de\/politik\/deutschland-hat-den-krieg-gewaehlt\">un article<\/a> sur le r\u00e9sultat des \u00e9lections allemandes : <em>L&rsquo;Allemagne a choisi la guerre<\/em>. C&rsquo;est un avis qui est largement partag\u00e9 en Allemagne. La radio allemande<em> Kontrafunk<\/em>, qui fait figure d&rsquo;OVNI dans le paysage m\u00e9diatique, \u00e9tant pro-AfD, a, aussi, tristement conclu qu&rsquo;avec Friedrich Merz, la situation du pays avec Friedrich Merz va continuer de se d\u00e9t\u00e9riorer alors que l&rsquo;Allemagne se trouve <a target=\"_blank\" href=\"https:\/\/www.letemps.ch\/economie\/en-graphique-l-allemagne-un-moteur-economique-grippe\">en r\u00e9cession<\/a> depuis deux ans. \u00ab 18 heures et un triste moment de certitudes pour l&rsquo;Allemagne : un pays sans perspectives. Avec ces projections, l&rsquo;Allemagne s&rsquo;effondre comme si quelqu&rsquo;un avait simplement d\u00e9branch\u00e9 la prise \u00bb, commente, de son c\u00f4t\u00e9, Alexander Wallasch.<\/p>\n<p><em>Observateur Continental<\/em> <a target=\"_blank\" href=\"https:\/\/observateur-continental.fr\/?module=news&amp;action=view&amp;id=6674\">note<\/a> qu&rsquo; \u00ab avant que Merz ne devienne v\u00e9ritablement chancelier officiel, il lui reste encore quelques obstacles \u00e0 surmonter \u00bb, pr\u00e9cisant : \u00ab Apr\u00e8s les \u00e9lections f\u00e9d\u00e9rales de 2025, il faudra peut-\u00eatre plusieurs semaines, voire plusieurs mois, avant que le nouveau chancelier rentre en fonction \u00bb. La situation sociale d&rsquo;outre-Rhin est explosive.<\/p>\n<p>Sur la politique int\u00e9rieure, l&rsquo;arriv\u00e9e de Friedrich Merz pr\u00e9sage des ann\u00e9es tr\u00e8s dures. \u00ab Qu&rsquo;est-ce que cela signifie pour l&rsquo;avenir de ce pays ? L&rsquo;immigration de masse ill\u00e9gale continuera de progresser. Elle ne sera vendue qu&rsquo;\u00e0 des citoyens pr\u00e9sent\u00e9s de mani\u00e8re plus professionnelle sous le nom de migration de travail l\u00e9gal. Le d\u00e9mant\u00e8lement de l&rsquo;\u00e9conomie est entra\u00een\u00e9 par de nouvelles r\u00e9glementations climatiques dans des conditions de plus en plus strictes, et l&rsquo;Allemagne continuera \u00e0 prendre du retard dans la concurrence internationale. Dans quelques ann\u00e9es, les premi\u00e8res luttes de r\u00e9partition entre populations autochtones et immigr\u00e9es deviendront probablement perceptibles. Les villes et les communes manquent de plus en plus de logements, de mesures d&rsquo;int\u00e9gration, de perspectives d&#8217;emploi et de ressources financi\u00e8res \u00bb, conclut Alexander Wallasch faisant r\u00e9f\u00e9rence aux attaques au couteau et aux voiture-b\u00e9liers \u00e0 r\u00e9pl\u00e9tion dans le pays.<\/p>\n<p><strong>Sur le plan de la politique ext\u00e9rieure, avec l&rsquo;Ukraine, le nouveau chancelier garde sa position pour d\u00e9fendre \u00e0 tout prix l&rsquo;Ukraine contre la Russie.<\/strong> Environ dix jours avant les \u00e9lections allemandes, Volodymyr Zelensky a eu <a target=\"_blank\" href=\"https:\/\/www.president.gov.ua\/en\/news\/volodimir-zelenskij-proviv-zustrich-iz-fridrihom-mercom-96125\">une r\u00e9union<\/a> avec Friedrich Merz. Le sujet cl\u00e9 de la r\u00e9union \u00e9tait le soutien \u00e0 l&rsquo;Ukraine et l&rsquo;importance de l&rsquo;unit\u00e9 entre les pays europ\u00e9ens, c&rsquo;est-\u00e0-dire le projet de l&rsquo;arm\u00e9e europ\u00e9enne souhait\u00e9e par le pr\u00e9sident ukrainien.<\/p>\n<p>Et, r\u00e9cemment, Friedrich Merz <a target=\"_blank\" href=\"https:\/\/www.euractiv.fr\/section\/defense\/news\/friedrich-merz-preconise-lextension-du-parapluie-nucleaire-francais-et-britannique-a-lallemagne\/\">a pr\u00e9conis\u00e9<\/a> l&rsquo;extension du parapluie nucl\u00e9aire fran\u00e7ais et britannique \u00e0 l&rsquo;Allemagne. <strong>La nouvelle Allemagne de Merz veut aussi obtenir la bombe atomique des Fran\u00e7ais dans un premier temps.<\/strong> Un axe militaire et financier Paris-Londres-Berlin-Kiev prend forme contre la Russie et les \u00c9tats-Unis de Donald Trump, en tout cas contre la Russie.<\/p>\n<p>D\u00e9j\u00e0 en juin 2022, Friedrich Merz <a target=\"_blank\" href=\"https:\/\/www.tagesspiegel.de\/politik\/cdu-chef-merz%E2%80%93europa-muss-atommacht-werden-6003838.html\">d\u00e9clarait :<\/a> \u00ab L&rsquo;Europe doit devenir une puissance nucl\u00e9aire \u00bb. \u00ab Il ne devrait y avoir plus de tabous \u00bb, martelait-il. Le 19 f\u00e9vrier dernier, <em>Observateur Continental<\/em> <a target=\"_blank\" href=\"https:\/\/observateur-continental.fr\/?module=news&amp;action=view&amp;id=6663\">informait :<\/a> \u00ab Macron a \u00e9t\u00e9 sollicit\u00e9 pour fournir les cl\u00e9s des armes nucl\u00e9aires \u00bb. \u00ab Le d\u00e9put\u00e9 europ\u00e9en chr\u00e9tien-d\u00e9mocrate belge (CD&amp;V) Wouter Beke a appel\u00e9 le pr\u00e9sident fran\u00e7ais, Emmanuel Macron, \u00e0 placer l&rsquo;arsenal nucl\u00e9aire fran\u00e7ais sous le contr\u00f4le de l&rsquo;Union europ\u00e9enne pour cr\u00e9er un syst\u00e8me de d\u00e9fense commun \u00bb.<\/p>\n<p>La pr\u00e9sence de Friedrich Merz consolide la position du pr\u00e9sident fran\u00e7ais, Emmanuel Macron, pour soutenir l&rsquo;Ukraine et dans ses plans d&rsquo;envoyer des soldats fran\u00e7ais sur le sol ukrainien. \u00ab La France se pr\u00e9pare \u00e9galement \u00e0 assumer davantage de responsabilit\u00e9s en cas de retrait am\u00e9ricain \u00bb, <a target=\"_blank\" href=\"https:\/\/www.swp-berlin.org\/10.18449\/2023A07\/\">a adjoint<\/a> d\u00e9j\u00e0 en janvier 2023 l&rsquo;Institut allemand pour la politique internationale et la s\u00e9curit\u00e9.<\/p>\n<p>La naissance du nouveau couple franco-allemand avec Merz et Macron est l&rsquo;assurance d&rsquo;avoir des plans mortif\u00e8res.\n\t\t<\/p>\n<\/div>\n<p><br \/>\n<br \/><a href=\"https:\/\/fr.sott.net\/article\/44249-Alexander-Wallasch-L-Allemagne-a-choisi-la-guerre\" target=\"_blank\"\">Source link <\/a><\/p>\n","protected":false},"excerpt":{"rendered":"<p>Friedrich Merz, le nouveau chancelier allemand, qui devrait prendre son poste, apr\u00e8s la d\u00e9cision du Bundestag et du pr\u00e9sident allemand, au lieu de r\u00e9soudre de vrais probl\u00e8mes, combattra l\u2019AfD et&hellip; <\/p>\n","protected":false},"author":1,"featured_media":3369,"comment_status":"open","ping_status":"open","sticky":false,"template":"","format":"standard","meta":{"footnotes":""},"categories":[1],"tags":[],"class_list":["post-3368","post","type-post","status-publish","format-standard","has-post-thumbnail","hentry","category-non-classe"],"_links":{"self":[{"href":"https:\/\/monde25.info\/index.php\/wp-json\/wp\/v2\/posts\/3368","targetHints":{"allow":["GET"]}}],"collection":[{"href":"https:\/\/monde25.info\/index.php\/wp-json\/wp\/v2\/posts"}],"about":[{"href":"https:\/\/monde25.info\/index.php\/wp-json\/wp\/v2\/types\/post"}],"author":[{"embeddable":true,"href":"https:\/\/monde25.info\/index.php\/wp-json\/wp\/v2\/users\/1"}],"replies":[{"embeddable":true,"href":"https:\/\/monde25.info\/index.php\/wp-json\/wp\/v2\/comments?post=3368"}],"version-history":[{"count":0,"href":"https:\/\/monde25.info\/index.php\/wp-json\/wp\/v2\/posts\/3368\/revisions"}],"wp:featuredmedia":[{"embeddable":true,"href":"https:\/\/monde25.info\/index.php\/wp-json\/wp\/v2\/media\/3369"}],"wp:attachment":[{"href":"https:\/\/monde25.info\/index.php\/wp-json\/wp\/v2\/media?parent=3368"}],"wp:term":[{"taxonomy":"category","embeddable":true,"href":"https:\/\/monde25.info\/index.php\/wp-json\/wp\/v2\/categories?post=3368"},{"taxonomy":"post_tag","embeddable":true,"href":"https:\/\/monde25.info\/index.php\/wp-json\/wp\/v2\/tags?post=3368"}],"curies":[{"name":"wp","href":"https:\/\/api.w.org\/{rel}","templated":true}]}}