{"id":3370,"date":"2025-02-26T08:40:40","date_gmt":"2025-02-26T07:40:40","guid":{"rendered":"https:\/\/monde25.info\/index.php\/2025\/02\/26\/a69-des-activistes-occupent-de-nouveaux-arbres-menaces\/"},"modified":"2025-02-26T08:40:40","modified_gmt":"2025-02-26T07:40:40","slug":"a69-des-activistes-occupent-de-nouveaux-arbres-menaces","status":"publish","type":"post","link":"https:\/\/monde25.info\/index.php\/2025\/02\/26\/a69-des-activistes-occupent-de-nouveaux-arbres-menaces\/","title":{"rendered":"A69\u00a0: des activistes occupent de nouveaux arbres menac\u00e9s"},"content":{"rendered":"<p> <br \/>\n<br \/><img loading=\"lazy\" decoding=\"async\" src=\"https:\/\/reporterre.net\/local\/cache-vignettes\/L700xH467\/480809199_646875431256797_4767745772158854703_n_1_-fcd38.jpg?1740494111\" class=\"spip_logo\" width=\"700\" height=\"467\" alt=\"\" \/><\/p>\n<p>\u00c0 quelques jours d&rsquo;un verdict historique, susceptible d&rsquo;acter la fin du projet d&rsquo;autoroute entre Toulouse et Castres (A69), les \u00ab<small class=\"fine d-inline\">\u00a0<\/small>\u00e9cureuils<small class=\"fine d-inline\">\u00a0<\/small>\u00bb, ces militants grimpant aux arbres, signent leur grand retour. Dans la nuit du 22 au 23\u00a0f\u00e9vrier, deux militants anti-A69 ont grimp\u00e9 aux branches de deux arbres menac\u00e9s d&rsquo;abattage. Une premi\u00e8re depuis le 7\u00a0octobre dernier, et l&rsquo;expulsion de l&rsquo;ultime bastion de r\u00e9sistance sur le chantier, autrefois baptis\u00e9 la zad du Verger. <br class=\"autobr\" \/><br \/>\nCette nouvelle occupation\u00a0(\u2026)<\/p>\n<p>                    <a target=\"_blank\" href=\"https:\/\/reporterre.net\/A69-des-activistes-occupent-de-nouveaux-arbres-menaces?utm_source=RSS&amp;utm_medium=RSS\">Lire la suite<\/a><\/p>\n<p>                    &#8211;<br \/>\n                        <a target=\"_blank\" href=\"https:\/\/reporterre.net\/Breves-20\" rel=\"directory\">En bref<\/a><\/p>\n<p>                    \/<br \/>\n                        <a target=\"_blank\" href=\"https:\/\/reporterre.net\/Luttes\" rel=\"tag\">Luttes<\/a><br \/>\n                    ,<br \/>\n                        <a target=\"_blank\" href=\"https:\/\/reporterre.net\/A69\" rel=\"tag\">A69<\/a><br \/>\n<br \/><br \/>\n<br \/><a href=\"https:\/\/reporterre.net\/A69-des-activistes-occupent-de-nouveaux-arbres-menaces\" target=\"_blank\"\">Source link <\/a><\/p>\n","protected":false},"excerpt":{"rendered":"<p>\u00c0 quelques jours d&rsquo;un verdict historique, susceptible d&rsquo;acter la fin du projet d&rsquo;autoroute entre Toulouse et Castres (A69), les \u00ab\u00a0\u00e9cureuils\u00a0\u00bb, ces militants grimpant aux arbres, signent leur grand retour. Dans&hellip; <\/p>\n","protected":false},"author":1,"featured_media":3371,"comment_status":"open","ping_status":"open","sticky":false,"template":"","format":"standard","meta":{"footnotes":""},"categories":[1],"tags":[],"class_list":["post-3370","post","type-post","status-publish","format-standard","has-post-thumbnail","hentry","category-non-classe"],"_links":{"self":[{"href":"https:\/\/monde25.info\/index.php\/wp-json\/wp\/v2\/posts\/3370","targetHints":{"allow":["GET"]}}],"collection":[{"href":"https:\/\/monde25.info\/index.php\/wp-json\/wp\/v2\/posts"}],"about":[{"href":"https:\/\/monde25.info\/index.php\/wp-json\/wp\/v2\/types\/post"}],"author":[{"embeddable":true,"href":"https:\/\/monde25.info\/index.php\/wp-json\/wp\/v2\/users\/1"}],"replies":[{"embeddable":true,"href":"https:\/\/monde25.info\/index.php\/wp-json\/wp\/v2\/comments?post=3370"}],"version-history":[{"count":0,"href":"https:\/\/monde25.info\/index.php\/wp-json\/wp\/v2\/posts\/3370\/revisions"}],"wp:featuredmedia":[{"embeddable":true,"href":"https:\/\/monde25.info\/index.php\/wp-json\/wp\/v2\/media\/3371"}],"wp:attachment":[{"href":"https:\/\/monde25.info\/index.php\/wp-json\/wp\/v2\/media?parent=3370"}],"wp:term":[{"taxonomy":"category","embeddable":true,"href":"https:\/\/monde25.info\/index.php\/wp-json\/wp\/v2\/categories?post=3370"},{"taxonomy":"post_tag","embeddable":true,"href":"https:\/\/monde25.info\/index.php\/wp-json\/wp\/v2\/tags?post=3370"}],"curies":[{"name":"wp","href":"https:\/\/api.w.org\/{rel}","templated":true}]}}