{"id":3372,"date":"2025-02-26T09:13:49","date_gmt":"2025-02-26T08:13:49","guid":{"rendered":"https:\/\/monde25.info\/index.php\/2025\/02\/26\/proche-et-moyen-orient-bilan-au-25-fevrier-2025\/"},"modified":"2025-02-26T09:13:49","modified_gmt":"2025-02-26T08:13:49","slug":"proche-et-moyen-orient-bilan-au-25-fevrier-2025","status":"publish","type":"post","link":"https:\/\/monde25.info\/index.php\/2025\/02\/26\/proche-et-moyen-orient-bilan-au-25-fevrier-2025\/","title":{"rendered":"Proche et Moyen-Orient : Bilan au 25 f\u00e9vrier 2025"},"content":{"rendered":"<p> <br \/>\n<\/p>\n<div>\n<ol class=\"campaign-loop campaign-list\">\n<li id=\"campaign-433393\" class=\"post-433393 campaign type-campaign status-publish hentry campaign-has-goal campaign-has-not-achieved-goal campaign-has-end-date campaign-has-not-ended\">\n\t<a target=\"_blank\" href=\"https:\/\/reseauinternational.net\/campaigns\/campagne-de-dons-decembre-2024\/\"><\/p>\n<h3>Soutenez R\u00e9seau International.<\/h3>\n<p>\t\t\t<\/a><\/p>\n<p>\n\tChers amis lecteurs, C\u2019est gr\u00e2ce \u00e0 vos dons que nous pouvons garder notre ind\u00e9pendance et\u00a0 vous fournir le meilleur de l\u2019information internationale alternative. Votre soutien nous est indispensable; nous comptons sur vous.<\/p>\n<\/li>\n<\/ol>\n<p>par <strong>Dominique Delawarde<\/strong><\/p>\n<h5 class=\"wp-block-heading\">Atrocity Inc., ou comment Isra\u00ebl nous vend la destruction de Gaza<\/h5>\n<p>Ce documentaire \u00e0 ne pas manquer a \u00e9t\u00e9 r\u00e9alis\u00e9 par Max Blumenthal, journaliste US membre de la communaut\u00e9 juive qui a d\u00e9j\u00e0 t\u00e9moign\u00e9 devant le Conseil de s\u00e9curit\u00e9 de l\u2019ONU sur les \u00e9v\u00e9nements du 7 octobre 2023. Ce documentaire peut aider \u00e0 d\u00e9niaiser ceux qui croient encore aux mensonges permanents de Netanyahou.<\/p>\n<p><iframe loading=\"lazy\" title=\"Atrocity Inc., ou comment Isra\u00ebl nous vend la destruction de Gaza\" width=\"1110\" height=\"624\" src=\"https:\/\/www.youtube.com\/embed\/CxKiwWISJUc?feature=oembed\" frameborder=\"0\" allow=\"accelerometer; autoplay; clipboard-write; encrypted-media; gyroscope; picture-in-picture; web-share\" referrerpolicy=\"strict-origin-when-cross-origin\" allowfullscreen><\/iframe><\/p>\n<p>En compl\u00e9ment du documentaire qui pr\u00e9c\u00e8de et toujours pour les na\u00effs qui continuent de croire aux mensonges de la propagande isra\u00e9lienne : \u00ab<a target=\"_blank\" href=\"https:\/\/ssofidelis.substack.com\/p\/israel-relance-le-recit-des-atrocites\" target=\"_blank\" rel=\"noopener\" title=\"\"><em>Isra\u00ebl relance le r\u00e9cit des atrocit\u00e9s juste avant la date butoir du cessez-le-feu<\/em><\/a>\u00bb.<\/p>\n<h5 class=\"wp-block-heading has-text-align-center\">*<\/h5>\n<p><strong>Quand Isra\u00ebl refusait de reprendre les corps de la famille Bibas<\/strong> apr\u00e8s l\u2019avoir tu\u00e9e dans un bombardement. Diana Magnay, journaliste \u00e0 <em>Sky News<\/em>, <strong>qui est un m\u00e9dia mainstream US<\/strong>, rapporte qu\u2019en novembre 2023, le Hamas a propos\u00e9 de rendre les corps de la famille Bibas, tu\u00e9e lors d\u2019un bombardement isra\u00e9lien, et qu\u2019Isra\u00ebl a refus\u00e9, \u00ab<em>affirmant qu\u2019il s\u2019agissait d\u2019une ruse psychologique<\/em>\u00bb.<\/p>\n<p><iframe loading=\"lazy\" title=\"Diana Magnay journaliste \u00e0 Sky News, rapporte qu'en nov. 2023 le Hamas a propos\u00e9 de rendre les corps de la famille Bibas\" width=\"560\" height=\"315\" src=\"https:\/\/video.europalestine.com\/videos\/embed\/8e9275ab-6703-4646-bfcd-5622f3f26b69\" frameborder=\"0\" allowfullscreen=\"\" sandbox=\"allow-same-origin allow-scripts allow-popups allow-forms\"><\/iframe><\/p>\n<p>Quand on pense que Netanyahou est en train de nous vendre un narratif bidon sur les enfants Bibas, tu\u00e9s par ses bombardements, pour essayer de relancer le g\u00e9nocide en chauffant \u00e0 blanc la population isra\u00e9lienne\u2026<\/p>\n<p>Quand on pense qu\u2019il y a en France des sayanim dans les m\u00e9dias et la politique pour relayer ce genre de narratif bidon\u2026<\/p>\n<p>Quand on pense qu\u2019il y a, en France, pl\u00e9thore de gros na\u00effs pour croire ce genre de narratifs bidon\u2026<\/p>\n<p>On aimerait avoir un petit commentaire de nos sayanim pr\u00e9f\u00e9r\u00e9s comme Rudy Reichstadt ou Nicola Tenzer sur cette saga des enfants Bibas tu\u00e9s par un bombardement isra\u00e9lien \u2026<\/p>\n<h5 class=\"wp-block-heading\"><strong>Palestine occup\u00e9e \u2013 Bilan des pertes<\/strong><\/h5>\n<p>Depuis le 7 octobre 2023, le bilan des\u00a0<strong>pertes palestiniennes directes<\/strong>, li\u00e9es aux op\u00e9rations des forces isra\u00e9liennes, largement soutenues par l\u2019Occident otanien,\u00a0<strong>s\u2019est encore alourdi malgr\u00e9 le cessez le feu, toujours dans l\u2019indiff\u00e9rence passive et coupable des gouvernances occidentales<\/strong>\u00a0et d\u2019une trop grande partie de l\u2019opinion publique, anesth\u00e9si\u00e9e par les m\u00e9dias grand public US-UE, contr\u00f4l\u00e9s par les lobbies pro-Isra\u00ebl, qui tentent de faire diversion en oubliant de s\u2019\u00e9tendre sur des r\u00e9alit\u00e9s criminelles en Palestine et en insistant sur d\u2019autres \u00e9v\u00e9nements d\u2019actualit\u00e9 que l\u2019on monte en \u00e9pingle.<\/p>\n<p>Voici le dernier bilan des pertes palestiniennes connues au\u00a0<strong>25 f\u00e9vrier 2025<\/strong>\u00a0(voir\u00a0<em>Anadolu<\/em>)\u00a0<strong>alors qu\u2019on commence \u00e0 exhumer des dizaines de corps ensevelis sous les d\u00e9combres apr\u00e8s 16 mois de bombardements isra\u00e9liens, ce qui fausse \u00e9videmment le bilan post-cessez le feu<\/strong>\u00a0:<\/p>\n<p><strong>Pour Gaza<\/strong> : <strong>48 346 tu\u00e9s<\/strong> dont + de 17 492 enfants, plus de 111 759 bless\u00e9s, dont + de 25 000 enfants, plus de <strong>14 222 disparus<\/strong><\/p>\n<p><strong>Cisjordanie<\/strong> : <strong>905 tu\u00e9s<\/strong> dont plus de 181 enfants, plus de 7 370 bless\u00e9s<\/p>\n<p><strong>Total Palestine<\/strong> : <strong>49 251 tu\u00e9s<\/strong> dont plus de <strong>17 673 enfants<\/strong>, plus de <strong>119 129 bless\u00e9s<\/strong>.<\/p>\n<p>Si l\u2019on rajoute les pertes\u00a0<strong>indirectes<\/strong>\u00a0(famines, \u00e9pid\u00e9mies, d\u00e9fauts de soin, en appliquant le facteur 4 du Lancet), le montant total des pertes palestiniennes serait aujourd\u2019hui de plus de\u00a0<strong>246 250 morts<\/strong>.<\/p>\n<p>Si l\u2019on rajoute les pertes\u00a0<strong>indirectes<\/strong>\u00a0(famines, \u00e9pid\u00e9mies, d\u00e9fauts de soin, en appliquant le facteur 4 du Lancet), le montant total des pertes palestiniennes serait aujourd\u2019hui de plus de\u00a0<strong>246 000 morts<\/strong>.<\/p>\n<p>Une nouvelle \u00e9tude publi\u00e9e dans le\u00a0<em>Lancet<\/em>, prestigieuse revue m\u00e9dicale britannique, estime que\u00a0<strong>le nombre de d\u00e9c\u00e8s direct publi\u00e9 par le minist\u00e8re de la sant\u00e9 palestinien au cours des neufs premiers mois de guerre \u00e9tait sous-estim\u00e9 de 41%<\/strong>.<\/p>\n<p>Ce nombre pour la zone de Gaza serait donc aujourd\u2019hui de\u00a0<strong>64 000 d\u00e9c\u00e8s direct<\/strong>, et non 48 339. Il ne compterait ni les disparus encore sous les d\u00e9combres, ni les pertes indirectes (d\u00e9faut de soin, malnutrition, \u00e9pid\u00e9mies). Ceci veut dire que le chiffre de\u00a0<strong>246 000 d\u00e9c\u00e8s<\/strong>\u00a0incluant les pertes indirectes est\u00a0<strong>probablement lui aussi largement sous-estim\u00e9<\/strong>.<\/p>\n<p>\u00ab<strong><em>Les femmes et les enfants repr\u00e9sentaient \u00abpr\u00e8s de 70%\u00bb des morts<\/em><\/strong><em>\u00a0dans la bande de Gaza sur la p\u00e9riode novembre 2023 \u00e0 avril 2024, affirme l\u2019ONU apr\u00e8s une minutieuse v\u00e9rification d\u2019un d\u00e9compte partiel des victimes de la guerre men\u00e9e par Isra\u00ebl contre le Hamas<\/em>\u00bb.<\/p>\n<p>S\u2019agissant de\u00a0<strong>l\u2019extermination des civils<\/strong>\u00a0: femmes, enfants, vieillards, les forces arm\u00e9es isra\u00e9liennes se comportent comme\u00a0<strong>une arm\u00e9e de voyous meurtriers de la pire esp\u00e8ce<\/strong>. On est tr\u00e8s tr\u00e8s loin de la mani\u00e8re de faire la guerre des forces arm\u00e9es russes en Ukraine : beaucoup plus professionnelles, \u00e9pargnant les populations civiles autant que faire se peut. Le simple examen comparatif des bilans humains des pertes civiles est effarant. Un petit commentaire de nos sayanim favoris serait le bienvenu.<\/p>\n<p><strong>Tsahal a toujours \u00e9t\u00e9 et reste l\u2019arm\u00e9e la plus immorale du monde. (1057 docteurs et personnels m\u00e9dicaux ont \u00e9t\u00e9 tu\u00e9s \u00e0 Gaza depuis le 7 octobre 2023).<\/strong>\u00a0L\u2019\u00e9normit\u00e9 de ce chiffre montre qu\u2019<strong>ils \u00e9taient volontairement vis\u00e9s pour accro\u00eetre les pertes indirectes<\/strong>.<\/p>\n<p>Selon\u00a0<em>Al-Jazeera<\/em>,\u00a0<strong>222 journalistes<\/strong>\u00a0ont \u00e9t\u00e9 tu\u00e9s en Palestine depuis le 7 octobre 2023.\u00a0<strong>Cette guerre est, de loin, la plus meurtri\u00e8re de notre si\u00e8cle pour les journalistes<\/strong>\u00a0qui sont abattus d\u00e9lib\u00e9r\u00e9ment.<\/p>\n<p><a target=\"_blank\" href=\"https:\/\/reseauinternational.net\/author\/delawarde\/\">G\u00e9n\u00e9ral Dominique Delawarde<\/a><\/p>\n<div class=\"sharedaddy sd-block sd-like jetpack-likes-widget-wrapper jetpack-likes-widget-unloaded\" id=\"like-post-wrapper-237719536-445405-67becc3da4446\" data-src=\"https:\/\/widgets.wp.com\/likes\/?ver=14.2.1#blog_id=237719536&amp;post_id=445405&amp;origin=reseauinternational.net&amp;obj_id=237719536-445405-67becc3da4446&amp;n=1\" data-name=\"like-post-frame-237719536-445405-67becc3da4446\" data-title=\"Aimer ou rebloguer\">\n<h3 class=\"sd-title\">J\u2019aime \u00e7a\u00a0:<\/h3>\n<p><span class=\"button\"><span>J\u2019aime<\/span><\/span> <span class=\"loading\">chargement\u2026<\/span><\/p>\n<p><span class=\"sd-text-color\"\/><a target=\"_blank\" class=\"sd-link-color\"\/><\/div>\n<p><meta itemscope=\"\" itemprop=\"mainEntityOfPage\" itemtype=\"https:\/\/schema.org\/WebPage\" itemid=\"https:\/\/reseauinternational.net\/proche-et-moyen-orient-bilan-au-25-fevrier-2025\/\"\/><meta itemprop=\"headline\" content=\"Proche et Moyen-Orient : Bilan au 25 f\u00e9vrier 2025\"\/><span style=\"display: none;\" itemprop=\"author\" itemscope=\"\" itemtype=\"https:\/\/schema.org\/Person\"><meta itemprop=\"name\" content=\"G\u00e9n\u00e9ral Dominique Delawarde\"\/><\/span><span style=\"display: none;\" itemprop=\"image\" itemscope=\"\" itemtype=\"https:\/\/schema.org\/ImageObject\"><meta itemprop=\"url\" content=\"https:\/\/i0.wp.com\/reseauinternational.net\/wp-content\/uploads\/2025\/02\/Sans-titre-11-15.png?fit=800%2C467&amp;quality=100&amp;ssl=1\"\/><meta itemprop=\"width\" content=\"800\"\/><meta itemprop=\"height\" content=\"467\"\/><\/span><span style=\"display: none;\" itemprop=\"publisher\" itemscope=\"\" itemtype=\"https:\/\/schema.org\/Organization\"><span style=\"display: none;\" itemprop=\"logo\" itemscope=\"\" itemtype=\"https:\/\/schema.org\/ImageObject\"><meta itemprop=\"url\" content=\"https:\/\/reseauinternational.net\/wp-content\/uploads\/2022\/06\/Capture-de\u0301cran-2022-06-14-a\u0300-16.51.07.png\"\/><\/span><meta itemprop=\"name\" content=\"G\u00e9n\u00e9ral Dominique Delawarde\"\/><\/span><meta itemprop=\"datePublished\" content=\"2025-02-26T09:08:53+00:00\"\/><meta itemprop=\"dateModified\" content=\"2025-02-26T09:09:25+00:00\"\/><\/div>\n<p><br \/>\n<br \/><a href=\"https:\/\/reseauinternational.net\/proche-et-moyen-orient-bilan-au-25-fevrier-2025\/\" target=\"_blank\"\">Source link <\/a><\/p>\n","protected":false},"excerpt":{"rendered":"<p>Soutenez R\u00e9seau International. Chers amis lecteurs, C\u2019est gr\u00e2ce \u00e0 vos dons que nous pouvons garder notre ind\u00e9pendance et\u00a0 vous fournir le meilleur de l\u2019information internationale alternative. Votre soutien nous est&hellip; <\/p>\n","protected":false},"author":1,"featured_media":3373,"comment_status":"open","ping_status":"open","sticky":false,"template":"","format":"standard","meta":{"footnotes":""},"categories":[1],"tags":[],"class_list":["post-3372","post","type-post","status-publish","format-standard","has-post-thumbnail","hentry","category-non-classe"],"_links":{"self":[{"href":"https:\/\/monde25.info\/index.php\/wp-json\/wp\/v2\/posts\/3372","targetHints":{"allow":["GET"]}}],"collection":[{"href":"https:\/\/monde25.info\/index.php\/wp-json\/wp\/v2\/posts"}],"about":[{"href":"https:\/\/monde25.info\/index.php\/wp-json\/wp\/v2\/types\/post"}],"author":[{"embeddable":true,"href":"https:\/\/monde25.info\/index.php\/wp-json\/wp\/v2\/users\/1"}],"replies":[{"embeddable":true,"href":"https:\/\/monde25.info\/index.php\/wp-json\/wp\/v2\/comments?post=3372"}],"version-history":[{"count":0,"href":"https:\/\/monde25.info\/index.php\/wp-json\/wp\/v2\/posts\/3372\/revisions"}],"wp:featuredmedia":[{"embeddable":true,"href":"https:\/\/monde25.info\/index.php\/wp-json\/wp\/v2\/media\/3373"}],"wp:attachment":[{"href":"https:\/\/monde25.info\/index.php\/wp-json\/wp\/v2\/media?parent=3372"}],"wp:term":[{"taxonomy":"category","embeddable":true,"href":"https:\/\/monde25.info\/index.php\/wp-json\/wp\/v2\/categories?post=3372"},{"taxonomy":"post_tag","embeddable":true,"href":"https:\/\/monde25.info\/index.php\/wp-json\/wp\/v2\/tags?post=3372"}],"curies":[{"name":"wp","href":"https:\/\/api.w.org\/{rel}","templated":true}]}}