{"id":3384,"date":"2025-02-26T13:07:45","date_gmt":"2025-02-26T12:07:45","guid":{"rendered":"https:\/\/monde25.info\/index.php\/2025\/02\/26\/5-ans-apres-la-verite-bistro-libertes-enfant-de-la-societe-sott-net\/"},"modified":"2025-02-26T13:07:45","modified_gmt":"2025-02-26T12:07:45","slug":"5-ans-apres-la-verite-bistro-libertes-enfant-de-la-societe-sott-net","status":"publish","type":"post","link":"https:\/\/monde25.info\/index.php\/2025\/02\/26\/5-ans-apres-la-verite-bistro-libertes-enfant-de-la-societe-sott-net\/","title":{"rendered":"5 ans apr\u00e8s, la v\u00e9rit\u00e9 (bistro-libert\u00e9s) \u2014 Enfant de la Soci\u00e9t\u00e9 \u2014 Sott.net"},"content":{"rendered":"<p> <br \/>\n<\/p>\n<div id=\"article-44248\">\n<div class=\"article-header\">\n<div class=\"article-icon\">\n        <img decoding=\"async\" src=\"https:\/\/fr.sott.net\/images\/icons\/display.png\" title=\"Display\" alt=\"Display\"\/>\n      <\/div>\n<div class=\"article-info\">\n<div class=\"m-bar\">Jean-Dominique Michel<br \/><em><a target=\"_blank\" href=\"https:\/\/www.youtube.com\/watch?v=M9tF35PjumE\" target=\"_blank\">YouTube<\/a><\/em><br \/>mer., 26 f\u00e9v. 2025 04:43 UTC<\/div>\n<\/p><\/div>\n<\/p><\/div>\n<div class=\"article-body\">\n<div class=\"article-image-super to-center\"><a target=\"_blank\" href=\"https:\/\/fr.sott.net\/image\/s36\/723842\/full\/maxresdefault_10_.jpg\" target=\"_blank\"><img decoding=\"async\" src=\"https:\/\/fr.sott.net\/image\/s36\/723842\/super\/maxresdefault_10_.jpg\" alt=\"jhgf\" title=\"Cliquer pour agrandir\"\/><\/a><\/div>\n<p>Retour sur la r\u00e9cente \u00e9mission de TV Libert\u00e9s au sujet du bilan de la gestion du Covid, en excellente compagnie ! Tous les fils de la traumatisation collective (r\u00e9ussie h\u00e9las) remontent \u00e0 cette fausse crise sanitaire et aux proc\u00e9d\u00e9s d&rsquo;ing\u00e9nierie sociale employ\u00e9s par nos gouvernements dans le cadre des crimes et du terrorisme d&rsquo;\u00e9tat contre leurs populations&#8230;<\/p>\n<p><iframe loading=\"lazy\" title=\"Covid : 5 ans apr\u00e8s, la v\u00e9rit\u00e9 (bistro-libert\u00e9s)\" width=\"1110\" height=\"624\" src=\"https:\/\/www.youtube.com\/embed\/M9tF35PjumE?feature=oembed\" frameborder=\"0\" allow=\"accelerometer; autoplay; clipboard-write; encrypted-media; gyroscope; picture-in-picture; web-share\" referrerpolicy=\"strict-origin-when-cross-origin\" allowfullscreen><\/iframe><\/p>\n<\/p><\/div>\n<\/p><\/div>\n<p><br \/>\n<br \/><a href=\"https:\/\/fr.sott.net\/article\/44248-Covid-5-ans-apres-la-verite-bistro-libertes\" target=\"_blank\"\">Source link <\/a><\/p>\n","protected":false},"excerpt":{"rendered":"<p>Jean-Dominique MichelYouTubemer., 26 f\u00e9v. 2025 04:43 UTC Retour sur la r\u00e9cente \u00e9mission de TV Libert\u00e9s au sujet du bilan de la gestion du Covid, en excellente compagnie ! Tous les&hellip; <\/p>\n","protected":false},"author":1,"featured_media":3385,"comment_status":"open","ping_status":"open","sticky":false,"template":"","format":"standard","meta":{"footnotes":""},"categories":[1],"tags":[],"class_list":["post-3384","post","type-post","status-publish","format-standard","has-post-thumbnail","hentry","category-non-classe"],"_links":{"self":[{"href":"https:\/\/monde25.info\/index.php\/wp-json\/wp\/v2\/posts\/3384","targetHints":{"allow":["GET"]}}],"collection":[{"href":"https:\/\/monde25.info\/index.php\/wp-json\/wp\/v2\/posts"}],"about":[{"href":"https:\/\/monde25.info\/index.php\/wp-json\/wp\/v2\/types\/post"}],"author":[{"embeddable":true,"href":"https:\/\/monde25.info\/index.php\/wp-json\/wp\/v2\/users\/1"}],"replies":[{"embeddable":true,"href":"https:\/\/monde25.info\/index.php\/wp-json\/wp\/v2\/comments?post=3384"}],"version-history":[{"count":0,"href":"https:\/\/monde25.info\/index.php\/wp-json\/wp\/v2\/posts\/3384\/revisions"}],"wp:featuredmedia":[{"embeddable":true,"href":"https:\/\/monde25.info\/index.php\/wp-json\/wp\/v2\/media\/3385"}],"wp:attachment":[{"href":"https:\/\/monde25.info\/index.php\/wp-json\/wp\/v2\/media?parent=3384"}],"wp:term":[{"taxonomy":"category","embeddable":true,"href":"https:\/\/monde25.info\/index.php\/wp-json\/wp\/v2\/categories?post=3384"},{"taxonomy":"post_tag","embeddable":true,"href":"https:\/\/monde25.info\/index.php\/wp-json\/wp\/v2\/tags?post=3384"}],"curies":[{"name":"wp","href":"https:\/\/api.w.org\/{rel}","templated":true}]}}