{"id":3386,"date":"2025-02-26T14:47:28","date_gmt":"2025-02-26T13:47:28","guid":{"rendered":"https:\/\/monde25.info\/index.php\/2025\/02\/26\/les-elevages-perturbes-par-les-installations-electriques-un-mystere-scientifique\/"},"modified":"2025-02-26T14:47:28","modified_gmt":"2025-02-26T13:47:28","slug":"les-elevages-perturbes-par-les-installations-electriques-un-mystere-scientifique","status":"publish","type":"post","link":"https:\/\/monde25.info\/index.php\/2025\/02\/26\/les-elevages-perturbes-par-les-installations-electriques-un-mystere-scientifique\/","title":{"rendered":"Les \u00e9levages perturb\u00e9s par les installations \u00e9lectriques\u00a0? Un myst\u00e8re scientifique"},"content":{"rendered":"<p> <br \/>\n<\/p>\n<div>\n<p>Cela dure depuis des d\u00e9cennies \u2014\u00a0au moins depuis les ann\u00e9es 1990 <a target=\"_blank\" href=\"https:\/\/agriculture.gouv.fr\/caracterisation-de-limpact-sur-les-activites-delevage-des-antennes-telephoniques-installations-0\" class=\"spip_out\" rel=\"external\">d\u2019apr\u00e8s le minist\u00e8re de l\u2019Agriculture<\/a>. Des centaines d\u2019\u00e9leveurs \u00e0 travers la France ont vu un jour la sant\u00e9 de leurs troupeaux se d\u00e9grader soudainement, juste apr\u00e8s l\u2019installation d\u2019\u00e9quipements \u00e9lectriques \u00e0 proximit\u00e9 de leur ferme\u00a0: lignes \u00e0 haute tension (<span class=\"caps\">LHT<\/span>), antennes relais et, plus r\u00e9cemment, \u00e9oliennes. Les champs \u00e9lectromagn\u00e9tiques et courants \u00e9lectriques parasites g\u00e9n\u00e9r\u00e9s par ces appareils seraient, selon eux, \u00e0 l\u2019origine de la d\u00e9tresse de leurs animaux.<\/p>\n<p>Pertes d\u2019app\u00e9tit, infections, comportements apeur\u00e9s, baisse de production laiti\u00e8re, voire mortalit\u00e9 accrue\u00a0: la souffrance des animaux d\u2019\u00e9levage \u2014\u00a0principalement les vaches laiti\u00e8res\u00a0\u2014 est le seul fait qui ne suscite aucune contestation. Comprendre la cause de ce ph\u00e9nom\u00e8ne, c\u2019est une autre histoire.<\/p>\n<div class=\"spip_document_88988 spip_document spip_documents spip_document_image spip_documents_center spip_document_center spip_document_avec_legende\" data-legende-len=\"220\" data-legende-lenx=\"xxx\">\n<figure class=\"spip_doc_inner\">\n      <picture>\n<p>        <img decoding=\"async\" src=\"https:\/\/reporterre.net\/IMG\/jpg\/steakoaselectrique.jpg\" width=\"530\" height=\"800\" loading=\"lazy\" alt=\"\"\/>\n    <\/picture><figcaption class=\"spip_doc_legende\">\n<div class=\"spip_doc_titre\">\u00ab<small class=\"fine d-inline\">\u00a0<\/small><small class=\"fine d-inline\">\u00a0<\/small>Un humain \u00e9lectrosensible peut verbaliser son mal-\u00eatre, ce qui ne pourrait pas \u00eatre le cas de l\u2019animal qui ne comprend de plus pas ce qui lui arrive<small class=\"fine d-inline\">\u00a0<\/small><small class=\"fine d-inline\">\u00a0<\/small>\u00bb, dit Anne Boudon, chercheuse \u00e0 l\u2019Inrae.<br \/>\n<i>Asiia Zaitseva \/ <a target=\"_blank\" href=\"https:\/\/unsplash.com\/fr\/photos\/une-vache-brune-debout-au-sommet-dun-champ-verdoyant-bWkKTMsSdbI\" class=\"spip_out\" rel=\"external\">Unsplash<\/a><br \/>\n<\/i><\/div>\n<\/figcaption><\/figure>\n<\/p><\/div>\n<p>Apr\u00e8s une trentaine d\u2019ann\u00e9es de controverses, la science s\u2019av\u00e8re \u00eatre toujours incapable de trancher. <i>\u00ab<small class=\"fine d-inline\">\u00a0<\/small>Il reste difficile de se prononcer quant aux effets sanitaires directs des <span class=\"caps\">CEM<\/span>&#8211;<span class=\"caps\">EBF<\/span> [champs \u00e9lectromagn\u00e9tiques d\u2019extr\u00eamement basse fr\u00e9quence] sur les animaux d\u2019\u00e9levage, ceci d\u2019autant plus que les m\u00e9canismes d\u2019action des <span class=\"caps\">CEM<\/span>&#8211;<span class=\"caps\">EBF<\/span> ne sont pas encore identifi\u00e9s<small class=\"fine d-inline\">\u00a0<\/small>\u00bb<\/i>, concluait en 2015 <a target=\"_blank\" href=\"https:\/\/www.anses.fr\/fr\/system\/files\/SANT2013sa0037Ra.pdf\" class=\"spip_out\" rel=\"external\">un rapport d\u2019expertise de l\u2019Anses<\/a>. Qui indiquait, de m\u00eame, que l\u2019effet des courants parasites <i>\u00ab<small class=\"fine d-inline\">\u00a0<\/small>reste mal connu<small class=\"fine d-inline\">\u00a0<\/small>\u00bb<\/i>.<\/p>\n<p>Depuis, la m\u00eame conclusion revient sans cesse\u00a0: il faut <i>\u00ab<small class=\"fine d-inline\">\u00a0<\/small>financer la recherche<small class=\"fine d-inline\">\u00a0<\/small>\u00bb<\/i>, disait <a target=\"_blank\" href=\"https:\/\/www.senat.fr\/rap\/r20-487\/r20-487_mono.html#toc8\" class=\"spip_out\" rel=\"external\">un rapport de l\u2019<span class=\"caps\">OPECST<\/span><\/a> (Office parlementaire d\u2019\u00e9valuation des choix scientifiques et technologiques) en 2021. <i>\u00ab<small class=\"fine d-inline\">\u00a0<\/small>La recherche est d\u00e9sarm\u00e9e<small class=\"fine d-inline\">\u00a0<\/small>\u00bb<\/i>, s\u2019\u00e9mouvait encore <a target=\"_blank\" href=\"https:\/\/agriculture.gouv.fr\/caracterisation-de-limpact-sur-les-activites-delevage-des-antennes-telephoniques-installations-0\" class=\"spip_out\" rel=\"external\">un rapport d\u2019enqu\u00eate<\/a> publi\u00e9 par le minist\u00e8re de l\u2019Agriculture en 2023.<\/p>\n<p><i>\u00ab<small class=\"fine d-inline\">\u00a0<\/small>\u00c0 ce jour, la question reste quasiment vierge d\u2019\u00e9tudes scientifiques rigoureuses et de r\u00e9sultats d\u00e9bouchant sur des liens de causalit\u00e9 entre infrastructures \u00e9lectriques collectives et sant\u00e9 des \u00e9levages<small class=\"fine d-inline\">\u00a0<\/small>\u00bb<\/i>, <a target=\"_blank\" href=\"https:\/\/www.inrae.fr\/actualites\/champs-electromagnetiques-courants-parasites-que-sait-leurs-effets-animaux-delevage\" class=\"spip_out\" rel=\"external\">r\u00e9sume l\u2019Inrae sur son site<\/a>.<\/p>\n<h2 class=\"spip\">Courants parasites<\/h2>\n<p>Certains \u00e9l\u00e9ments sont tout de m\u00eame bien av\u00e9r\u00e9s. D\u2019abord, les ph\u00e9nom\u00e8nes \u00e9lectriques non d\u00e9sir\u00e9s \u2014\u00a0ce qu\u2019on appelle les courants parasites\u00a0\u2014 sont bien r\u00e9els, et peuvent \u00eatre provoqu\u00e9s par des <span class=\"caps\">LHT<\/span> ou des \u00e9oliennes, <a target=\"_blank\" href=\"https:\/\/www.gpse.fr\/IMG\/pdf\/gpse_2019_courants_electriques_parasites_en_elevage-2.pdf\" class=\"spip_out\" rel=\"external\">comme l\u2019explique le <span class=\"caps\">GPSE<\/span><\/a> (Groupe permanent pour la s\u00e9curit\u00e9 \u00e9lectrique en milieu agricole).<\/p>\n<p>Ces ph\u00e9nom\u00e8nes peuvent se produire de deux mani\u00e8res. Premi\u00e8rement, par induction\u00a0: la simple pr\u00e9sence d\u2019un champ \u00e9lectrique ou d\u2019un champ magn\u00e9tique, g\u00e9n\u00e9r\u00e9 par une ligne \u00e9lectrique, peut cr\u00e9er un courant dans un mat\u00e9riau conducteur situ\u00e9e \u00e0 proximit\u00e9, un abreuvoir m\u00e9tallique par exemple.<\/p>\n<p>Deuxi\u00e8mement, via la prise de terre\u00a0: celle-ci est une s\u00e9curit\u00e9 qui permet d\u2019\u00e9vacuer le courant dans le sol en cas de d\u00e9faut dans toute installation \u00e9lectrique. Mais cela peut cr\u00e9er un courant vagabond dans le sol, voire interagir avec les prises de terre d\u2019autres appareils dans une ferme \u00e0 proximit\u00e9. Autrement dit, ce courant \u00e9vacu\u00e9 dans le sol peut revenir toucher des animaux \u00e0 proximit\u00e9.<\/p>\n<div class=\"spip_document_89002 spip_document spip_documents spip_document_image spip_documents_center spip_document_center spip_document_avec_legende\" data-legende-len=\"92\" data-legende-lenx=\"xx\">\n<figure class=\"spip_doc_inner\">\n      <picture><source type=\"image\/webp\" srcset=\"https:\/\/reporterre.net\/local\/cache-vignettes\/L711xH896\/reporterre-2025_courants_parasites-b03bc.png@.webp?1740558345\"><img decoding=\"async\" src=\"https:\/\/reporterre.net\/IMG\/png\/reporterre-2025_courants_parasites.png\" width=\"711\" height=\"896\" loading=\"lazy\" alt=\"\"\/><br \/>\n    <\/source><\/picture><figcaption class=\"spip_doc_legende\">\n<p>Deux sources possibles de courants parasites dans les champs.<br \/>\n<i>\u00a9 Antoine Dagan \/ Reporterre<br \/>\n<\/i><\/p>\n<\/figcaption><\/figure>\n<\/p><\/div>\n<p>Les vaches sont particuli\u00e8rement vuln\u00e9rables \u00e0 ces courants parasites. De par la nature de leurs tissus et leur morphologie, leur corps est beaucoup moins r\u00e9sistant que d\u2019autres esp\u00e8ces aux courants \u00e9lectriques\u00a0: cette r\u00e9sistance (en ohms) pour les bovins est <a target=\"_blank\" href=\"https:\/\/productions-animales.org\/article\/view\/3355\/10858\" class=\"spip_out\" rel=\"external\">estim\u00e9e \u00e0 plusieurs dizaines de fois moindre<\/a> que celle des volailles, et jusqu\u2019\u00e0 dix fois moindre que celle des humains.<\/p>\n<p>Une vache qui s\u2019abreuve peut ainsi facilement \u00eatre travers\u00e9e par un courant parasite pr\u00e9sent dans l\u2019abreuvoir. Et m\u00eame sans contact avec une surface conductrice, un courant parasite pr\u00e9sent dans le sol peut passer entre les pattes de l\u2019animal, cr\u00e9ant ce que l\u2019on nomme une <i><a target=\"_blank\" href=\"https:\/\/fr.wikipedia.org\/wiki\/%C3%89l%C3%A9vation_du_potentiel_de_terre#cite_ref-apf_1-0\" class=\"spip_out\" rel=\"external\">\u00ab<small class=\"fine d-inline\">\u00a0<\/small>tension de pas<small class=\"fine d-inline\">\u00a0<\/small>\u00bb<\/a><\/i>.<\/p>\n<div class=\"spip_document_89003 spip_document spip_documents spip_document_image spip_documents_center spip_document_center spip_document_avec_legende\" data-legende-len=\"75\" data-legende-lenx=\"xx\">\n<figure class=\"spip_doc_inner\">\n      <picture><source type=\"image\/webp\" srcset=\"https:\/\/reporterre.net\/local\/cache-vignettes\/L711xH896\/reporterre-2025_courant_de_pas-9808a.png@.webp?1740558531\"><img decoding=\"async\" src=\"https:\/\/reporterre.net\/IMG\/png\/reporterre-2025_courant_de_pas.png\" width=\"711\" height=\"896\" loading=\"lazy\" alt=\"\"\/><br \/>\n    <\/source><\/picture><figcaption class=\"spip_doc_legende\">\n<p>Vaches affect\u00e9es par des courants parasites.<br \/>\n<i>\u00a9 Antoine Dagan \/ Reporterre<br \/>\n<\/i><\/p>\n<\/figcaption><\/figure>\n<\/p><\/div>\n<p>Si l\u2019existence de ces ph\u00e9nom\u00e8nes ne fait pas d\u00e9bat, toute la difficult\u00e9 consiste \u00e0 en identifier l\u2019origine. <i>\u00ab<small class=\"fine d-inline\">\u00a0<\/small>Il peut y avoir beaucoup de courants de fuite sur une installation agricole, c\u2019est-\u00e0-dire provoqu\u00e9s par des appareils \u00e9lectriques mal reli\u00e9s \u00e0 la terre. C\u2019est un probl\u00e8me multifactoriel tr\u00e8s complexe, on ne peut pas juste conclure que ces courants viennent des \u00e9oliennes lorsqu\u2019elles sont install\u00e9es pr\u00e8s de la ferme. D\u2019autant que dans la vaste majorit\u00e9 des cas, les fermes \u00e0 proximit\u00e9 d\u2019\u00e9oliennes n\u2019ont pas de probl\u00e8me<small class=\"fine d-inline\">\u00a0<\/small>\u00bb<\/i>, pointe Anne Boudon, chercheuse \u00e0 l\u2019Inrae, qui travaille sur ces courants parasites.<\/p>\n<blockquote class=\"spip\">\n<p>\u00ab<small class=\"fine d-inline\">\u00a0<\/small>Il n\u2019y a jamais deux fermes identiques<small class=\"fine d-inline\">\u00a0<\/small>\u00bb<\/p>\n<\/blockquote>\n<p>Ces arguments sont tr\u00e8s frustrants \u00e0 entendre pour les agriculteurs qui <a target=\"_blank\" href=\"https:\/\/reporterre.net\/Eolien-lignes-haute-tension-des-eleveurs-desempares-face-a-leurs-troupeaux-malades\" class=\"spip_in\">t\u00e9moignent parfois d\u2019une corr\u00e9lation forte<\/a> entre les moments o\u00f9 les \u00e9oliennes fonctionnent et le mal-\u00eatre de leurs animaux. Mais en l\u2019absence de donn\u00e9es statistiquement significatives, ces suspicions, aussi l\u00e9gitimes soient-elles, ne permettent pas aux chercheurs de transformer ces corr\u00e9lations en liens de causalit\u00e9. Notamment parce que la diversit\u00e9 des situations, en conditions r\u00e9elles, rend les comparaisons quasi impossibles.<\/p>\n<p><i>\u00ab<small class=\"fine d-inline\">\u00a0<\/small>Il n\u2019y a jamais deux fermes identiques. M\u00eame si elles sont \u00e0 la m\u00eame distance d\u2019une \u00e9olienne, il faut regarder o\u00f9 passe la ligne haute tension enterr\u00e9e, prendre en compte la nature du sol, son taux d\u2019humidit\u00e9, la pr\u00e9sence potentielle d\u2019une rivi\u00e8re souterraine, tr\u00e8s conductrice pour l\u2019\u00e9lectricit\u00e9<small class=\"fine d-inline\">\u00a0<\/small>\u00bb<\/i>, liste Bruno Beillard, ma\u00eetre de conf\u00e9rence \u00e0 l\u2019universit\u00e9 de Limoges et fondateur d\u2019une entreprise d\u2019expertise aupr\u00e8s des agriculteurs sur ces enjeux.<\/p>\n<p>Autre source d\u2019incertitude\u00a0: les fr\u00e9quences \u00e9lectriques des courants que l\u2019on retrouve dans une ferme sont de plus en plus nombreuses, sans que l\u2019on sache identifier ni leur provenance ni la sensibilit\u00e9 des bovins \u00e0 chacune de ces fr\u00e9quences.<\/p>\n<p><i>\u00ab<small class=\"fine d-inline\">\u00a0<\/small>Le r\u00e9seau fran\u00e7ais est \u00e0 50\u00a0hertz (Hz) mais on mesure tous types de fr\u00e9quences, de 0\u00a0Hz \u00e0 2\u00a0kHz. Suivant la vitesse du vent, les p\u00e2les d\u2019une \u00e9olienne vont g\u00e9n\u00e9rer une fr\u00e9quence variable. Ensuite, le convertisseur passe tout \u00e7a en courant continu, puis le transformateur le repasse en 50\u00a0Hz pour le connecter au r\u00e9seau. Et tous ces courants peuvent g\u00e9n\u00e9rer diff\u00e9rents champs \u00e9lectromagn\u00e9tiques<small class=\"fine d-inline\">\u00a0<\/small>\u00bb<\/i>, dit encore Bruno Beillard.<\/p>\n<h2 class=\"spip\">Donn\u00e9es manquantes<\/h2>\n<p>Malgr\u00e9 quelques \u00e9tudes isol\u00e9es, la m\u00eame conclusion revient\u00a0sans cesse\u00a0: on manque de donn\u00e9es pour savoir si, quand et comment ces installations \u00e9lectriques ext\u00e9rieures aux fermes nuisent aux animaux.<\/p>\n<p>Pourquoi la science patine-t-elle autant sur le sujet<small class=\"fine d-inline\">\u00a0<\/small>? <i>\u00ab<small class=\"fine d-inline\">\u00a0<\/small>La recherche a des moyens limit\u00e9s et l\u2019attention s\u2019est d\u2019abord focalis\u00e9e sur l\u2019effet de ces ondes sur la sant\u00e9 humaine. Il faut de plus r\u00e9unir des sp\u00e9cialistes de domaines tr\u00e8s diff\u00e9rents, ce qui est compliqu\u00e9\u00a0: des physiciens des ondes aux biologistes et \u00e9pid\u00e9miologistes<small class=\"fine d-inline\">\u00a0<\/small>\u00bb<\/i>, r\u00e9pond Olivier Merckel, chef de l\u2019unit\u00e9 d\u2019\u00e9valuation des risques li\u00e9s aux agents physiques \u00e0 l\u2019Agence nationale de s\u00e9curit\u00e9 sanitaire de l\u2019alimentation, de l\u2019environnement et du travail (Anses).<\/p>\n<p>La recherche devrait tout de m\u00eame bient\u00f4t apporter de nouvelles r\u00e9ponses\u00a0: depuis 2022, un groupe de travail interdisciplinaire <a target=\"_blank\" href=\"https:\/\/www.inrae.fr\/actualites\/champs-electromagnetiques-courants-parasites-que-sait-leurs-effets-animaux-delevage\" class=\"spip_out\" rel=\"external\">est coordonn\u00e9 en France par l\u2019Inrae<\/a>. Le projet AgroE2 (Agronomie et \u00c9nergie respectueuse de l\u2019Environnement), lanc\u00e9 en 2024 et financ\u00e9 par l\u2019Ademe, doit notamment mesurer en conditions contr\u00f4l\u00e9es l\u2019effet des courants g\u00e9n\u00e9r\u00e9s par les \u00e9oliennes sur les bovins. Les r\u00e9sultats sont attendus pour 2027.<\/p>\n<div class=\"spip_document_88987 spip_document spip_documents spip_document_image spip_documents_center spip_document_center spip_document_avec_legende\" data-legende-len=\"220\" data-legende-lenx=\"xxx\">\n<figure class=\"spip_doc_inner\">\n      <picture>\n<p>        <img decoding=\"async\" src=\"https:\/\/reporterre.net\/IMG\/jpg\/tondeusebiologique.jpg\" width=\"602\" height=\"800\" loading=\"lazy\" alt=\"\"\/>\n    <\/picture><figcaption class=\"spip_doc_legende\">\n<div class=\"spip_doc_titre\">La r\u00e9alisation d\u2019\u00e9tudes sur le sujet est d\u2019autant plus compliqu\u00e9e qu\u2019elle doit r\u00e9unir des sp\u00e9cialistes de domaines diff\u00e9rents\u00a0: physiciens des ondes, biologistes, et \u00e9pid\u00e9miologistes notamment.<br \/>\n<i>Lesin Abdulla \/ <a target=\"_blank\" href=\"https:\/\/unsplash.com\/fr\/photos\/une-vache-paissant-dans-un-champ-avec-des-lignes-electriques-en-arriere-plan-9tOZTOGZOaQ\" class=\"spip_out\" rel=\"external\">Unsplash<\/a><br \/>\n<\/i><\/div>\n<\/figcaption><\/figure>\n<\/p><\/div>\n<p>Cet effort interdisciplinaire in\u00e9dit ne pourra toutefois pas r\u00e9pondre \u00e0 tout. Quid, par exemple, des effets des champs \u00e9lectromagn\u00e9tiques autres que ces courants parasites, <a target=\"_blank\" href=\"https:\/\/reporterre.net\/Mon-cerveau-brulait-le-combat-d-un-homme-hyper-sensible-aux-ondes-face-a-l-Etat\">comme l\u2019hypersensibilit\u00e9 \u00e9lectromagn\u00e9tique<\/a> dont <a target=\"_blank\" href=\"https:\/\/www.anses.fr\/fr\/system\/files\/AP2011SA0150Ra.pdf\" class=\"spip_out\" rel=\"external\">l\u2019Anses reconna\u00eet la r\u00e9alit\u00e9 des sympt\u00f4mes<\/a> chez les humains, sans en comprendre la cause<small class=\"fine d-inline\">\u00a0<\/small>?<\/p>\n<p><i>\u00ab<small class=\"fine d-inline\">\u00a0<\/small>Un humain \u00e9lectrosensible peut verbaliser son mal-\u00eatre, ce qui ne pourrait pas \u00eatre le cas de l\u2019animal qui ne comprend de plus pas ce qui lui arrive. Bien d\u00e9finir ce qui, dans le comportement des animaux, peut \u00eatre li\u00e9 \u00e0 ces ph\u00e9nom\u00e8nes \u00e9lectromagn\u00e9tiques, est une difficult\u00e9 majeure<small class=\"fine d-inline\">\u00a0<\/small>\u00bb<\/i>, reconna\u00eet Anne Boudon, qui participe \u00e0 AgroE2 avec l\u2019Inrae.<\/p>\n<p><a target=\"_blank\" href=\"https:\/\/reporterre.net\/Eolien-lignes-haute-tension-des-eleveurs-desempares-face-a-leurs-troupeaux-malades\" class=\"lien_lireaussi\"><strong>Lire aussi : <\/strong> <span>\u00c9olien, lignes haute tension\u00a0: des \u00e9leveurs d\u00e9sempar\u00e9s face \u00e0 leurs troupeaux malades<\/span><\/a><\/p>\n<p><i>\u00ab<small class=\"fine d-inline\">\u00a0<\/small>Sur les effets directs potentiels des ondes basse fr\u00e9quence, au-del\u00e0 des courants parasites induits, on n\u2019a pas d\u2019\u00e9tudes robustes suffisantes<\/i>, abonde Olivier Merckel. <i>Quand des tissus vivants sont expos\u00e9s \u00e0 ces ondes, des charges \u00e9lectriques vont s\u2019accumuler et peuvent g\u00e9n\u00e9rer de petits courants, qui peuvent entrer en interaction avec les courants \u00e9lectriques du corps. Des \u00e9tudes montrent \u00e0 l\u2019\u00e9chelle cellulaire que l\u2019exposition \u00e0 ces ondes peut g\u00e9n\u00e9rer du stress oxydant. Mais c\u2019est aussi le cas lorsqu\u2019on s\u2019expose au soleil, par exemple. Toute la question est de savoir si ces expositions d\u00e9passent ou non ce que le corps peut supporter.<small class=\"fine d-inline\">\u00a0<\/small>\u00bb<\/i><\/p>\n<p>Lente, prudente et rigoureuse, la science avance mais ne pourra jamais pr\u00e9tendre \u00e0 l\u2019exhaustivit\u00e9. D\u00e9cider du degr\u00e9 de risque et d\u2019incertitudes acceptables ne pourra, <i>in fine<\/i>, n\u2019\u00eatre qu\u2019un choix de soci\u00e9t\u00e9. Le 28\u00a0octobre 2024, la cour d\u2019appel de Caen <a target=\"_blank\" href=\"https:\/\/www.ouest-france.fr\/economie\/agriculture\/ligne-tht-444-000-euros-pour-une-ferme-laitiere-37da186c-960a-11ef-9921-e056d0673e10\" class=\"spip_out\" rel=\"external\">a condamn\u00e9 le R\u00e9seau de transport d\u2019\u00e9lectricit\u00e9<\/a> \u00e0 indemniser un \u00e9leveur normand, apr\u00e8s avoir estim\u00e9 que le lien \u00e9tait suffisamment av\u00e9r\u00e9 entre les sympt\u00f4mes de ses bovins et la pr\u00e9sence d\u2019une ligne \u00e0 tr\u00e8s haute tension.<\/p>\n<aside class=\"boite_encarts\">\n<div class=\"encart encart_gris noprint\">\n<p><strong>Puisque vous \u00eates l\u00e0&#8230;<\/strong><\/p>\n<p>&#8230; nous avons un petit service \u00e0 vous demander.<br class=\"autobr\"\/><br \/>\nEntre la pr\u00e9sence d\u2019un climatosceptique \u00e0 la t\u00eate de la premi\u00e8re puissance mondiale, un gouvernement fran\u00e7ais qui flirte avec l\u2019extr\u00eame-droite, et les catastrophes climatiques qui s\u2019enchainent&#8230; Faire vivre l\u2019\u00e9cologie dans le d\u00e9bat public est un enjeu crucial.<\/p>\n<p>Personne ne modifie ce que nous publions. Nous n\u2019avons ni actionnaire, ni propri\u00e9taire milliardaire \u2014 seulement une \u00e9quipe d\u2019irr\u00e9ductibles journalistes, pleine de d\u00e9termination.<\/p>\n<p>Nous avons la conviction que l\u2019urgence \u00e9cologique est l\u2019enjeu majeur de notre \u00e9poque. Et comme plus de 2 millions de lectrices et lecteurs chaque mois, vous partagez sans doute cette conviction&#8230;<\/p>\n<p><strong>Depuis 12 ans, nous publions des articles de qualit\u00e9 sur l\u2019\u00e9cologie, en acc\u00e8s libre et sans publicit\u00e9, pour tous.<\/strong><br class=\"autobr\"\/><br \/>\nMais ce travail demande beaucoup de temps et de ressources.<\/p>\n<p>Alors, si vous en avez les moyens, sachez qu\u2019un don, m\u00eame d\u20191\u20ac, est un acte de soutien fort pour l\u2019\u00e9cologie et le journalisme ind\u00e9pendant.<br class=\"autobr\"\/><br \/>\n(Et \u00e7a vous prendra moins de temps que la lecture de ce texte).<\/p>\n<p><strong>Si vous le pouvez, choisissez un soutien mensuel. Merci.<\/strong><\/p>\n<p><a target=\"_blank\" href=\"https:\/\/reporterre.net\/dons\" class=\"bt_soutenir\">Je soutiens <i>Reporterre<\/i><\/a><\/p>\n<\/p><\/div>\n<div class=\"encart encart_vert noprint montre_1023\">\n<div class=\"infolettre-form-container noprint\">\n<p>Abonnez-vous \u00e0 la lettre d\u2019info de Reporterre<\/p>\n<\/div><\/div>\n<\/aside>\n<aside class=\"boite_apresarticle encart_note\">\n<h4>Apr\u00e8s cet article<\/h4>\n<p>      <a target=\"_blank\" href=\"https:\/\/reporterre.net\/Eolien-lignes-haute-tension-des-eleveurs-desempares-face-a-leurs-troupeaux-malades\" class=\"lien_article\">\n      <picture class=\"vignette_gauche\"><source type=\"image\/webp\" srcset=\"https:\/\/reporterre.net\/https:\/\/reporterre.net\/local\/cache-vignettes\/L450xH300\/2024_remaudiere_eolienne_agriculture_044-74656.jpg@.webp?1740412744\"><img decoding=\"async\" src=\"https:\/\/reporterre.net\/local\/cache-vignettes\/L450xH300\/2024_remaudiere_eolienne_agriculture_044-74656.jpg?1740412744\" width=\"450\" height=\"300\" alt=\"\" class=\"marge12\" loading=\"lazy\"\/><br \/>\n<\/source><\/picture>\n<p class=\"libelle\">\n<p>          Enqu\u00eate \u2014<\/p>\n<p>      \u00c9nergie\n    <\/p>\n<p class=\"titre pol20\">\u00c9olien, lignes haute tension\u00a0: des \u00e9leveurs d\u00e9sempar\u00e9s face \u00e0 leurs troupeaux malades<\/p>\n<p>      <\/a><br \/>\n    <\/aside>\n<aside class=\"boite_complement texte\">\n<p>      <!-- zone_forum --><br \/>\n          <\/aside>\n<aside class=\"boite_lireaussi noprint\">\n<\/aside>\n<aside class=\"colonne\">\n<div class=\"article_info cache_1023 noprint\">\n<p>    <span class=\"date\">26 f\u00e9vrier 2025  \u00e0 10h12<\/span><\/p>\n<p>    <span class=\"date_modif\">Mis \u00e0 jour le 26 f\u00e9vrier 2025 \u00e0 10h31<\/span>      <\/p>\n<p class=\"duree_lecture\">\n        Dur\u00e9e de lecture : 8 minutes\n      <\/p>\n<\/p><\/div>\n<div class=\"bloc_infolettre\">\n<div class=\"infolettre-form-container noprint\">\n<p>Abonnez-vous \u00e0 la lettre d\u2019info de Reporterre<\/p>\n<\/div><\/div>\n<\/aside>\n<div id=\"galerie\">\n  <img decoding=\"async\" src=\"\" class=\"principale\" id=\"principale\"\/><\/p>\n<p id=\"legende\">legende<\/p>\n<\/div>\n<footer class=\"noprint\">\n<\/footer>\n<\/div>\n<p><br \/>\n<br \/><a href=\"https:\/\/reporterre.net\/Les-elevages-perturbes-par-les-installations-electriques-Un-mystere-scientifique\" target=\"_blank\"\">Source link <\/a><\/p>\n","protected":false},"excerpt":{"rendered":"<p>Cela dure depuis des d\u00e9cennies \u2014\u00a0au moins depuis les ann\u00e9es 1990 d\u2019apr\u00e8s le minist\u00e8re de l\u2019Agriculture. Des centaines d\u2019\u00e9leveurs \u00e0 travers la France ont vu un jour la sant\u00e9 de&hellip; <\/p>\n","protected":false},"author":1,"featured_media":3387,"comment_status":"open","ping_status":"open","sticky":false,"template":"","format":"standard","meta":{"footnotes":""},"categories":[1],"tags":[],"class_list":["post-3386","post","type-post","status-publish","format-standard","has-post-thumbnail","hentry","category-non-classe"],"_links":{"self":[{"href":"https:\/\/monde25.info\/index.php\/wp-json\/wp\/v2\/posts\/3386","targetHints":{"allow":["GET"]}}],"collection":[{"href":"https:\/\/monde25.info\/index.php\/wp-json\/wp\/v2\/posts"}],"about":[{"href":"https:\/\/monde25.info\/index.php\/wp-json\/wp\/v2\/types\/post"}],"author":[{"embeddable":true,"href":"https:\/\/monde25.info\/index.php\/wp-json\/wp\/v2\/users\/1"}],"replies":[{"embeddable":true,"href":"https:\/\/monde25.info\/index.php\/wp-json\/wp\/v2\/comments?post=3386"}],"version-history":[{"count":0,"href":"https:\/\/monde25.info\/index.php\/wp-json\/wp\/v2\/posts\/3386\/revisions"}],"wp:featuredmedia":[{"embeddable":true,"href":"https:\/\/monde25.info\/index.php\/wp-json\/wp\/v2\/media\/3387"}],"wp:attachment":[{"href":"https:\/\/monde25.info\/index.php\/wp-json\/wp\/v2\/media?parent=3386"}],"wp:term":[{"taxonomy":"category","embeddable":true,"href":"https:\/\/monde25.info\/index.php\/wp-json\/wp\/v2\/categories?post=3386"},{"taxonomy":"post_tag","embeddable":true,"href":"https:\/\/monde25.info\/index.php\/wp-json\/wp\/v2\/tags?post=3386"}],"curies":[{"name":"wp","href":"https:\/\/api.w.org\/{rel}","templated":true}]}}