{"id":3408,"date":"2025-02-26T21:56:43","date_gmt":"2025-02-26T20:56:43","guid":{"rendered":"https:\/\/monde25.info\/index.php\/2025\/02\/26\/europe-vers-un-affaiblissement-historique-des-normes-ecologiques\/"},"modified":"2025-02-26T21:56:43","modified_gmt":"2025-02-26T20:56:43","slug":"europe-vers-un-affaiblissement-historique-des-normes-ecologiques","status":"publish","type":"post","link":"https:\/\/monde25.info\/index.php\/2025\/02\/26\/europe-vers-un-affaiblissement-historique-des-normes-ecologiques\/","title":{"rendered":"Europe\u00a0: vers un \u00ab\u00a0affaiblissement historique\u00a0\u00bb des normes \u00e9cologiques\u00a0?"},"content":{"rendered":"<p> <br \/>\n<br \/><img loading=\"lazy\" decoding=\"async\" src=\"https:\/\/reporterre.net\/local\/cache-vignettes\/L700xH467\/european_union_flag__4768764591_2_-cc8c4.jpg?1740588172\" class=\"spip_logo\" width=\"700\" height=\"467\" alt=\"\" \/><\/p>\n<p>Le 26\u00a0f\u00e9vrier, la Commission europ\u00e9enne a pr\u00e9sent\u00e9 un projet de directive \u00ab<small class=\"fine d-inline\">\u00a0<\/small>Omnibus<small class=\"fine d-inline\">\u00a0<\/small>\u00bb, un ensemble de nouvelles r\u00e8gles destin\u00e9es \u00e0 all\u00e9ger les contraintes administratives pesant sur les entreprises. Sous couvert de leur \u00ab<small class=\"fine d-inline\">\u00a0<\/small>simplifier<small class=\"fine d-inline\">\u00a0<\/small>\u00bb la vie, \u00ab<small class=\"fine d-inline\">\u00a0<\/small>la Commission propose de d\u00e9manteler nombre d&rsquo;obligations en mati\u00e8re de durabilit\u00e9 et de protection des droits humains<small class=\"fine d-inline\">\u00a0<\/small>\u00bb, s&rsquo;indignent plusieurs <span class=\"caps\">ONG<\/span> et syndicats dans un communiqu\u00e9. Ils craignent un \u00ab<small class=\"fine d-inline\">\u00a0<\/small>affaiblissement historique des normes\u00a0(\u2026)<\/p>\n<p>                    <a target=\"_blank\" href=\"https:\/\/reporterre.net\/Europe-vers-un-affaiblissement-historique-des-normes-ecologiques?utm_source=RSS&amp;utm_medium=RSS\">Lire la suite<\/a><\/p>\n<p>                    &#8211;<br \/>\n                        <a target=\"_blank\" href=\"https:\/\/reporterre.net\/Breves-20\" rel=\"directory\">En bref<\/a><\/p>\n<p>                    \/<br \/>\n                        <a target=\"_blank\" href=\"https:\/\/reporterre.net\/Europe\" rel=\"tag\">Europe<\/a><br \/>\n<br \/><br \/>\n<br \/><a href=\"https:\/\/reporterre.net\/Europe-vers-un-affaiblissement-historique-des-normes-ecologiques\" target=\"_blank\"\">Source link <\/a><\/p>\n","protected":false},"excerpt":{"rendered":"<p>Le 26\u00a0f\u00e9vrier, la Commission europ\u00e9enne a pr\u00e9sent\u00e9 un projet de directive \u00ab\u00a0Omnibus\u00a0\u00bb, un ensemble de nouvelles r\u00e8gles destin\u00e9es \u00e0 all\u00e9ger les contraintes administratives pesant sur les entreprises. Sous couvert de&hellip; <\/p>\n","protected":false},"author":1,"featured_media":3409,"comment_status":"open","ping_status":"open","sticky":false,"template":"","format":"standard","meta":{"footnotes":""},"categories":[1],"tags":[],"class_list":["post-3408","post","type-post","status-publish","format-standard","has-post-thumbnail","hentry","category-non-classe"],"_links":{"self":[{"href":"https:\/\/monde25.info\/index.php\/wp-json\/wp\/v2\/posts\/3408","targetHints":{"allow":["GET"]}}],"collection":[{"href":"https:\/\/monde25.info\/index.php\/wp-json\/wp\/v2\/posts"}],"about":[{"href":"https:\/\/monde25.info\/index.php\/wp-json\/wp\/v2\/types\/post"}],"author":[{"embeddable":true,"href":"https:\/\/monde25.info\/index.php\/wp-json\/wp\/v2\/users\/1"}],"replies":[{"embeddable":true,"href":"https:\/\/monde25.info\/index.php\/wp-json\/wp\/v2\/comments?post=3408"}],"version-history":[{"count":0,"href":"https:\/\/monde25.info\/index.php\/wp-json\/wp\/v2\/posts\/3408\/revisions"}],"wp:featuredmedia":[{"embeddable":true,"href":"https:\/\/monde25.info\/index.php\/wp-json\/wp\/v2\/media\/3409"}],"wp:attachment":[{"href":"https:\/\/monde25.info\/index.php\/wp-json\/wp\/v2\/media?parent=3408"}],"wp:term":[{"taxonomy":"category","embeddable":true,"href":"https:\/\/monde25.info\/index.php\/wp-json\/wp\/v2\/categories?post=3408"},{"taxonomy":"post_tag","embeddable":true,"href":"https:\/\/monde25.info\/index.php\/wp-json\/wp\/v2\/tags?post=3408"}],"curies":[{"name":"wp","href":"https:\/\/api.w.org\/{rel}","templated":true}]}}