{"id":3410,"date":"2025-02-26T22:30:04","date_gmt":"2025-02-26T21:30:04","guid":{"rendered":"https:\/\/monde25.info\/index.php\/2025\/02\/26\/la-france-incapable-de-faire-face-au-choc-de-donald-trump\/"},"modified":"2025-02-26T22:30:04","modified_gmt":"2025-02-26T21:30:04","slug":"la-france-incapable-de-faire-face-au-choc-de-donald-trump","status":"publish","type":"post","link":"https:\/\/monde25.info\/index.php\/2025\/02\/26\/la-france-incapable-de-faire-face-au-choc-de-donald-trump\/","title":{"rendered":"La France, incapable de faire face au choc de Donald Trump"},"content":{"rendered":"<p> <br \/>\n<\/p>\n<div>\n<p>par <strong>Thierry Meyssan<\/strong><\/p>\n<p><strong>Ce n\u2019est pas Donald Trump qui s\u2019est retourn\u00e9 contre le r\u00e9gime de Kiev, ainsi que l\u2019on veut nous le faire croire, mais Volodymyr Zelensky qui a fait bombarder des int\u00e9r\u00eats \u00e9tats-uniens, causant de lourds d\u00e9g\u00e2ts \u00e0 Chevron et \u00e0 ExxonMobil.<\/strong><\/p>\n<p><strong>Il est donc parfaitement vain de croire qu\u2019une visite \u00e0 Washington suffira \u00e0 Keir Starmer et \u00e0 Emmanuel Macron pour renverser la situation.<\/strong><\/p>\n<p><strong>Il peut para\u00eetre absurde d\u2019attaquer ses alli\u00e9s, mais c\u2019est ce que firent les nazis contre la Pologne et ce qu\u2019ont fait les nationalistes int\u00e9graux ukrainiens contre les \u00c9tats-Unis.<\/strong><\/p>\n<div class=\"wp-block-image\">\n<figure class=\"aligncenter size-full is-resized\"><img data-recalc-dims=\"1\" decoding=\"async\" width=\"800\" height=\"600\" src=\"https:\/\/i0.wp.com\/reseauinternational.net\/wp-content\/uploads\/2025\/02\/image-318.png?resize=800%2C600&amp;quality=100&amp;ssl=1\" alt=\"\" class=\"wp-image-445489\" style=\"width:550px\" loading=\"lazy\" srcset=\"https:\/\/i0.wp.com\/reseauinternational.net\/wp-content\/uploads\/2025\/02\/image-318.png?w=800&amp;quality=100&amp;ssl=1 800w, https:\/\/i0.wp.com\/reseauinternational.net\/wp-content\/uploads\/2025\/02\/image-318.png?resize=300%2C225&amp;quality=100&amp;ssl=1 300w, https:\/\/i0.wp.com\/reseauinternational.net\/wp-content\/uploads\/2025\/02\/image-318.png?resize=768%2C576&amp;quality=100&amp;ssl=1 768w, https:\/\/i0.wp.com\/reseauinternational.net\/wp-content\/uploads\/2025\/02\/image-318.png?resize=378%2C283&amp;quality=100&amp;ssl=1 378w\" sizes=\"auto, (max-width: 800px) 100vw, 800px\"\/><\/figure>\n<\/div>\n<p class=\"has-text-align-center\"><em>Le 20 f\u00e9vrier, le pr\u00e9sident fran\u00e7ais, Emmanuel Macron, pr\u00e9sente sa vision du conflit <\/em><br \/><em>avec la Russie en s\u2019appuyant sur une carte invers\u00e9e de l\u2019Ukraine : Nous sommes <\/em><br \/><em>les bons, ils sont les m\u00e9chants.<\/em><\/p>\n<p><strong>12 f\u00e9vrier<\/strong><\/p>\n<p>Le pr\u00e9sident fran\u00e7ais, Emmanuel Macron, a imm\u00e9diatement r\u00e9agi \u00e0 l\u2019annonce des pourparlers \u00e9tats-uno-russes de Riyad. Il a convoqu\u00e9, \u00e0 l\u2019\u00c9lys\u00e9e, le 12 f\u00e9vrier, une r\u00e9union de ses sept principaux alli\u00e9s du continent europ\u00e9en : les ministres des Affaires \u00e9trang\u00e8res allemand (Annalena Baerbock), espagnol (Jos\u00e9 Manuel Albares Bueno), britannique (David Lammy), italien (Antonio Tajani), polonais (Rados\u0142aw Sikorski) et la haute repr\u00e9sentante de la Commission europ\u00e9enne pour la Politique \u00e9trang\u00e8re (l\u2019Estonienne Kaja Kallas), ainsi que le commissaire europ\u00e9en charg\u00e9 de la D\u00e9fense et de l\u2019Espace (le Lituanien Andrius Kubilius).<\/p>\n<p>Cet ar\u00e9opage devait d\u00e9terminer une r\u00e9ponse commune. Bien s\u00fbr, il n\u2019en a rien \u00e9t\u00e9. Seuls, la France et le Royaume-Uni sont pr\u00eats \u00e0 envoyer des troupes en Ukraine pour faire respecter la mise en application d\u2019une \u00e9ventuelle paix. L\u2019Allemagne, l\u2019Espagne et l\u2019Italie y sont fermement oppos\u00e9s. L\u2019UE et particuli\u00e8rement les baltes souhaiteraient que les autres le fassent.<\/p>\n<p>Au m\u00eame moment, le secr\u00e9taire \u00e9tats-unien au Tr\u00e9sor, Scott Bessent, \u00e9tait \u00e0 Kiev. Non pas pour donner encore et encore des milliards aux Ukrainiens, mais au contraire, pour leur en r\u00e9clamer\u2026 500 ! Avec un aplomb trumpien, il pr\u00e9sentait la facture exorbitante de trois ans de guerre. Le pr\u00e9sident ukrainien non-\u00e9lu, Volodymyr Zelensky lui r\u00e9pondait qu\u2019il ne c\u00e9derait pas \u00e0 ce racket.<\/p>\n<p>Enfin, cela, c\u2019est la version officielle. La v\u00e9rit\u00e9 est tout autre : en juin dernier, Zelensky avait re\u00e7u le s\u00e9nateur Lindsey Graham, vieil ami des \u00abnationalistes int\u00e9graux\u00bb. Il lui avait expliqu\u00e9 qu\u2019en envahissant son pays, la Russie souhaitait uniquement s\u2019emparer de ses terres rares, dont il avait estim\u00e9 la valeur entre 10 000 et 12 000 milliards de dollars. Graham l\u2019avait r\u00e9p\u00e9t\u00e9 lors de son interview \u00e0 \u00abFace the nation\u00bb (<em>CBSNews<\/em>, 9 juin 2024). Cette id\u00e9e s\u2019\u00e9tait impos\u00e9e aux \u00c9tats-Unis, dispensant la classe dirigeante d\u2019\u00e9couter la version russe. Or, l\u2019agence Bloomberg r\u00e9v\u00e9lait, le 19 f\u00e9vrier 2025, que cette histoire n\u2019\u00e9tait qu\u2019une intoxication, l\u2019Ukraine ne poss\u00e9dant pas ces minerais.<\/p>\n<p>Selon Vladimir Sergienko (Vesti FM), les Europ\u00e9ens se sont d\u00e9j\u00e0 partag\u00e9 l\u2019Ukraine, comme ils l\u2019ont fait \u00e0 l\u2019avance avec l\u2019Iraq, la Libye et la Syrie. Les Britanniques ont un acc\u00e8s privil\u00e9gi\u00e9 aux ports qu\u2019ils doivent reconstruire et moderniser, les Allemands aux mines, etc. Le Congr\u00e8s des \u00c9tats-Unis avait adopt\u00e9, en avril 2022, une loi autorisant la fourniture d\u2019armes \u00e0 l\u2019Ukraine sur le mod\u00e8le du pr\u00eat-bail de la Seconde Guerre mondiale (<em>Ukraine Democracy Defense Lend-Lease Act of 2022<\/em>), mais ce texte n\u2019a jamais \u00e9t\u00e9 appliqu\u00e9 par l\u2019administration Biden et a expir\u00e9 en septembre 2023. Tout ce que Washington a fourni, que ce soit en argent ou en mat\u00e9riel, l\u2019a donc \u00e9t\u00e9 \u00e0 fonds perdus.<\/p>\n<p>L\u2019administration Trump r\u00e9clame donc aujourd\u2019hui le remboursement de ce qu\u2019elle et les autres alli\u00e9s occidentaux ont donn\u00e9 sans contrepartie. Elle estime la facture totale \u00e0 500 milliards de dollars qui ne sont qu\u2019une petite partie des pr\u00e9tendues 10 000 milliards de dollars que l\u2019Ukraine pr\u00e9tend d\u00e9tenir.<\/p>\n<p><strong>17 f\u00e9vrier<\/strong><\/p>\n<p>Dans ce contexte, une seconde r\u00e9union, s\u2019est tenue \u00e0 l\u2019\u00c9lys\u00e9e, le 17 f\u00e9vrier, avec les m\u00eames, plus Ursula von der Leyen, pr\u00e9sidente de la Commission europ\u00e9enne, et Mark Rutte, secr\u00e9taire g\u00e9n\u00e9ral de l\u2019OTAN.<\/p>\n<p>L\u2019UE et l\u2019OTAN sont deux organisations fond\u00e9es par les Anglo-Saxons pour surveiller l\u2019Europe occidentale. Ursula von der Leyen et Mark Rutte doivent tous deux leurs nominations \u00e0 Londres et \u00e0 Washington, m\u00eame s\u2019ils ont \u00e9t\u00e9 \u00e9lus par tous les repr\u00e9sentants des \u00c9tats membres. Mais tous deux la doivent \u00e0 l\u2019administration Biden, pas \u00e0 Donald Trump. Ils d\u00e9fendent donc la continuation de la guerre, surtout pas la paix.<\/p>\n<p>La seconde r\u00e9union de l\u2019\u00c9lys\u00e9e n\u2019a pas \u00e9t\u00e9 plus utile que la premi\u00e8re.<\/p>\n<p>D\u2019autant plus que le mouvement s\u2019est acc\u00e9l\u00e9r\u00e9 : pendant que les lumi\u00e8res europ\u00e9ennes d\u00e9ploraient \u00e0 Paris la r\u00e9volution trumpiste, le Conseil de d\u00e9fense et de s\u00e9curit\u00e9 nationale d\u2019Ukraine donnait l\u2019ordre, le 17 f\u00e9vrier, de bombarder le pipe-line reliant le Kazakhstan au port russe de Novorossiisk. C\u2019est un des plus gros du monde. Il permet d\u2019exporter d\u2019\u00e9normes quantit\u00e9s de p\u00e9trole kazakh et russe.<\/p>\n<p>Depuis la mise en place de la loi martiale, ce Conseil est la v\u00e9ritable autorit\u00e9 ex\u00e9cutive d\u2019Ukraine. Il se r\u00e9unit dans le palais pr\u00e9sidentiel de sorte que les \u00e9trangers ne sachent pas qu\u2019il exerce, <em>de facto<\/em>, toutes les fonctions ex\u00e9cutives du pays \u00e0 la place de son pr\u00e9sident et de son administration. Ce pr\u00e9sident, d\u00e9sormais non-\u00e9lu, Volodymyr Zelensky (son mandat a expir\u00e9, il y a huit mois), y si\u00e8ge, mais n\u2019a pas son mot \u00e0 dire. Toutes les d\u00e9cisions sont prises sous l\u2019autorit\u00e9 de l\u2019ancien patron des services secrets ext\u00e9rieurs (SZRU), Oleksandr Lytvynenko.<\/p>\n<p>Ce Conseil, qui a interdit tous les partis politiques d\u2019opposition, br\u00fbl\u00e9 trois millions de livres et interdit l\u2019\u00c9glise orthodoxe majoritaire dans le pays, est le fief des \u00abnationalistes int\u00e9graux\u00bb, c\u2019est-\u00e0-dire des disciples de Dmytro Dontsov et de son homme demain, Stepan Bandera, les collaborateurs des nazis. En bombardant, en Russie, la principale station de pompage du pipe-line, il savait ce qu\u2019il faisait : il attaquait les int\u00e9r\u00eats \u00e9tats-uniens en Russie.<\/p>\n<p>Le Caspian Pipeline Consortium (CPC) est propri\u00e9t\u00e9<\/p>\n<p>\u2022 \u00e0 2% de l\u2019Italien ENI,<br \/>\u2022 \u00e0 7,5% de la soci\u00e9t\u00e9 Caspian Pipeline Co. , filiale de l\u2019\u00c9tats-unien Mobil<br \/>\u2022\u00a0et \u00e0 15% de Caspian Pipeline Consortium Co., filiale de l\u2019\u00c9tats-unien Chevron.<\/p>\n<p>En outre, ce pipe-line fournit la majorit\u00e9 du p\u00e9trole consomm\u00e9 en Isra\u00ebl.<\/p>\n<p>Le Conseil de d\u00e9fense et de s\u00e9curit\u00e9 nationale d\u2019Ukraine d\u00e9clarait donc la guerre \u00e0 l\u2019Italie et aux \u00c9tats-Unis.<\/p>\n<p><strong>18 f\u00e9vrier<\/strong><\/p>\n<p>Les d\u00e9l\u00e9gations \u00e9tats-uniennes et russe se rencontr\u00e8rent au palais de Diriyah \u00e0 Riyad (Arabie saoudite). Comme je l\u2019analysais la semaine derni\u00e8re, Sergue\u00ef Lavrov, le ministre russe des Affaires \u00e9trang\u00e8res, insista pour que l\u2019on ne parle pas seulement de la guerre et des questions territoriales, mais aussi des questions de fond, dont les relations entre les deux parties. Marco Rubio, le secr\u00e9taire d\u2019\u00c9tat, assura qu\u2019il arr\u00eaterait le harc\u00e8lement des diplomates russes accr\u00e9dit\u00e9s dans son pays auquel se livrait l\u2019administration Biden. De m\u00eame, il ne sera plus question d\u2019annuler des \u00e9v\u00e9nements artistiques parce qu\u2019ils c\u00e9l\u00e8brent des auteurs russes. Il s\u2019engagea \u00e0 honorer la signature de Washington et donc \u00e0 retirer progressivement les troupes de l\u2019OTAN de tous les pays y ayant adh\u00e9r\u00e9 apr\u00e8s la r\u00e9unification allemande.<\/p>\n<p>Du point de vue des bellicistes occidentaux, cette premi\u00e8re prise de contact fut in\u00e9gale : seuls Washington fit des concessions, pas Moscou. Mais du point de vue des pacifistes, ce ne pouvait \u00eatre autrement puisque, dans cette affaire, tous les torts revenaient aux n\u00e9o-conservateurs des administrations r\u00e9publicaine Bush Jr., et d\u00e9mocrates Obama et Biden. La Russie acceptait que les \u00c9tats-Unis reconnaissent leurs fautes et n\u2019exigeait rien en contrepartie des torts qu\u2019ils avaient caus\u00e9s.<\/p>\n<p><strong>19 f\u00e9vrier<\/strong><\/p>\n<p>Le pr\u00e9sident des \u00c9tats-Unis, Donald Trump commentait alors les bombardements ukrainiens et les n\u00e9gociations avec la Russie : \u00ab<em>Je suis vraiment d\u00e9\u00e7u par ce qui s\u2019est pass\u00e9. Je regarde \u00e7a depuis trois ans\u2026 J\u2019entends dire que, vous savez, ils [les Ukrainiens] sont contrari\u00e9s de ne pas avoir \u00e9t\u00e9 invit\u00e9s [aux n\u00e9gociations avec la Russie] \u00e0 Riyad. Eh bien, ils ont eu une place pendant trois ans et longtemps avant cela<\/em>\u00bb.<\/p>\n<p>Plus dur, il postait peu apr\u00e8s ce message sur TruthSocial : \u00ab<em>Pensez-y, un com\u00e9dien au succ\u00e8s modeste, Volodymyr Zelensky, a convaincu les \u00c9tats-Unis d\u2019Am\u00e9rique de d\u00e9penser 350 milliards de dollars pour entrer dans une guerre qui ne pouvait pas \u00eatre gagn\u00e9e, qui n\u2019aurait jamais d\u00fb commencer, qu\u2019il ne pourra jamais r\u00e9soudre sans les \u00c9tats-Unis et \u00abTRUMP\u00bb. Les \u00c9tats-Unis ont d\u00e9pens\u00e9 200 milliards de dollars de plus que l\u2019Europe, l\u2019argent de l\u2019Europe est garanti, tandis que les \u00c9tats-Unis ne recevront rien en retour. Pourquoi Joe Biden n\u2019a-t-il pas exig\u00e9 la p\u00e9r\u00e9quation, dans la mesure o\u00f9 cette guerre est bien plus importante pour l\u2019Europe que pour nous \u2013 nous avons un grand et magnifique oc\u00e9an comme s\u00e9paration. En plus de cela, Zelensky admet que la moiti\u00e9 de l\u2019argent que nous lui avons envoy\u00e9 a \u00abDISPARU\u00bb. Il refuse d\u2019organiser des \u00e9lections, il est tr\u00e8s bas dans les sondages ukrainiens, et la seule chose pour laquelle il \u00e9tait dou\u00e9 \u00e9tait de jouer du Biden \u00abcomme un violon\u00bb. Dictateur sans \u00e9lections, Zelensky ferait mieux d\u2019agir vite, sinon il ne pourra plus avoir de pays. En attendant, nous n\u00e9gocions avec succ\u00e8s la fin de la guerre avec la Russie, ce que tout le monde admet : seul \u00abTRUMP\u00bb et l\u2019administration Trump peuvent le faire. Biden n\u2019a jamais essay\u00e9, l\u2019Europe n\u2019a pas r\u00e9ussi \u00e0 apporter la paix, et Zelensky veut probablement continuer \u00e0 faire tourner la machine. J\u2019aime l\u2019Ukraine, mais Zelensky a fait un travail terrifiant, son pays est bris\u00e9 et des MILLIONS de personnes sont mortes inutilement \u2013 et ainsi de suite\u2026<\/em>\u00bb<\/p>\n<p>Horrifi\u00e9es, les \u00e9lites occidentales pro-Biden accusaient alors Donald Trump de r\u00e9p\u00e9ter la propagande du \u00abdictateur Poutine\u00bb. Selon elles, c\u2019est renverser les charges que d\u2019accuser l\u2019Ukraine d\u2019avoir d\u00e9clench\u00e9 la guerre, alors que celle-ci est le seul fait du \u00abdictateur\u00bb qui l\u2019a envahie pour la conqu\u00e9rir.<\/p>\n<figure class=\"wp-block-video\"><video controls=\"\" poster=\"https:\/\/reseauinternational.net\/wp-content\/uploads\/2025\/02\/Sans-titre-25.jpg\" src=\"https:\/\/www.voltairenet.org\/IMG\/mp4\/emmanuel_macron_emmanuelmacron_x.mp4\"\/><\/figure>\n<p>Nous avons expliqu\u00e9 ici, lors du d\u00e9clenchement du conflit, que celui-ci avait \u00e9t\u00e9 ouvert par les bombardements de l\u2019arm\u00e9e ukrainienne contre la population de ses territoires du Donbass \u00e0 partir du 19 f\u00e9vrier 2022. Ce fait est indiscutable et a \u00e9t\u00e9 act\u00e9 par l\u2019Organisation pour la s\u00e9curit\u00e9 et la coop\u00e9ration en Europe qui \u00e9tait charg\u00e9e d\u2019observer la fronti\u00e8re interne du Donbass. Le colonel suisse Jacques Baud, expert reconnu des services de Renseignements dans le monde, a soulign\u00e9 dans plusieurs ouvrages de fond, que l\u2019OSCE avait relev\u00e9 les bombardements ukrainiens dans les jours pr\u00e9c\u00e9dents la reconnaissance par la Russie de l\u2019ind\u00e9pendance des deux r\u00e9publiques du Donbass, Donetsk et Lougansk, suivie quelques heures plus tard de la signature de deux trait\u00e9s d\u2019Amiti\u00e9, de Coop\u00e9ration et d\u2019Assistance mutuelle, et deux jours plus tard, du lancement de l\u2019op\u00e9ration militaire sp\u00e9ciale contre les \u00abnationalistes int\u00e9graux\u00bb ukrainiens (et non pas contre l\u2019Ukraine). L\u2019expression de l\u2019OTAN, repruite dans toues les communiqu\u00e9s officiels de l\u2019ensemble des documents occidentaux, selon laquelle la Russie s\u2019est livr\u00e9e \u00e0 une \u00abinvasion, ill\u00e9gale et non provoqu\u00e9e\u00bb est donc de la pure propagande de guerre.<\/p>\n<p>Dans cette affaire comme toujours, les gouvernements qui d\u00e9versent une propagande de guerre mensong\u00e8re sur leurs peuples en sont les premi\u00e8res victimes. Emmanuel Macron, Keir Starmer, Ursula von der Leyen et Mark Rutte n\u2019ont pas \u00e9chapp\u00e9 \u00e0 la r\u00e8gle. Ils croient d\u00e9sormais de bonne foi les absurdit\u00e9s qu\u2019ils n\u2019ont cess\u00e9 de r\u00e9p\u00e9ter depuis trois ans.<\/p>\n<p><strong>23 f\u00e9vrier<\/strong><\/p>\n<p>Volodymyr Zelensky, le \u00abdictateur sans \u00e9lection\u00bb, lors d\u2019une conf\u00e9rence de presse \u00e0 Kiev, annon\u00e7ait qu\u2019il \u00e9tait pr\u00eat \u00e0 d\u00e9missionner si cela permettait l\u2019adh\u00e9sion de l\u2019Ukraine \u00e0 l\u2019OTAN, c\u2019est-\u00e0-dire jamais compte tenu de la position des \u00c9tats-Unis. Il a redit que Kiev n\u2019acceptera rien qu\u2019il n\u2019ait lui-m\u00eame n\u00e9goci\u00e9 avec les \u00c9tats-Unis et la Russie. L\u00e0 encore, il est \u00e9vident que cela n\u2019arrivera pas : les \u00c9tats-Unis et la Russie d\u00e9cideront ensemble, l\u2019UE et l\u2019Ukraine se rangeront, quoi qu\u2019ils disent, \u00e0 leur volont\u00e9.<\/p>\n<p><strong>24 f\u00e9vrier<\/strong><\/p>\n<p>Le pr\u00e9sident russe, Vladimir Poutine, a accord\u00e9 une interview \u00e0 la premi\u00e8re cha\u00eene de t\u00e9l\u00e9vision russe. Il a d\u00e9clar\u00e9 que la Russie avait bien plus de terres rares que l\u2019Ukraine et que Moscou \u00e9tait \u00ab<em>pr\u00eat \u00e0 travailler avec nos partenaires \u00e9trangers, y compris avec les \u00c9tats-uniens<\/em>\u00bb, pour d\u00e9velopper ces gisements. En d\u2019autres termes, si la paix devait advenir, Washington ne pourrait pas exploiter de terres rares en Ukraine, puisqu\u2019il n\u2019y en a pas, mais pourrait le faire en Russie m\u00eame.<\/p>\n<p>Vladimir Poutine avait d\u00e9j\u00e0 dit qu\u2019il n\u2019accepterait de signer de paix avec l\u2019Ukraine que lorsque celle-ci aura un dirigeant l\u00e9gitime. Concernant les \u00e9lections, qui n\u2019ont pas \u00e9t\u00e9 convoqu\u00e9es car le Conseil de d\u00e9fense et de s\u00e9curit\u00e9 nationale refusait de lever la loi martiale afin d\u2019imposer sa dictature, Poutine s\u2019est montr\u00e9 favorable au g\u00e9n\u00e9ral Valery Zaloujny, ancien commandant en chef des arm\u00e9es et actuel ambassadeur \u00e0 Londres. Selon lui, cet homme est deux fois plus populaire dans son pays que ne l\u2019est Zelensky.<\/p>\n<p>Le pr\u00e9sident fran\u00e7ais, Emmanuel Macron, s\u2019est rendu \u00e0 Washington. Selon les t\u00e9l\u00e9visions fran\u00e7aises, il a \u00e9t\u00e9 accueilli \u00e0 la Maison-Blanche par son homologue, Donald Trump. Mais selon les t\u00e9l\u00e9visions \u00e9tats-uniennes, il ne l\u2019a \u00e9t\u00e9 que par la directrice de cabinet de son homologue, en violation des r\u00e8gles basiques du protocole.<\/p>\n<div class=\"wp-block-image\">\n<figure class=\"aligncenter size-full is-resized\"><img data-recalc-dims=\"1\" decoding=\"async\" width=\"800\" height=\"600\" src=\"https:\/\/i0.wp.com\/reseauinternational.net\/wp-content\/uploads\/2025\/02\/image-319.png?resize=800%2C600&amp;quality=100&amp;ssl=1\" alt=\"\" class=\"wp-image-445491\" style=\"width:550px\" loading=\"lazy\" srcset=\"https:\/\/i0.wp.com\/reseauinternational.net\/wp-content\/uploads\/2025\/02\/image-319.png?w=800&amp;quality=100&amp;ssl=1 800w, https:\/\/i0.wp.com\/reseauinternational.net\/wp-content\/uploads\/2025\/02\/image-319.png?resize=300%2C225&amp;quality=100&amp;ssl=1 300w, https:\/\/i0.wp.com\/reseauinternational.net\/wp-content\/uploads\/2025\/02\/image-319.png?resize=768%2C576&amp;quality=100&amp;ssl=1 768w, https:\/\/i0.wp.com\/reseauinternational.net\/wp-content\/uploads\/2025\/02\/image-319.png?resize=378%2C283&amp;quality=100&amp;ssl=1 378w\" sizes=\"auto, (max-width: 800px) 100vw, 800px\"\/><\/figure>\n<\/div>\n<p class=\"has-text-align-center\"><em>Le 24 f\u00e9vrier, en duplex depuis Kiev, le pr\u00e9sident non-\u00e9lu Volodymyr Zelensky et ses <\/em><br \/><em>invit\u00e9s participent \u00e0 une r\u00e9union du G7 \u00e9largi autour du pr\u00e9sident \u00e9tats-unien, <\/em><br \/><em>Donald Trump, en vid\u00e9oconf\u00e9rence depuis la Maison-Blanche.<\/em><\/p>\n<p>Depuis la Maison-Blanche, il a particip\u00e9 par vid\u00e9o \u00e0 la r\u00e9union du G7 qui se tenait \u00e0 Kiev autour du pr\u00e9sident non-\u00e9lu, Volodymyr Zelensky et de Justin Trudeau (Premier ministre canadien), d\u2019Ursula von der Leyen (pr\u00e9sidente de la Commission europ\u00e9enne) et d\u2019Antonio Costa (pr\u00e9sident du Conseil europ\u00e9en). Olaf Scholz (chancelier allemand), Keir Starmer (Premier ministre britannique), Giorgia Meloni (Premier ministre italien), Shigeru Ishiba (Premier ministre japonais) se sont joints par vid\u00e9o. Pedro S\u00e1nchez, Premier ministre espagnol, qui se trouvait \u00e9galement \u00e0 Kiev, a particip\u00e9 \u00e0 la r\u00e9union. Tous les participants, y compris Emmanuel Macron, ont fait all\u00e9geance au pr\u00e9sident des \u00c9tats-Unis, Donald Trump et accept\u00e9 ses d\u00e9cisions.<\/p>\n<div class=\"wp-block-image\">\n<figure class=\"aligncenter size-full is-resized\"><img data-recalc-dims=\"1\" decoding=\"async\" width=\"701\" height=\"526\" src=\"https:\/\/i0.wp.com\/reseauinternational.net\/wp-content\/uploads\/2025\/02\/image-320.png?resize=701%2C526&amp;quality=100&amp;ssl=1\" alt=\"\" class=\"wp-image-445492\" style=\"width:550px\" loading=\"lazy\" srcset=\"https:\/\/i0.wp.com\/reseauinternational.net\/wp-content\/uploads\/2025\/02\/image-320.png?w=701&amp;quality=100&amp;ssl=1 701w, https:\/\/i0.wp.com\/reseauinternational.net\/wp-content\/uploads\/2025\/02\/image-320.png?resize=300%2C225&amp;quality=100&amp;ssl=1 300w, https:\/\/i0.wp.com\/reseauinternational.net\/wp-content\/uploads\/2025\/02\/image-320.png?resize=378%2C283&amp;quality=100&amp;ssl=1 378w\" sizes=\"auto, (max-width: 701px) 100vw, 701px\"\/><\/figure>\n<\/div>\n<p class=\"has-text-align-center\"><em>Emmanuel Macron rejoint une autre aile de la Maison-Blanche apr\u00e8s avoir particip\u00e9 \u00e0 un <\/em><br \/><em>sommet du G7 \u00e9largi sous la pr\u00e9sidence de Donald Trump et lui avoir fait all\u00e9geance. <\/em><br \/><em>Il ne sera introduit dans le bureau ovale qu\u2019apr\u00e8s une autre r\u00e9union de celui-ci <\/em><br \/><em>et de ses conseillers.<\/em><\/p>\n<p>\u00c0 l\u2019issue de cet \u00e9change, et pas avant, Emmanuel Macron a \u00e9t\u00e9 autoris\u00e9 \u00e0 rencontrer le pr\u00e9sident Donald Trump en t\u00eate \u00e0 t\u00eate dans le bureau ovale. On ignore ce que les deux hommes se sont dit, mais lors du point de presse qui a suivi, ils se sont f\u00e9licit\u00e9s de leur unit\u00e9. En d\u2019autres termes, le pr\u00e9sident Macron a abandonn\u00e9 ses dol\u00e9ances pour se rallier sans r\u00e9serve, comme ses confr\u00e8res du G7, aux d\u00e9cisions du pr\u00e9sident Trump.<\/p>\n<p>Keir Starmer, Premier ministre britannique, se rendra, quant \u00e0 lui, le 27 f\u00e9vrier \u00e0 Washington. Il proposera de d\u00e9ployer une force de paix britannique pour garantir le cessez-le-feu, ce qui sera refus\u00e9 par les pr\u00e9sidents Poutine et Trump, un protagoniste ne pouvant devenir un arbitre.<\/p>\n<p>La suite des \u00e9v\u00e9nements est d\u00e9j\u00e0 connue : dans les toutes prochaines ann\u00e9es, l\u2019OTAN et l\u2019UE seront dissoutes comme le Pacte de Varsovie et l\u2019URSS l\u2019ont \u00e9t\u00e9. C\u2019est la seule solution pour conserver l\u2019unit\u00e9 des \u00c9tats-Unis. Faute de cela, ce sont eux qui dispara\u00eetront.<\/p>\n<p>Les \u00e9lites europ\u00e9ennes devront assumer seules la s\u00e9curit\u00e9 de leurs patries. Elles devront donc reconstituer leurs arm\u00e9es. Ce processus demandera une dizaine d\u2019ann\u00e9es pour les pays qui, comme le Danemark, commenceront d\u00e8s demain. Les autres s\u2019exposeront aux al\u00e9as de l\u2019Histoire.<\/p>\n<p>La France et le Royaume-Uni, comme les autres, n\u2019ont plus d\u2019arm\u00e9es capables de d\u00e9fendre leur territoire, juste des \u00abforces de projection\u00bb qu\u2019elles utilisent pour maintenir les confettis de leurs anciens empires. Pour payer de vraies arm\u00e9es, chacun de ces pays devra couper dans ses d\u00e9penses. En France, ce sera \u00e9videmment dans les d\u00e9penses sociales. Il faudra alors se poser la question de la gabegie dans les services de Sant\u00e9 et d\u2019Enseignement. Les Fran\u00e7ais sont persuad\u00e9s, \u00e0 tort, que leur S\u00e9curit\u00e9 sociale, leurs Allocations familiales et leur retraite par r\u00e9partition sont indissociables de leur R\u00e9publique, alors qu\u2019il s\u2019agit de syst\u00e8mes h\u00e9rit\u00e9s du r\u00e9gime fasciste de Philippe P\u00e9tain. Certes, ils ont \u00e9t\u00e9 valid\u00e9s \u00e0 la Lib\u00e9ration par le Conseil national de la R\u00e9sistance, mais ils n\u2019ont rien de r\u00e9publicain.<\/p>\n<p>Nous devons donc nous pr\u00e9parer \u00e0 des jours difficiles. Nous devons, non pas dans plusieurs ann\u00e9es, mais dans les semaines qui suivent, trouver comment passer de notre mod\u00e8le social actuel \u00e0 un autre, plus moderne et plus libre, sans l\u00e9ser les plus d\u00e9munis. Il est peu probable que notre classe politique actuelle en soit capable. Ses principaux leaders viennent de se rassembler \u00e0 l\u2019\u00c9lys\u00e9e (encore) avec le pr\u00e9sident Macron pour confirmer qu\u2019ils partagent sa vision du conflit ukrainien et de la \u00abd\u00e9mence\u00bb du pr\u00e9sident des \u00c9tats-Unis.<\/p>\n<p>Il y a des trains que l\u2019on peut rater pour prendre le suivant. Mais celui-l\u00e0, c\u2019est le dernier.<\/p>\n<p><a target=\"_blank\" href=\"https:\/\/reseauinternational.net\/author\/tmeyssan\/\" target=\"_blank\" rel=\"noreferrer noopener\">Thierry Meyssan<\/a><\/p>\n<p>source : <a target=\"_blank\" href=\"https:\/\/www.voltairenet.org\/article221849.html\" target=\"_blank\" rel=\"noopener\" title=\"\">R\u00e9seau Voltaire<\/a><\/p>\n<div class=\"sharedaddy sd-block sd-like jetpack-likes-widget-wrapper jetpack-likes-widget-unloaded\" id=\"like-post-wrapper-237719536-445451-67bf7dbe18a0b\" data-src=\"https:\/\/widgets.wp.com\/likes\/?ver=14.2.1#blog_id=237719536&amp;post_id=445451&amp;origin=reseauinternational.net&amp;obj_id=237719536-445451-67bf7dbe18a0b&amp;n=1\" data-name=\"like-post-frame-237719536-445451-67bf7dbe18a0b\" data-title=\"Aimer ou rebloguer\">\n<h3 class=\"sd-title\">J\u2019aime \u00e7a\u00a0:<\/h3>\n<p><span class=\"button\"><span>J\u2019aime<\/span><\/span> <span class=\"loading\">chargement\u2026<\/span><\/p>\n<p><span class=\"sd-text-color\"\/><a target=\"_blank\" class=\"sd-link-color\"\/><\/div>\n<p><meta itemscope=\"\" itemprop=\"mainEntityOfPage\" itemtype=\"https:\/\/schema.org\/WebPage\" itemid=\"https:\/\/reseauinternational.net\/la-france-incapable-de-faire-face-au-choc-de-donald-trump\/\"\/><meta itemprop=\"headline\" content=\"La France, incapable de faire face au choc de Donald Trump\"\/><span style=\"display: none;\" itemprop=\"author\" itemscope=\"\" itemtype=\"https:\/\/schema.org\/Person\"><meta itemprop=\"name\" content=\"R\u00e9seau International\"\/><\/span><span style=\"display: none;\" itemprop=\"image\" itemscope=\"\" itemtype=\"https:\/\/schema.org\/ImageObject\"><meta itemprop=\"url\" content=\"https:\/\/i0.wp.com\/reseauinternational.net\/wp-content\/uploads\/2025\/02\/Sans-titre-23-12.png?fit=800%2C467&amp;quality=100&amp;ssl=1\"\/><meta itemprop=\"width\" content=\"800\"\/><meta itemprop=\"height\" content=\"467\"\/><\/span><span style=\"display: none;\" itemprop=\"publisher\" itemscope=\"\" itemtype=\"https:\/\/schema.org\/Organization\"><span style=\"display: none;\" itemprop=\"logo\" itemscope=\"\" itemtype=\"https:\/\/schema.org\/ImageObject\"><meta itemprop=\"url\" content=\"https:\/\/reseauinternational.net\/wp-content\/uploads\/2022\/06\/Capture-de\u0301cran-2022-06-14-a\u0300-16.51.07.png\"\/><\/span><meta itemprop=\"name\" content=\"R\u00e9seau International\"\/><\/span><meta itemprop=\"datePublished\" content=\"2025-02-26T11:40:35+00:00\"\/><meta itemprop=\"dateModified\" content=\"2025-02-26T11:41:13+00:00\"\/><\/div>\n<p><br \/>\n<br \/><a href=\"https:\/\/reseauinternational.net\/la-france-incapable-de-faire-face-au-choc-de-donald-trump\/\" target=\"_blank\"\">Source link <\/a><\/p>\n","protected":false},"excerpt":{"rendered":"<p>par Thierry Meyssan Ce n\u2019est pas Donald Trump qui s\u2019est retourn\u00e9 contre le r\u00e9gime de Kiev, ainsi que l\u2019on veut nous le faire croire, mais Volodymyr Zelensky qui a fait&hellip; <\/p>\n","protected":false},"author":1,"featured_media":3411,"comment_status":"open","ping_status":"open","sticky":false,"template":"","format":"standard","meta":{"footnotes":""},"categories":[1],"tags":[],"class_list":["post-3410","post","type-post","status-publish","format-standard","has-post-thumbnail","hentry","category-non-classe"],"_links":{"self":[{"href":"https:\/\/monde25.info\/index.php\/wp-json\/wp\/v2\/posts\/3410","targetHints":{"allow":["GET"]}}],"collection":[{"href":"https:\/\/monde25.info\/index.php\/wp-json\/wp\/v2\/posts"}],"about":[{"href":"https:\/\/monde25.info\/index.php\/wp-json\/wp\/v2\/types\/post"}],"author":[{"embeddable":true,"href":"https:\/\/monde25.info\/index.php\/wp-json\/wp\/v2\/users\/1"}],"replies":[{"embeddable":true,"href":"https:\/\/monde25.info\/index.php\/wp-json\/wp\/v2\/comments?post=3410"}],"version-history":[{"count":0,"href":"https:\/\/monde25.info\/index.php\/wp-json\/wp\/v2\/posts\/3410\/revisions"}],"wp:featuredmedia":[{"embeddable":true,"href":"https:\/\/monde25.info\/index.php\/wp-json\/wp\/v2\/media\/3411"}],"wp:attachment":[{"href":"https:\/\/monde25.info\/index.php\/wp-json\/wp\/v2\/media?parent=3410"}],"wp:term":[{"taxonomy":"category","embeddable":true,"href":"https:\/\/monde25.info\/index.php\/wp-json\/wp\/v2\/categories?post=3410"},{"taxonomy":"post_tag","embeddable":true,"href":"https:\/\/monde25.info\/index.php\/wp-json\/wp\/v2\/tags?post=3410"}],"curies":[{"name":"wp","href":"https:\/\/api.w.org\/{rel}","templated":true}]}}