{"id":3412,"date":"2025-02-26T23:03:45","date_gmt":"2025-02-26T22:03:45","guid":{"rendered":"https:\/\/monde25.info\/index.php\/2025\/02\/26\/depuis-quand-la-russie-est-elle-une-menace-pour-la-france\/"},"modified":"2025-02-26T23:03:45","modified_gmt":"2025-02-26T22:03:45","slug":"depuis-quand-la-russie-est-elle-une-menace-pour-la-france","status":"publish","type":"post","link":"https:\/\/monde25.info\/index.php\/2025\/02\/26\/depuis-quand-la-russie-est-elle-une-menace-pour-la-france\/","title":{"rendered":"Depuis quand la Russie est-elle une menace pour la France ?"},"content":{"rendered":"<p> <br \/>\n<\/p>\n<div>\n<p>Comme \u00ab\u00a0<em><strong>Le Professeur Rollin<\/strong><\/em>\u00a0\u00bb \u00a0Emmanuel Macron \u00ab\u00a0<a target=\"_blank\" href=\"https:\/\/youtu.be\/iAjMIeKAuI8?si=Np0Gb8xzR04kL-SL\" target=\"_blank\"><em><strong>a toujours quelque chose \u00e0 dire\u00a0!<\/strong><\/em>\u00a0<\/a>\u00bb Malheureusement pour la France et pour les Fran\u00e7ais, premi\u00e8rement, Emmanuel Macron, lui, il n&rsquo;est jamais dr\u00f4le, et ensuite ce n&rsquo;est pas en tant qu&rsquo;humoriste officiant avec talent dans l&rsquo;\u00e9mission t\u00e9l\u00e9vis\u00e9e culte \u00ab\u00a0Palace\u00a0\u00bb qu&rsquo;il nous impose ses \u00e9lucubrations propagandistes naus\u00e9euses et qui plus est tr\u00e8s mal interpr\u00e9t\u00e9es, mais dans l&rsquo;exercice de ses fonctions de pr\u00e9sident de la R\u00e9publique. C&rsquo;est grave. Tr\u00e8s grave. Et, je pense d&rsquo;ailleurs pouvoir valablement affirmer que c&rsquo;est m\u00eame devenu carr\u00e9ment gravissime au possible ces derniers jours. Pourquoi\u00a0? Parce que tant qu&rsquo;il s&rsquo;agissait, pour lui, de nous faire avaler des couleuvres certes particuli\u00e8rement indigestes, mais dont l&rsquo;ingestion n&rsquo;est toutefois pas obligatoirement mortelle, \u00e7a allait. Par exemple, les 1.300 milliards de dettes publiques suppl\u00e9mentaires de son \u00ab\u00a0Quoi qu&rsquo;il en co\u00fbte\u00a0\u00bb de crise covid, de d\u00e9ficit &amp; Cie, \u00ab\u00a0Quoi qu&rsquo;il en co\u00fbte\u00a0\u00bb pour lequel lui n&rsquo;a absolument rien eu \u00e0 sortir de sa poche, ok\u00a0! \u00c7a torture copieusement les intestins, notamment l&rsquo;extr\u00e9mit\u00e9 basse du gros c\u00f4lon, mais \u00e7a va\u00a0: on devrait pouvoir y survivre. Et de m\u00eame pour les 71 milliards d&rsquo;argent public donn\u00e9s \u00e0 l&rsquo;Ukraine, plut\u00f4t que de les utiliser, en autres priorit\u00e9s qui pr\u00e9occupent les Fran\u00e7ais, pour sauver l&rsquo;h\u00f4pital public, aider nos agriculteurs, et sortir l&rsquo;\u00e9ducation nationale du chaos dans lequel l&rsquo;ont fait sombrer 40 ans de r\u00e9duction de budget et de laxisme, associ\u00e9s \u00e0 un wokisme institutionnalis\u00e9 depuis 2017\u00a0: \u00e7a aussi, on devrait pouvoir y survivre. Du moins pendant au moins une g\u00e9n\u00e9ration, voire deux.<\/p>\n<p>Alors que, \u00e0 l&rsquo;inverse, la couleuvre qu&rsquo;Emmanuel Macron s&#8217;emploie \u00e0 nous faire avaler cette fois-ci, avec ses sempiternelles s\u00e9ances de \u00ab\u00a0menteries m\u00e9diatiques\u00a0\u00bb, ce n&rsquo;est pas comme la covid. Sa l\u00e9talit\u00e9 n&rsquo;est pas de 0,00073 %. Non. Elle est de 100 %. Tous autant que nous sommes, nous allons y laisser notre peau, et tout notre argent, si suffisamment de Fran\u00e7ais tombent dans le panneau. Le pi\u00e8ge.<\/p>\n<p>En effet, ce \u00e0 quoi Emmanuel Macron s&#8217;emploie \u00e0 pr\u00e9parer les esprits de la sorte, c&rsquo;est la guerre militaire contre la Russie. (Et il aura fallu un Donald Trump aux manettes pour qu&rsquo;il enfin tente de changer d&rsquo;avis !)<\/p>\n<p>Oui\u00a0! C&rsquo;est pour cela que lui et toute son \u00e9quipe (Gouvernement au complet, parlementaires tous partis confondus, et m\u00e9dias aux ordres) se sont efforc\u00e9s par tous les moyens qu&rsquo;ils ont \u00e0 leur disposition, de nous pr\u00e9senter fallacieusement la Russie comme \u00e9tant l&rsquo;ennemi de la France, et Vladimir Poutine comme le diable absolu. Un dictateur assoiff\u00e9 de conqu\u00eates territoriales, belliqueux \u00e0 l&rsquo;infini, dix fois pire qu&rsquo;Adolf Hitler et Joseph Staline r\u00e9unis. Une sorte de Gengis Khan sous crack puissance 666 milliards, sanguinaire et mangeur d&rsquo;enfants.<\/p>\n<p>J&rsquo;exag\u00e8re \u00e0 peine. En attestent les derni\u00e8res interventions publiques du chef d&rsquo;orchestre de cette folie et de son lieutenant dans cette ing\u00e9nierie sociale, Jean-No\u00ebl Barrot. Je pense notamment au tweet que le second a post\u00e9 lundi, dans lequel il reprend le leitmotiv horriblement funeste du premier\u00a0:<\/p>\n<p>\u00ab\u00a0<a target=\"_blank\" href=\"https:\/\/x.com\/i\/status\/1762369857033539654\" target=\"_blank\"><em>Nous ferons tout ce qu&rsquo;il faut pour que la Russie ne puisse pas gagner cette guerre<\/em>.<\/a>\u00a0\u00bb<\/p>\n<p>C\u2019est une guerre europ\u00e9enne. Nous sommes r\u00e9solus \u00e0 faire tout ce qui est n\u00e9cessaire, aussi longtemps que n\u00e9cessaire. Rien ne doit \u00eatre exclu pour faire \u00e9chec \u00e0 la guerre d&rsquo;agression men\u00e9e par la Russie en <a target=\"_blank\" href=\"https:\/\/x.com\/hashtag\/Ukraine?src=hashtag_click\">#Ukraine<\/a>. C&rsquo;est la s\u00e9curit\u00e9 de l&rsquo;Europe qui est en jeu\u00a0:<\/p>\n<p><img decoding=\"async\" data-entity-uuid=\"c0d89bf7-9779-4981-b0aa-a8da529be4f9\" data-entity-type=\"file\" alt=\"Conf\u00e9rence soutien ukraine\" width=\"580\" height=\"318\" loading=\"lazy\" class=\"lazyload\" src=\"https:\/\/www.francesoir.fr\/sites\/default\/files\/inline-images\/MACRON%20SOUTIEN%20UKRAINE.png\"\/><\/p>\n<p>Leitmotiv qu&rsquo;Emmanuel Macron a <a target=\"_blank\" href=\"https:\/\/youtube.com\/shorts\/J4oJJY-oqj4?si=i2Ldf6QARrX48Rw9\" target=\"_blank\">repris le lendemain<\/a> :<\/p>\n<blockquote>\n<p>\u00ab\u00a0<em>Et donc c&rsquo;est un sursaut strat\u00e9gique auquel j&rsquo;ai appel\u00e9, et que j&rsquo;assume pleinement. Il nous faut \u00eatre lucide sur la r\u00e9alit\u00e9 de la situation qui se joue en Europe, les risques qui sont \u00e0 l\u2019\u0153uvre et ce que nous devons assumer. Je suis convaincu que, justement, la clart\u00e9 assum\u00e9e de ces propos est ce dont l&rsquo;Europe avait besoin. Mais allez plut\u00f4t demander au Pr\u00e9sident Poutine ce qu&rsquo;il est pr\u00eat \u00e0 ne pas faire. Qui a lanc\u00e9 la guerre en Ukraine\u00a0? Vladimir Poutine. Qui menace, quoi que nous fassions, quoi que nous disions, avec l&rsquo;arme nucl\u00e9aire\u00a0? Le Pr\u00e9sident Poutine. Tournez-vous tous vers lui, pour savoir, lui, quelles sont ses limites strat\u00e9giques. Mais si chaque jour nous expliquons quelles sont nos limites, face \u00e0 quelqu&rsquo;un qui n&rsquo;en a aucune et a lanc\u00e9 cette guerre, je peux vous d\u00e9j\u00e0 vous dire que l&rsquo;esprit de d\u00e9faite est l\u00e0 qui rode. Pas chez nous<\/em>.\u00a0\u00bb<\/p>\n<\/blockquote>\n<p><iframe loading=\"lazy\" title=\"\ud83d\udde3\ufe0f Face \u00e0 la Russie, Emmanuel Macron assume &quot;un sursaut strat\u00e9gique&quot;\" width=\"1110\" height=\"624\" src=\"https:\/\/www.youtube.com\/embed\/J4oJJY-oqj4?feature=oembed\" frameborder=\"0\" allow=\"accelerometer; autoplay; clipboard-write; encrypted-media; gyroscope; picture-in-picture; web-share\" referrerpolicy=\"strict-origin-when-cross-origin\" allowfullscreen><\/iframe><\/p>\n<p>Et dans cet exercice propagandiste de mensonges \u00e9tatiques l\u00e9taux, il s&rsquo;est investi compl\u00e8tement, Jean-No\u00ebl Barrot. Notre \u00ab\u00a0psych\u00e9d\u00e9lique\u00a0\u00bb ministre des affaires \u00e9trang\u00e8res, affirme-t-on en off, parce que, effectivement, il semble plausible que, le concernant, \u00ab\u00a0le crack\u00a0\u00bb autre que boursier, Monsieur conna\u00eet. En effet, bizarrement belliqueux, \u00e9trangement surexcit\u00e9 et les yeux \u00e9carquill\u00e9s, c&rsquo;est bel et bien visiblement tel un poss\u00e9d\u00e9 qu&rsquo;il s&rsquo;est employ\u00e9, justement \u00ab\u00a0comme un beau diable\u00a0\u00bb (dixit l&rsquo;expression consacr\u00e9e) \u00ab <a target=\"_blank\" href=\"https:\/\/youtu.be\/bOYHqZ_I_2Q\" target=\"_blank\">\u00e0 pr\u00e9parer les esprits<\/a><em>\u00a0<\/em>\u00bb, a-t-il dit, et d&rsquo;ajouter que c&rsquo;est l\u00e0 sa \u00ab\u00a0mission.\u00a0\u00bb<\/p>\n<p>Traduction: \u00ab\u00a0\u00e7a y est\u00a0! C&rsquo;est reparti pour un tour. Le grand cirque de la manipulation des masses, du lavage de cerveau m\u00e9diatique. Un copier\/coller de la propagande \u00e9tatique fa\u00e7on Joseph Goebbels que nous avons eu \u00e0 subir durant la crise covid, mais en pire. En tr\u00e8s nettement pire pour ce qui est des cons\u00e9quences que cela va avoir pour nous, les Fran\u00e7ais de base.<\/p>\n<p>Je m&rsquo;explique.<\/p>\n<p>Exactement comme concernant le covid, il s&rsquo;agit d&rsquo;une fausse crise. D&rsquo;une crise invent\u00e9e. Cr\u00e9\u00e9e de toutes pi\u00e8ces.<\/p>\n<p>Si\u00a0! Pour le covid, ce n&rsquo;est pas le vaccin qui a \u00e9t\u00e9 cr\u00e9\u00e9 pour pr\u00e9tendument prot\u00e9ger les habitants contre le virus, c&rsquo;est le virus qui a \u00e9t\u00e9 cr\u00e9\u00e9 pour pouvoir imposer le soi-disant \u00ab\u00a0vaccin\u00a0\u00bb anti-covid au maximum d&rsquo;habitants possible. Le virus lui-m\u00eame, et surtout cette crise covid 100 % invent\u00e9e, faussement pr\u00e9sent\u00e9e par les politiciens et les m\u00e9dias comme un danger \u00e9minemment mortel pour la s\u00e9curit\u00e9 du pays. La s\u00e9curit\u00e9 sanitaire en l&rsquo;occurrence. Et bien <em>bis repetita<\/em> aujourd&rsquo;hui avec la Russie qui nous est pareillement faussement pr\u00e9sent\u00e9e comme un danger \u00e9minemment mortel pour la s\u00e9curit\u00e9 du pays, cette fois-ci non pas sanitaire, mais militaire. L&rsquo;int\u00e9grit\u00e9 du territoire national et la vie des habitants. Comment\u00a0? En agitant la fausse menace de la Russie. La menace 100\u2009% invent\u00e9e par Emmanuel Macron et ses sbires, d&rsquo;une attaque militaire par les troupes de Vladimir Poutine. L&rsquo;envahissement programm\u00e9 et imminent de la France par l&rsquo;arm\u00e9e russe.<\/p>\n<p>Et que veulent-ils nous imposer, cette fois-ci, ces tra\u00eetres \u00e0 la confiance du peuple fran\u00e7ais, par l&rsquo;entremise de cette man\u0153uvre politico-m\u00e9diatique sc\u00e9l\u00e9rate, similaire \u00e0 la crise covid\u00a0?<\/p>\n<ul>\n<li>Premi\u00e8rement, augmenter encore les imp\u00f4ts. D&rsquo;o\u00f9 le martellement hyst\u00e9rique par Jean-No\u00ebl Barrot, de \u00ab\u00a0Les Fran\u00e7ais doivent faire des sacrifices.\u00a0\u00bb En p\u00e9cuniaire, donc, s&rsquo;agissant de ce premier point.<\/li>\n<li>Deuxi\u00e8mement, voler l&rsquo;\u00e9pargne des Fran\u00e7ais, \u00e0 savoir ce qu&rsquo;Emmanuel Macron et consorts d\u00e9signent par l&rsquo;expression \u00ab\u00a0<em>solliciter l&rsquo;\u00e9pargne priv\u00e9e<\/em>\u00a0\u00bb pour \u00ab\u00a0<em>financer l&rsquo;effort de guerre<\/em>.\u00a0\u00bb<\/li>\n<li>Et, troisi\u00e8mement (c&rsquo;est en cela que cette fois-ci la man\u0153uvre est tr\u00e8s nettement pire pour la France et les Fran\u00e7ais que concernant le covid), faire accepter \u00e0 un maximum de personnes, l&rsquo;id\u00e9e pourtant totalement fausse, 100% invent\u00e9e, que la Russie de Vladimir Poutine repr\u00e9sente une menace pour notre s\u00e9curit\u00e9. La faire accepter \u00e0 suffisamment de Fran\u00e7ais (au besoin par des sondages falsifi\u00e9s) pour pouvoir imposer, \u00e0 tous les Fran\u00e7ais, les autres \u00ab\u00a0sacrifices\u00a0\u00bb dont Jean-No\u00ebl Barrot a parl\u00e9. Ces sacrifices en sang, cette fois, que tous autant que nous sommes nous allons devoir faire, contraints et forc\u00e9s en application de la loi de programmation militaire qui a \u00e9t\u00e9 vot\u00e9e en ao\u00fbt 2024 quasiment \u00e0 l&rsquo;unanimit\u00e9. \u00c0 savoir, outre le sacrifice susdit d&rsquo;absolument tout ce que nous poss\u00e9dons (biens mobiliers immobiliers qui seront r\u00e9quisitionn\u00e9s ou d\u00e9truits), le sacrifice de nos vies.<\/li>\n<\/ul>\n<p>Car c&rsquo;est pr\u00e9cis\u00e9ment cela qui va arriver, si elle intervient cette guerre militaire contre la Russie dans laquelle Emmanuel Macron s&#8217;emploie \u00e0 nous entra\u00eener sans rel\u00e2che depuis plusieurs mois.<\/p>\n<p>Pourquoi\u00a0?<\/p>\n<p>Parce que cette guerre militaire qui r\u00e9duirait la France \u00e0 un champ de ruines, finaliserait <em>in concreto<\/em> le \u00ab\u00a0<em>Parce que c&rsquo;est notre projet\u00a0!<\/em>\u00a0\u00bb pour lequel Emmanuel Macron a \u00e9t\u00e9 port\u00e9 au pouvoir. \u00c0 savoir l&rsquo;application du principe \u00ab\u00a0tout d\u00e9truire pour mieux reconstruire\u00a0\u00bb qui habite la R\u00e9publique depuis 1789. Les 235 ann\u00e9es de conflits durant lesquels des dizaines de millions de Fran\u00e7ais sont morts. H\u00e9las conform\u00e9ment \u00e0 cette maxime qu&rsquo;Anatole France a couch\u00e9e dans sa lettre au citoyen Cochin\u00a0:<\/p>\n<p class=\"text-align-center\">\u00ab\u00a0<em><strong>On croit mourir pour la patrie, on meurt pour des industriels<\/strong><\/em><strong>.\u00a0<\/strong>\u00bb\u00a0 (1)<\/p>\n<p><img decoding=\"async\" data-entity-uuid=\"b5a67e08-36ee-4d10-9d23-e69ad7f69909\" data-entity-type=\"file\" alt=\"Image\" width=\"462\" height=\"640\" loading=\"lazy\" class=\"lazyload\" src=\"https:\/\/www.francesoir.fr\/sites\/default\/files\/inline-images\/LA%20REPUBLIQUE%20S%20OCCUPE.jpg\"\/><\/p>\n<p>*Et comme je vous l&rsquo;ai dit plus haut, Jean-No\u00ebl Barrot, notre \u00ab\u00a0psych\u00e9d\u00e9lique\u00a0\u00bb ministre des Affaires \u00e9trang\u00e8res, se montre un z\u00e9l\u00e9 relais de la propagande de mort d&rsquo;Emmanuel Macron. Ceci comme lui sans crainte d&rsquo;un ridicule qui ne tue pas, c&rsquo;est vrai, malheureusement pour l&rsquo;avenir de nos enfants.<\/p>\n<p>Non, parce que, \u00e0 l&rsquo;entendre, \u00e0 lui tout seul il pourrait r\u00e9duire \u00e0 n\u00e9ant l&rsquo;arm\u00e9e de Vladimir Poutine. Un fou dangereux \u00e0 ce point, \u00e0 l&rsquo;oppos\u00e9 de la r\u00e9alit\u00e9 des forces militaires en pr\u00e9sence, qu&rsquo;il me fait penser \u00e0 Mohammed Said al-Sahhaf, ministre irakien de l&rsquo;information pendant la deuxi\u00e8me guerre du Golfe (du 23 avril 2001 au\u00a09 avril 2003).<\/p>\n<p>Souvenez-vous. En France, ses d\u00e9clarations surr\u00e9alistes \u00e0 propos du d\u00e9roulement des op\u00e9rations militaires durant ce conflit, ont souvent \u00e9t\u00e9 pastich\u00e9es par les Guignols de l&rsquo;Info.<\/p>\n<p>Car voici <a target=\"_blank\" href=\"https:\/\/www.facebook.com\/share\/v\/14m9VGpAet\/\" target=\"_blank\">quels furent les mots par lesquels Jean-No\u00ebl Barrot<\/a> nous a mis en garde contre une guerre en Europe\u00a0:<\/p>\n<blockquote>\n<p>\u00ab <em>Le Premier Ministre l&rsquo;a dit ce matin, jamais sans doute depuis 1945, le risque d&rsquo;une guerre en Europe, autour de nous, n&rsquo;a \u00e9t\u00e9 aussi \u00e9lev\u00e9 qu&rsquo;aujourd&rsquo;hui. Comment en sommes-nous arriv\u00e9s l\u00e0\u00a0? Il y a dix ans, pour mettre fin \u00e0 la guerre que la Russie avait lanc\u00e9e contre l&rsquo;Ukraine, sans doute avons-nous fait preuve de faiblesse, en acceptant un cessez-le-feu fragile qui a \u00e9t\u00e9 viol\u00e9 par la Russie par vingt fois, et qui ne l&rsquo;a pas emp\u00each\u00e9e de lancer son invasion de l&rsquo;Ukraine \u00e0 grande \u00e9chelle. Et dans le m\u00eame temps, les \u00e9tats-Unis, et c&rsquo;est leur droit, ont d\u00e9cid\u00e9 de se d\u00e9sengager progressivement, en laissant le soin aux Europ\u00e9ens d&rsquo;assurer leur propre s\u00e9curit\u00e9. Aujourd&rsquo;hui, la sentinelle de l&rsquo;Europe, ce sont les Ukrainiens. La premi\u00e8re ligne de d\u00e9fense de l&rsquo;Europe, ce sont les Ukrainiens qui la tiennent, et ils ne s&rsquo;arr\u00eateront pas de combattre tant qu&rsquo;ils n&rsquo;auront pas la garantie de se voir proposer une paix juste, et une paix durable. Et c&rsquo;est ce que nous voulons aussi. Nous voulons la paix. Non pas une pause transitoire, non pas un cessez-le-feu fragile. Nous voulons la paix. Mais face aux vell\u00e9it\u00e9s imp\u00e9rialistes, comme vous les avez appel\u00e9es, pour obtenir cette paix durable, il nous faudra imposer de la r\u00e9sistance, et il nous faudra imposer de la force. C&rsquo;est pourquoi, lorsque la paix aura \u00e9t\u00e9 trouv\u00e9e\u00a0; et je rappelle que quoi qu&rsquo;on entende, les n\u00e9gociations n&rsquo;ont pas encore commenc\u00e9\u00a0; alors les Europ\u00e9ens seront appel\u00e9s \u00e0 contribuer \u00e0 construire cette capacit\u00e9 de dissuasion durable. Et d&rsquo;ici l\u00e0, nous allons continuer \u00e0 amplifier, \u00e0 accro\u00eetre la pression sur Vladimir Poutine et sur la Russie, avec un seizi\u00e8me paquet de sanctions qui sera adopt\u00e9 dans les prochains jours. Nous allons continuer \u00e0 relever notre effort de d\u00e9fense, pour faire doubler nos d\u00e9penses militaires \u00e0 l&rsquo;horizon 2027, mais la d\u00e9fense nationale ne se joue pas seulement dans les d\u00e9penses militaires, elle se joue aussi dans les esprits. Alors ne nous laissons pas intimider par les nouveaux empires. Reprenons notre force morale. Reprenons les forces de l&rsquo;esprit<\/em>.\u00a0\u00bb<\/p>\n<\/blockquote>\n<p>L&rsquo;analyse que nous a livr\u00e9e ici, ce ministre qui joue les va-t-en-guerre parce qu&rsquo;il sait qu&rsquo;il n&rsquo;ira pas la faire, lui, cette guerre, qu&rsquo;il n&rsquo;ira pas mourir au front, contrairement aux millions de Fran\u00e7ais et autres qu&rsquo;il compte y contraindre\u00a0; cette analyse contraste diam\u00e9tralement avec celle, elle 100 % conforme \u00e0 la r\u00e9alit\u00e9 <a target=\"_blank\" href=\"https:\/\/vm.tiktok.com\/ZGevG1bmg\/\" target=\"_blank\">qu&rsquo;a donn\u00e9e Alexander Makgonov, porte-parole de l&rsquo;ambassade de Russie en France<\/a> :<\/p>\n<blockquote>\n<p>\u00ab\u00a0<em>Moi qui ai consacr\u00e9 presque toute ma carri\u00e8re diplomatique aux relations franco-russes, et qui, bon\u00a0: je m&rsquo;y connais un tout petit peu. Je me demande\u00a0: depuis quand la Russie a commenc\u00e9 \u00e0 \u00eatre une menace pour la France\u00a0? Depuis 1814, lorsque la Russie n&rsquo;a pas permis le d\u00e9membrement de la France par les alli\u00e9s de la coalition anti-napol\u00e9onienne\u00a0? Ou depuis 1914, lorsque la Russie a commenc\u00e9 l&rsquo;offensive au front de l&rsquo;Est, ce qui a permis \u00e0 la France de gagner la bataille \u00e0 la Marne\u00a0? Depuis 1916, lorsque la Russie a envoy\u00e9 20,000 soldats pour d\u00e9fendre la France\u00a0sur les fronts en Champagne\u00a0? Ou depuis 1944, lorsque Charles de Gaulle est venu voir Staline pour signer le pacte d&rsquo;entraide, ce qui a permis \u00e0 la France de revenir dans le rang des grandes puissances, vainqueurs contre le nazisme, et ce qui a permis \u00e0 la France de devenir, apr\u00e8s, le membre permanent du Conseil de s\u00e9curit\u00e9 des Nations Unies\u00a0? Ou depuis 1946, lorsque la France a connu une mauvaise r\u00e9colte, et l&rsquo;Union sovi\u00e9tique a envoy\u00e9 400 mille tonnes de bl\u00e9 \u00e0 la France\u00a0? L&rsquo;Union sovi\u00e9tique qui \u00e9tait en ruine \u00e0 l&rsquo;\u00e9poque.\u00a0<\/em>\u00bb Puis de conclure en ces mots\u00a0:<\/p>\n<p><em>\u00ab\u00a0C&rsquo;est depuis quand que la France a commenc\u00e9 \u00e0 d\u00e9tester la Russie\u00a0?<\/em>\u00a0\u00bb<\/p>\n<\/blockquote>\n<p>On peut donc r\u00e9solument d\u00e9duire de tout cela, que s&rsquo;il existe v\u00e9ritablement une menace mortelle pour la France et pour les Fran\u00e7ais, ce n&rsquo;est pas la Russie de Vladimir Poutine. Non. Cette menace mortelle qui p\u00e8se \u00e9galement sur l&rsquo;avenir de nos enfants, celui qui la fait peser, c&rsquo;est l&rsquo;ennemi public n\u00b0 1\u00a0de la France et des Fran\u00e7ais : Emmanuel Macron.<\/p>\n<p>Et\u00a0en cette journ\u00e9e marqu\u00e9e par <a target=\"_blank\" href=\"https:\/\/edition.francesoir.fr\/politique-monde\/arrestation-de-calin-georgescu-un-tournant-controverse-dans-la-politique-roumaine\">l&rsquo;arrestation puis la lib\u00e9ration sous conditions de Calin Georgescu en Roumanie<\/a>, on est en droit de se demander si l&rsquo;ennemi de la France en sus d&rsquo;Emmanuel Macron, n&rsquo;est pas l&rsquo;Union europ\u00e9enne et ce projet f\u00e9d\u00e9raliste lanc\u00e9 tel un tanker sur un banc de sable en vue. Georgescu, candidat arriv\u00e9 en t\u00eate avec 23% des voix lors de l&rsquo;\u00e9lection pr\u00e9sidentielle en Roumanie\u00a0en novembre 2024, a \u00e9t\u00e9 relach\u00e9 sous conditions : \u00ab\u00a0<em>il ne peut pas\u00a0s&rsquo;exprimer dans\u00a0les\u00a0m\u00e9dias, ni cr\u00e9er de comptes sur les r\u00e9seaux sociaux<\/em>\u00ab\u00a0. Une censure moderne au grand jour que les commentateurs oppos\u00e9s au f\u00e9d\u00e9ralisme bruxellois n&rsquo;h\u00e9sitent pas \u00e0 expliquer de la mani\u00e8re suivante : \u00ab c&rsquo;est une tentative d\u00e9sesp\u00e9r\u00e9e de coop\u00e9ration avec Bruxelles \u00bb.\u00a0<\/p>\n<p>Rappelons que dans <a target=\"_blank\" href=\"https:\/\/www.francesoir.fr\/politique-france-monde-societe-economie-sante-environnement\/la-politique-poursuivie-par-emmanuel\" target=\"_blank\">un sondage r\u00e9cent<\/a>, les Fran\u00e7ais se sont majoritairement oppos\u00e9s \u00e0 une Europe f\u00e9d\u00e9rale favorisant une Europe des Nations,\u00a0<strong>58 % voulant une Europe des Nations<\/strong>\u00a0avec des \u00c9tats souverains dans leurs pays et qui g\u00e8rent entre eux uniquement des\u00a0<strong>accords commerciaux<\/strong>. Et\u00a0<strong>53 % sont contre une Europe f\u00e9d\u00e9rale avec un pr\u00e9sident et des ministres europ\u00e9ens<\/strong>\u00a0qui remplaceraient nos dirigeants nationaux.<\/p>\n<p><img decoding=\"async\" alt=\"Quelle Europe ? - janvier 2025\" width=\"3364\" height=\"1063\" loading=\"lazy\" class=\"lazyload\" src=\"https:\/\/www.francesoir.fr\/sites\/default\/files\/inline-images\/2025_01_16_Q16%20quelle%20europe%20voulez%20vous.png\"\/><\/p>\n<p>Les d\u00e9boires de Georgescu et tous ceux qui se mettent au travers de la route de ce projet f\u00e9d\u00e9ral europ\u00e9en se trouvent imm\u00e9diatement vilipend\u00e9s, arr\u00eat\u00e9s tels des opposants politiques. Opposants, ils sont, mais opposants au projet construit par des \u00e9lites que le peuple ne veut pas.\u00a0<\/p>\n<p>L&rsquo;UE, espace de droit et de libert\u00e9, s&rsquo;av\u00e8re donc \u00eatre celui de leurs droits et de leurs libert\u00e9s contre ceux du peuple, des peuples. Des droits fondamentaux qu&rsquo;il faut d\u00e9fendre tel que Fr\u00e9d\u00e9ric Baldan, ou George Simion et Calin Georgescu en Roumanie, ainsi que tant d&rsquo;autres, font en prenant les coups, en se faisant arr\u00eater par le pouvoir en place qu&rsquo;ils d\u00e9rangent. \u00ab R\u00e9sistez, r\u00e9sistez, car ils ont le pouvoir, ils ne le rendent jamais \u00bb avait dit Robert Kennedy Jr. \u00a0C&rsquo;est bien ce qu&rsquo;ils font.\u00a0<\/p>\n<p>\u00a0<\/p>\n<p>1) Anatole France dit \u00e9galement ceci dans sa lettre au citoyen Cochin \u00e0 propos de la guerre 14-18\u00a0: \u00ab <em>La guerre mondiale fut essentiellement l\u2019\u0153uvre des hommes d\u2019argent, que ce sont les hauts industriels des diff\u00e9rents \u00c9tats de l\u2019Europe qui, tout d\u2019abord, la voulurent, la rendirent n\u00e9cessaire, la firent, la prolong\u00e8rent. Ils en firent leur \u00e9tat, mirent en jeu leur fortune, en tir\u00e8rent d\u2019immenses b\u00e9n\u00e9fices et s\u2019y livr\u00e8rent avec\u00a0tant d\u2019ardeur, qu\u2019ils ruin\u00e8rent l\u2019Europe, se ruin\u00e8rent eux-m\u00eames et disloqu\u00e8rent le monde.<\/em>\u00a0\u00bb<\/p>\n<p>Et cela, citant Michel Corday (livre \u00ab\u00a0Les\u00a0<em>Hauts Fourneaux<\/em>\u00a0\u00bb, page 63)<em>\u00a0<\/em>:<\/p>\n<p>\u00ab\u00a0<em>Ces hommes-l\u00e0, ils ressemblent \u00e0 leurs hauts fourneaux, \u00e0 ces tours f\u00e9odales dress\u00e9es face \u00e0 face le long des fronti\u00e8res, et dont il faut sans cesse, le jour, la nuit, emplir les entrailles d\u00e9vorantes de minerai, de charbon, afin que ruisselle au bas la coul\u00e9e du m\u00e9tal. Eux aussi, leur insatiable app\u00e9tit exige qu\u2019on jette au feu, sans rel\u00e2che, dans la paix, dans la guerre, et toutes les richesses du sol, et tous les fruits du travail, et les hommes, oui, les hommes m\u00eames, par troupeaux, par arm\u00e9es, tous pr\u00e9cipit\u00e9s p\u00eale-m\u00eale dans la fournaise b\u00e9ante, afin\u00a0que s\u2019amassent \u00e0 leurs pieds les lingots, encore plus de lingots, toujours plus de lingots\u2026 Oui, voil\u00e0 bien leur embl\u00e8me, leurs armes parlantes, \u00e0 leur image. Ce sont eux les vrais hauts fourneaux\u00a0!<\/em>\u00a0\u00bb<\/p>\n<p>Ainsi que ceci, en prolongement de ce constat, un constat qui tristement correspond parfaitement \u00e0 la propagande de guerre actuelle \u00e0 laquelle Emmanuel Macron et consorts se livrent\u00a0:<\/p>\n<p>\u00ab\u00a0<em>Ces ma\u00eetres de l\u2019heure poss\u00e9daient les trois choses n\u00e9cessaires aux grandes entreprises modernes\u00a0: des usines, des banques, des journaux. Michel Corday\u00a0nous montre comment ils us\u00e8rent de ces trois machines \u00e0 broyer le monde. Que cette haine a \u00e9t\u00e9 forg\u00e9e par les grands journaux, qui restent coupables, encore \u00e0 cette heure, d\u2019un \u00e9tat d\u2019esprit qui conduit la France, avec l\u2019Europe enti\u00e8re, \u00e0 sa ruine totale<\/em>.\u00a0\u00bb<\/p>\n<p>\u00a0<\/p>\n<p>\u00a0<\/p>\n<\/div>\n<p><script>(function(d, s, id) {  var js, fjs = d.getElementsByTagName(s)[0];  if (d.getElementById(id)) return;  js = d.createElement(s); js.id = id;  js.src = \"\/\/connect.facebook.net\/fr_FR\/sdk.js#xfbml=1&version=v2.3\";  fjs.parentNode.insertBefore(js, fjs);}(document, \"script\", \"facebook-jssdk\"));<\/script><br \/>\n<br \/><br \/>\n<br \/><a href=\"https:\/\/www.francesoir.fr\/opinions-editos\/depuis-quand-la-russie-est-elle-une-menace-pour-la-france\" target=\"_blank\"\">Source link <\/a><\/p>\n","protected":false},"excerpt":{"rendered":"<p>Comme \u00ab\u00a0Le Professeur Rollin\u00a0\u00bb \u00a0Emmanuel Macron \u00ab\u00a0a toujours quelque chose \u00e0 dire\u00a0!\u00a0\u00bb Malheureusement pour la France et pour les Fran\u00e7ais, premi\u00e8rement, Emmanuel Macron, lui, il n&rsquo;est jamais dr\u00f4le, et ensuite&hellip; <\/p>\n","protected":false},"author":1,"featured_media":3413,"comment_status":"open","ping_status":"open","sticky":false,"template":"","format":"standard","meta":{"footnotes":""},"categories":[1],"tags":[],"class_list":["post-3412","post","type-post","status-publish","format-standard","has-post-thumbnail","hentry","category-non-classe"],"_links":{"self":[{"href":"https:\/\/monde25.info\/index.php\/wp-json\/wp\/v2\/posts\/3412","targetHints":{"allow":["GET"]}}],"collection":[{"href":"https:\/\/monde25.info\/index.php\/wp-json\/wp\/v2\/posts"}],"about":[{"href":"https:\/\/monde25.info\/index.php\/wp-json\/wp\/v2\/types\/post"}],"author":[{"embeddable":true,"href":"https:\/\/monde25.info\/index.php\/wp-json\/wp\/v2\/users\/1"}],"replies":[{"embeddable":true,"href":"https:\/\/monde25.info\/index.php\/wp-json\/wp\/v2\/comments?post=3412"}],"version-history":[{"count":0,"href":"https:\/\/monde25.info\/index.php\/wp-json\/wp\/v2\/posts\/3412\/revisions"}],"wp:featuredmedia":[{"embeddable":true,"href":"https:\/\/monde25.info\/index.php\/wp-json\/wp\/v2\/media\/3413"}],"wp:attachment":[{"href":"https:\/\/monde25.info\/index.php\/wp-json\/wp\/v2\/media?parent=3412"}],"wp:term":[{"taxonomy":"category","embeddable":true,"href":"https:\/\/monde25.info\/index.php\/wp-json\/wp\/v2\/categories?post=3412"},{"taxonomy":"post_tag","embeddable":true,"href":"https:\/\/monde25.info\/index.php\/wp-json\/wp\/v2\/tags?post=3412"}],"curies":[{"name":"wp","href":"https:\/\/api.w.org\/{rel}","templated":true}]}}