{"id":3426,"date":"2025-02-27T04:03:46","date_gmt":"2025-02-27T03:03:46","guid":{"rendered":"https:\/\/monde25.info\/index.php\/2025\/02\/27\/le-grand-enfermement-etait-il-necessaire-par-theo-boulakia-nicolas-mariot-le-monde-diplomatique-mars-2025\/"},"modified":"2025-02-27T04:03:46","modified_gmt":"2025-02-27T03:03:46","slug":"le-grand-enfermement-etait-il-necessaire-par-theo-boulakia-nicolas-mariot-le-monde-diplomatique-mars-2025","status":"publish","type":"post","link":"https:\/\/monde25.info\/index.php\/2025\/02\/27\/le-grand-enfermement-etait-il-necessaire-par-theo-boulakia-nicolas-mariot-le-monde-diplomatique-mars-2025\/","title":{"rendered":"Le grand enfermement \u00e9tait-il n\u00e9cessaire ?, par Th\u00e9o Boulakia &#038; Nicolas Mariot (Le Monde diplomatique, mars 2025)"},"content":{"rendered":"<p> <br \/>\n<\/p>\n<div couleurfade=\"fde9e5\" couleurclaire=\"f5e7d5\" couleurpale=\"f3d0a4\" couleurmi=\"be2e0d\" couleurfoncee=\"8e220a\" couleursombre=\"2f0b03\" couleurfond=\"7b554c\" couleurtexte=\"ffffff\">\n<div class=\"enapercu\">\n<p><span class=\"mot-lettrine\"><span class=\"lettrine\">A<\/span>u<\/span> printemps 2020, le premier confinement sanitaire fait partie des tr\u00e8s rares sujets sur lesquels tout le monde exprime une opinion, souvent assez tranch\u00e9e. Et qui s\u2019appuie sur un horizon et des exemples limit\u00e9s\u00a0: la gestion \u00ab<small class=\"fine\">\u00a0<\/small>totalitaire<small class=\"fine\">\u00a0<\/small>\u00bb chinoise, le \u00ab<small class=\"fine\">\u00a0<\/small>laxisme<small class=\"fine\">\u00a0<\/small>\u00bb su\u00e9dois, les d\u00e9cisions erratiques de MM.\u00a0Donald Trump aux \u00c9tats-Unis ou Jair Bolsonaro au Br\u00e9sil. Au milieu, un flou mar\u00e9cageux dans lequel se dessinerait quelque chose comme un mod\u00e8le mondial de gestion de la pand\u00e9mie m\u00e9langeant avec plus ou moins de duret\u00e9 une fermeture des fronti\u00e8res, des \u00e9coles, des commerces et des lieux de travail \u00ab<small class=\"fine\">\u00a0<\/small>non essentiels<small class=\"fine\">\u00a0<\/small>\u00bb, une interdiction des rassemblements et des \u00e9v\u00e9nements publics, et enfin une assignation \u00e0 r\u00e9sidence avec contr\u00f4le policier.<\/p>\n<p>Cinq ans plus tard, l\u2019image a gagn\u00e9 en nettet\u00e9. Face \u00e0 une m\u00eame situation de grande incertitude (<i>\u00ab<small class=\"fine\">\u00a0<\/small>Nous devons prendre 100<small class=\"fine\">\u00a0<\/small>% des d\u00e9cisions avec 50<small class=\"fine\">\u00a0<\/small>% du savoir<small class=\"fine\">\u00a0<\/small>\u00bb,<\/i> disait \u00e0 l\u2019\u00e9poque le premier ministre n\u00e9erlandais), les gouvernements ont opt\u00e9 pour des politiques parfois tr\u00e8s diff\u00e9rentes. Ce constat soul\u00e8ve une question \u00e0 la fois simple et essentielle\u00a0: le choix d\u2019un enfermement strict \u00e9tait-il in\u00e9vitable<small class=\"fine\">\u00a0<\/small>? Autrement dit, la duret\u00e9 des mesures prises a-t-elle conduit \u00e0 emp\u00eacher la progression mortelle du Covid-19, ou d\u2019autres solutions, moins restrictives sur le plan des libert\u00e9s publiques, ont-elles abouti \u00e0 de meilleurs r\u00e9sultats<small class=\"fine\">\u00a0<\/small>? Y r\u00e9pondre n\u2019a pas pour objet de \u00ab<small class=\"fine\">\u00a0<\/small>refaire le match<small class=\"fine\">\u00a0<\/small>\u00bb, mais d\u2019inviter \u00e0 r\u00e9fl\u00e9chir \u00e0 ce que l\u2019on fait quand on suspend l\u2019\u00c9tat de droit, f\u00fbt-ce au nom de politiques de protection sanitaire.<\/p>\n<p>Quelques semaines apr\u00e8s le d\u00e9but de la pand\u00e9mie, de nombreuses \u00e9quipes de chercheurs ont commenc\u00e9 \u00e0 archiver et classer les politiques sanitaires, pour les publier sous forme de bases de donn\u00e9es librement accessibles. Mais il faut, pour les analyser, lever un malentendu sur le terme m\u00eame de \u00ab<small class=\"fine\">\u00a0<\/small>confinement<small class=\"fine\">\u00a0<\/small>\u00bb \u2014 en anglais, <i>lockdown.<\/i> Utilis\u00e9 dans de nombreuses recherches, il d\u00e9signe p\u00eale-m\u00eale la fermeture des \u00e9coles, celle des fronti\u00e8res, l\u2019interdiction des rassemblements\u00a0(&#8230;)<\/p>\n<\/p><\/div>\n<p>Taille de l\u2019article complet\u00a0:\u00a0<span>1\u00a0436<\/span>\u00a0mots.<\/p>\n<div class=\"promo_dispo_article\">\n<h2 class=\"avantbloc\">\n\tCet article est r\u00e9serv\u00e9 aux\u00a0abonn\u00e9s<\/p>\n<\/h2>\n<div class=\"abo_inst\">\n\t<strong>Lyc\u00e9es, biblioth\u00e8ques, administrations, entreprises,<\/strong><br \/>\n\tacc\u00e9dez \u00e0 la base de donn\u00e9es en ligne de tous les articles du <i>Monde diplomatique<\/i> de 1954 \u00e0 nos\u00a0jours.<br \/>\n\t<a target=\"_blank\" id=\"pw-institutions\" class=\"suivi\" href=\"https:\/\/www.monde-diplomatique.fr\/archives\/institutions\">Retrouvez cette\u00a0offre sp\u00e9cifique<\/a>.\n<\/div>\n<\/div><\/div>\n<div>\n<p class=\"nom\">Th\u00e9o Boulakia <span class=\"et\">&amp;<\/span> <\/p>\n<p>\tNicolas Mariot<\/p>\n<p>\n\t\t\t\t\tSociologues. Auteurs de L\u2019Attestation. Une exp\u00e9rience d\u2019ob\u00e9issance de masse, printemps\u00a02020, Anamosa, Paris, 2023.<\/p>\n<\/p><\/div>\n<p><br \/>\n<br \/><a href=\"https:\/\/www.monde-diplomatique.fr\/2025\/03\/BOULAKIA\/68143\" target=\"_blank\"\">Source link <\/a><\/p>\n","protected":false},"excerpt":{"rendered":"<p>Au printemps 2020, le premier confinement sanitaire fait partie des tr\u00e8s rares sujets sur lesquels tout le monde exprime une opinion, souvent assez tranch\u00e9e. Et qui s\u2019appuie sur un horizon&hellip; <\/p>\n","protected":false},"author":1,"featured_media":3427,"comment_status":"open","ping_status":"open","sticky":false,"template":"","format":"standard","meta":{"footnotes":""},"categories":[1],"tags":[],"class_list":["post-3426","post","type-post","status-publish","format-standard","has-post-thumbnail","hentry","category-non-classe"],"_links":{"self":[{"href":"https:\/\/monde25.info\/index.php\/wp-json\/wp\/v2\/posts\/3426","targetHints":{"allow":["GET"]}}],"collection":[{"href":"https:\/\/monde25.info\/index.php\/wp-json\/wp\/v2\/posts"}],"about":[{"href":"https:\/\/monde25.info\/index.php\/wp-json\/wp\/v2\/types\/post"}],"author":[{"embeddable":true,"href":"https:\/\/monde25.info\/index.php\/wp-json\/wp\/v2\/users\/1"}],"replies":[{"embeddable":true,"href":"https:\/\/monde25.info\/index.php\/wp-json\/wp\/v2\/comments?post=3426"}],"version-history":[{"count":0,"href":"https:\/\/monde25.info\/index.php\/wp-json\/wp\/v2\/posts\/3426\/revisions"}],"wp:featuredmedia":[{"embeddable":true,"href":"https:\/\/monde25.info\/index.php\/wp-json\/wp\/v2\/media\/3427"}],"wp:attachment":[{"href":"https:\/\/monde25.info\/index.php\/wp-json\/wp\/v2\/media?parent=3426"}],"wp:term":[{"taxonomy":"category","embeddable":true,"href":"https:\/\/monde25.info\/index.php\/wp-json\/wp\/v2\/categories?post=3426"},{"taxonomy":"post_tag","embeddable":true,"href":"https:\/\/monde25.info\/index.php\/wp-json\/wp\/v2\/tags?post=3426"}],"curies":[{"name":"wp","href":"https:\/\/api.w.org\/{rel}","templated":true}]}}