{"id":3434,"date":"2025-02-27T06:15:24","date_gmt":"2025-02-27T05:15:24","guid":{"rendered":"https:\/\/monde25.info\/index.php\/2025\/02\/27\/le-statut-de-rome-ne-sapplique-quaux-ennemis-de-loccident-tranche-un-juriste-francais\/"},"modified":"2025-02-27T06:15:24","modified_gmt":"2025-02-27T05:15:24","slug":"le-statut-de-rome-ne-sapplique-quaux-ennemis-de-loccident-tranche-un-juriste-francais","status":"publish","type":"post","link":"https:\/\/monde25.info\/index.php\/2025\/02\/27\/le-statut-de-rome-ne-sapplique-quaux-ennemis-de-loccident-tranche-un-juriste-francais\/","title":{"rendered":"Le statut de Rome \u00ab\u00a0ne s&rsquo;applique qu&rsquo;aux ennemis de l&rsquo;Occident\u00a0\u00bb, tranche un juriste fran\u00e7ais"},"content":{"rendered":"<p> <br \/>\n<\/p>\n<div itemscope=\"\" itemtype=\"https:\/\/schema.org\/Article\">\n<p>https:\/\/fr.sputniknews.africa\/20250226\/le-statut-de-rome-ne-sapplique-quaux-ennemis-de-loccident-tranche-un-juriste-francais-1070836288.html<\/p>\n<p><a target=\"_blank\" itemprop=\"url\" href=\"https:\/\/fr.sputniknews.africa\/20250226\/le-statut-de-rome-ne-sapplique-quaux-ennemis-de-loccident-tranche-un-juriste-francais-1070836288.html\" title=\"Le statut de Rome &quot;ne s'applique qu'aux ennemis de l'Occident&quot;, tranche un juriste fran\u00e7ais\"\/><\/p>\n<p>Le statut de Rome \u00ab\u00a0ne s&rsquo;applique qu&rsquo;aux ennemis de l&rsquo;Occident\u00a0\u00bb, tranche un juriste fran\u00e7ais<\/p>\n<p>Le statut de Rome \u00ab\u00a0ne s&rsquo;applique qu&rsquo;aux ennemis de l&rsquo;Occident\u00a0\u00bb, tranche un juriste fran\u00e7ais<\/p>\n<p>Sputnik Afrique<\/p>\n<p>Arnaud Develay r\u00e9agit ainsi aux propos du futur chancelier allemand qui s&rsquo;est dit pr\u00eat \u00e0 accueillir Netanyahou malgr\u00e9 le mandat d\u2019arr\u00eat de la CPI. 26.02.2025, Sputnik Afrique<\/p>\n<p>2025-02-26T18:06+0100<\/p>\n<p>2025-02-26T18:06+0100<\/p>\n<p>2025-02-26T18:06+0100<\/p>\n<p>opinion<\/p>\n<p>cour p\u00e9nale internationale (cpi)<\/p>\n<p>friedrich merz<\/p>\n<p>benjamin netanyahou<\/p>\n<p>france<\/p>\n<p>mandat d&rsquo;arr\u00eat international<\/p>\n<p>https:\/\/cdn1.img.sputniknews.africa\/img\/07e8\/0b\/1c\/1069459648_0:0:3072:1728_1920x0_80_0_0_aa93a7d2dff13a8acb19f557d0cc110f.jpg<\/p>\n<p>Or, le PM isra\u00e9lien b\u00e9n\u00e9ficie d&rsquo;un \u00ab\u00a0traitement de faveur\u00a0\u00bb en Occident, selon lui. Ainsi, il s&rsquo;est rendu \u00e0 Washington et a d\u00fb passer par l&rsquo;espace a\u00e9rien fran\u00e7ais, mais Paris a invoqu\u00e9 le fait qu&rsquo;Isra\u00ebl n&rsquo;a pas ratifi\u00e9 le trait\u00e9 de Rome.   Il reste r\u00e9serv\u00e9 quant \u00e0 l&rsquo;id\u00e9e de r\u00e9former cette institution internationale, tout comme le Conseil de s\u00e9curit\u00e9 de l&rsquo;Onu, car elle refl\u00e8te la \u00ab\u00a0distribution de pouvoir\u00a0\u00bb dans le monde.   <\/p>\n<p>france<\/p>\n<div itemprop=\"copyrightHolder\" itemscope=\"\" itemtype=\"http:\/\/schema.org\/Organization\">\n<p>Sputnik Afrique<\/p>\n<p><a target=\"_blank\" itemprop=\"url\" href=\"https:\/\/fr.sputniknews.africa\" title=\"Sputnik Afrique\"> <\/a><\/p>\n<p>feedback.fr@sputniknews.com<\/p>\n<p>+74956456601<\/p>\n<p>MIA \u201eRossiya Segodnya\u201c<\/p>\n<p><a target=\"_blank\" itemprop=\"sameAs\" href=\"https:\/\/t.me\/sputnik_afrique\"> <\/a><a target=\"_blank\" itemprop=\"sameAs\" href=\"https:\/\/t.me\/sputnik_africa\"> <\/a><a target=\"_blank\" itemprop=\"sameAs\" href=\"https:\/\/t.me\/sputnik_ethiopia\"> <\/a><a target=\"_blank\" itemprop=\"sameAs\" href=\"https:\/\/x.com\/sputnik_afrique\"> <\/a><a target=\"_blank\" itemprop=\"sameAs\" href=\"https:\/\/x.com\/sputnik_africa\"> <\/a><\/div>\n<p>2025<\/p>\n<div itemprop=\"creator\" itemscope=\"\" itemtype=\"http:\/\/schema.org\/Organization\">\n<p>Sputnik Afrique<\/p>\n<p><a target=\"_blank\" itemprop=\"url\" href=\"https:\/\/fr.sputniknews.africa\" title=\"Sputnik Afrique\"> <\/a><\/p>\n<p>feedback.fr@sputniknews.com<\/p>\n<p>+74956456601<\/p>\n<p>MIA \u201eRossiya Segodnya\u201c<\/p>\n<p><a target=\"_blank\" itemprop=\"sameAs\" href=\"https:\/\/t.me\/sputnik_afrique\"> <\/a><a target=\"_blank\" itemprop=\"sameAs\" href=\"https:\/\/t.me\/sputnik_africa\"> <\/a><a target=\"_blank\" itemprop=\"sameAs\" href=\"https:\/\/t.me\/sputnik_ethiopia\"> <\/a><a target=\"_blank\" itemprop=\"sameAs\" href=\"https:\/\/x.com\/sputnik_afrique\"> <\/a><a target=\"_blank\" itemprop=\"sameAs\" href=\"https:\/\/x.com\/sputnik_africa\"> <\/a><\/div>\n<p>Actus<\/p>\n<p>fr_FR<\/p>\n<div itemprop=\"sourceOrganization\" itemscope=\"\" itemtype=\"http:\/\/schema.org\/Organization\">\n<p>Sputnik Afrique<\/p>\n<p><a target=\"_blank\" itemprop=\"url\" href=\"https:\/\/fr.sputniknews.africa\" title=\"Sputnik Afrique\"> <\/a><\/p>\n<p>feedback.fr@sputniknews.com<\/p>\n<p>+74956456601<\/p>\n<p>MIA \u201eRossiya Segodnya\u201c<\/p>\n<p><a target=\"_blank\" itemprop=\"sameAs\" href=\"https:\/\/t.me\/sputnik_afrique\"> <\/a><a target=\"_blank\" itemprop=\"sameAs\" href=\"https:\/\/t.me\/sputnik_africa\"> <\/a><a target=\"_blank\" itemprop=\"sameAs\" href=\"https:\/\/t.me\/sputnik_ethiopia\"> <\/a><a target=\"_blank\" itemprop=\"sameAs\" href=\"https:\/\/x.com\/sputnik_afrique\"> <\/a><a target=\"_blank\" itemprop=\"sameAs\" href=\"https:\/\/x.com\/sputnik_africa\"> <\/a><\/div>\n<p><a target=\"_blank\" itemprop=\"thumbnailUrl\" href=\"https:\/\/cdn1.img.sputniknews.africa\/img\/07e8\/0b\/1c\/1069459648_0:0:3072:1728_1920x0_80_0_0_aa93a7d2dff13a8acb19f557d0cc110f.jpg\"\/><a target=\"_blank\" itemprop=\"thumbnailUrl\" href=\"https:\/\/cdn1.img.sputniknews.africa\/img\/07e8\/0b\/1c\/1069459648_188:0:2919:2048_1920x0_80_0_0_9e644b084d9e157396b333e5423b8032.jpg\">https:\/\/cdn1.img.sputniknews.africa\/img\/07e8\/0b\/1c\/1069459648_188:0:2919:2048_1920x0_80_0_0_9e644b084d9e157396b333e5423b8032.jpg<\/a><a target=\"_blank\" itemprop=\"thumbnailUrl\" href=\"https:\/\/cdn1.img.sputniknews.africa\/img\/07e8\/0b\/1c\/1069459648_529:0:2577:2048_1920x0_80_0_0_5e4ccf1550737c2de675af4f390b4525.jpg\" title=\"Emmanuel Macron et Benjamin Netanyahou, \u00e0 Jerusalem, le 22 janvier 2020\"\/><\/p>\n<div itemprop=\"publisher\" itemscope=\"\" itemtype=\"http:\/\/schema.org\/Organization\">\n<p>Sputnik Afrique<\/p>\n<p><a target=\"_blank\" itemprop=\"url\" href=\"https:\/\/fr.sputniknews.africa\" title=\"Sputnik Afrique\"> <\/a><\/p>\n<p>feedback.fr@sputniknews.com<\/p>\n<p>+74956456601<\/p>\n<p>MIA \u201eRossiya Segodnya\u201c<\/p>\n<p><a target=\"_blank\" itemprop=\"sameAs\" href=\"https:\/\/t.me\/sputnik_afrique\"> <\/a><a target=\"_blank\" itemprop=\"sameAs\" href=\"https:\/\/t.me\/sputnik_africa\"> <\/a><a target=\"_blank\" itemprop=\"sameAs\" href=\"https:\/\/t.me\/sputnik_ethiopia\"> <\/a><a target=\"_blank\" itemprop=\"sameAs\" href=\"https:\/\/x.com\/sputnik_afrique\"> <\/a><a target=\"_blank\" itemprop=\"sameAs\" href=\"https:\/\/x.com\/sputnik_africa\"> <\/a><\/div>\n<p>opinion, cour p\u00e9nale internationale (cpi), friedrich merz, benjamin netanyahou, france, mandat d&rsquo;arr\u00eat international<\/p>\n<div itemprop=\"about\" itemscope=\"\" itemtype=\"https:\/\/schema.org\/Thing\">\n<p>opinion, cour p\u00e9nale internationale (cpi), friedrich merz, benjamin netanyahou, france, mandat d&rsquo;arr\u00eat international<\/p>\n<\/div>\n<\/div>\n<div>\n<p>Arnaud Develay r\u00e9agit ainsi aux propos du futur chancelier allemand qui s&rsquo;est dit pr\u00eat \u00e0 accueillir Netanyahou malgr\u00e9 le mandat d\u2019arr\u00eat de la CPI.<\/p>\n<\/div>\n<div>\n<div class=\"article__block\" data-type=\"quote\">\n<div class=\"article__quote\">\n<div class=\"article__quote-text\">\n<p>\u00ab\u00a0Tous les signataires pour peu qu&rsquo;ils aient la possibilit\u00e9 de proc\u00e9der \u00e0 l&rsquo;interpellation d&rsquo;une personne qui fait l&rsquo;objet d&rsquo;un mandat d&rsquo;arr\u00eat international doivent mettre en \u0153uvre toutes les diligences pour parvenir \u00e0 cette arrestation\u00a0\u00bb, rappelle l&rsquo;analyste en droit international.<\/p>\n<\/div>\n<\/div>\n<\/div>\n<div class=\"article__block\" data-type=\"text\">\n<p>Or, le PM isra\u00e9lien b\u00e9n\u00e9ficie d&rsquo;un \u00ab\u00a0traitement de faveur\u00a0\u00bb en Occident, selon lui. Ainsi, il s&rsquo;est rendu \u00e0 Washington et a d\u00fb passer par l&rsquo;espace a\u00e9rien fran\u00e7ais, mais Paris a invoqu\u00e9 le fait qu&rsquo;Isra\u00ebl n&rsquo;a pas ratifi\u00e9 le trait\u00e9 de Rome.   <\/p>\n<\/div>\n<div class=\"article__block\" data-type=\"quote\">\n<div class=\"article__quote\">\n<p>\u00ab\u00a0Pour peu que vous soyez dans les petits papiers de cet Occident, vous ne risquez absolument rien\u00a0\u00bb, regrette M.Develay.   <\/p>\n<\/div>\n<\/div>\n<div class=\"article__block\" data-type=\"text\">\n<p>Il reste r\u00e9serv\u00e9 quant \u00e0 l&rsquo;id\u00e9e de r\u00e9former cette institution internationale, tout comme le Conseil de s\u00e9curit\u00e9 de l&rsquo;Onu, car elle refl\u00e8te la \u00ab\u00a0distribution de pouvoir\u00a0\u00bb dans le monde.   <\/p>\n<\/div>\n<div class=\"article__block\" data-type=\"quote\">\n<div class=\"article__quote\">\n<p>\u00ab\u00a0Il est difficile d&rsquo;imaginer que l&rsquo;on puisse avoir des r\u00e9formes qui seraient de nature \u00e0 remettre en cause cette h\u00e9g\u00e9monie\u00a0\u00bb, explique l&rsquo;homme de loi.<\/p>\n<\/div>\n<\/div>\n<\/div>\n<p><script async=\"async\" type=\"text\/plain\" class=\"_iub_cs_activate\" data-iub-purposes=\"3\" data-suppressedsrc=\"https:\/\/connect.facebook.net\/en_US\/sdk.js#xfbml=1&amp;version=v3.2\"><\/script><br \/>\n<br \/><br \/>\n<br \/><a href=\"https:\/\/fr.sputniknews.africa\/20250226\/le-statut-de-rome-ne-sapplique-quaux-ennemis-de-loccident-tranche-un-juriste-francais-1070836288.html\" target=\"_blank\"\">Source link <\/a><\/p>\n","protected":false},"excerpt":{"rendered":"<p>https:\/\/fr.sputniknews.africa\/20250226\/le-statut-de-rome-ne-sapplique-quaux-ennemis-de-loccident-tranche-un-juriste-francais-1070836288.html Le statut de Rome \u00ab\u00a0ne s&rsquo;applique qu&rsquo;aux ennemis de l&rsquo;Occident\u00a0\u00bb, tranche un juriste fran\u00e7ais Le statut de Rome \u00ab\u00a0ne s&rsquo;applique qu&rsquo;aux ennemis de l&rsquo;Occident\u00a0\u00bb, tranche un juriste fran\u00e7ais Sputnik&hellip; <\/p>\n","protected":false},"author":1,"featured_media":3435,"comment_status":"open","ping_status":"open","sticky":false,"template":"","format":"standard","meta":{"footnotes":""},"categories":[1],"tags":[],"class_list":["post-3434","post","type-post","status-publish","format-standard","has-post-thumbnail","hentry","category-non-classe"],"_links":{"self":[{"href":"https:\/\/monde25.info\/index.php\/wp-json\/wp\/v2\/posts\/3434","targetHints":{"allow":["GET"]}}],"collection":[{"href":"https:\/\/monde25.info\/index.php\/wp-json\/wp\/v2\/posts"}],"about":[{"href":"https:\/\/monde25.info\/index.php\/wp-json\/wp\/v2\/types\/post"}],"author":[{"embeddable":true,"href":"https:\/\/monde25.info\/index.php\/wp-json\/wp\/v2\/users\/1"}],"replies":[{"embeddable":true,"href":"https:\/\/monde25.info\/index.php\/wp-json\/wp\/v2\/comments?post=3434"}],"version-history":[{"count":0,"href":"https:\/\/monde25.info\/index.php\/wp-json\/wp\/v2\/posts\/3434\/revisions"}],"wp:featuredmedia":[{"embeddable":true,"href":"https:\/\/monde25.info\/index.php\/wp-json\/wp\/v2\/media\/3435"}],"wp:attachment":[{"href":"https:\/\/monde25.info\/index.php\/wp-json\/wp\/v2\/media?parent=3434"}],"wp:term":[{"taxonomy":"category","embeddable":true,"href":"https:\/\/monde25.info\/index.php\/wp-json\/wp\/v2\/categories?post=3434"},{"taxonomy":"post_tag","embeddable":true,"href":"https:\/\/monde25.info\/index.php\/wp-json\/wp\/v2\/tags?post=3434"}],"curies":[{"name":"wp","href":"https:\/\/api.w.org\/{rel}","templated":true}]}}