{"id":3438,"date":"2025-02-27T07:22:52","date_gmt":"2025-02-27T06:22:52","guid":{"rendered":"https:\/\/monde25.info\/index.php\/2025\/02\/27\/le-conge-menstruel-de-la-ville-et-de-la-metropole-de-lyon-menace-par-le-prefet\/"},"modified":"2025-02-27T07:22:52","modified_gmt":"2025-02-27T06:22:52","slug":"le-conge-menstruel-de-la-ville-et-de-la-metropole-de-lyon-menace-par-le-prefet","status":"publish","type":"post","link":"https:\/\/monde25.info\/index.php\/2025\/02\/27\/le-conge-menstruel-de-la-ville-et-de-la-metropole-de-lyon-menace-par-le-prefet\/","title":{"rendered":"Le cong\u00e9 menstruel de la ville et de la m\u00e9tropole de Lyon menac\u00e9 par le pr\u00e9fet"},"content":{"rendered":"<p> <br \/>\n<br \/>La pr\u00e9fecture du Rh\u00f4ne a adress\u00e9 un courrier aux deux collectivit\u00e9s, leur demandant de renoncer au cong\u00e9 menstruel mis en place pour leurs agentes aux r\u00e8gles douloureuses. Les services de l\u2019\u00c9tat s\u2019appuient sur des d\u00e9cisions judiciaires r\u00e9centes.<br \/>\n<br \/><br \/>\n<br \/><a href=\"https:\/\/www.mediapart.fr\/journal\/france\/260225\/le-conge-menstruel-de-la-ville-et-de-la-metropole-de-lyon-menace-par-le-prefet\" target=\"_blank\"\">Source link <\/a><\/p>\n","protected":false},"excerpt":{"rendered":"<p>La pr\u00e9fecture du Rh\u00f4ne a adress\u00e9 un courrier aux deux collectivit\u00e9s, leur demandant de renoncer au cong\u00e9 menstruel mis en place pour leurs agentes aux r\u00e8gles douloureuses. Les services de&hellip; <\/p>\n","protected":false},"author":1,"featured_media":3439,"comment_status":"open","ping_status":"open","sticky":false,"template":"","format":"standard","meta":{"footnotes":""},"categories":[1],"tags":[],"class_list":["post-3438","post","type-post","status-publish","format-standard","has-post-thumbnail","hentry","category-non-classe"],"_links":{"self":[{"href":"https:\/\/monde25.info\/index.php\/wp-json\/wp\/v2\/posts\/3438","targetHints":{"allow":["GET"]}}],"collection":[{"href":"https:\/\/monde25.info\/index.php\/wp-json\/wp\/v2\/posts"}],"about":[{"href":"https:\/\/monde25.info\/index.php\/wp-json\/wp\/v2\/types\/post"}],"author":[{"embeddable":true,"href":"https:\/\/monde25.info\/index.php\/wp-json\/wp\/v2\/users\/1"}],"replies":[{"embeddable":true,"href":"https:\/\/monde25.info\/index.php\/wp-json\/wp\/v2\/comments?post=3438"}],"version-history":[{"count":0,"href":"https:\/\/monde25.info\/index.php\/wp-json\/wp\/v2\/posts\/3438\/revisions"}],"wp:featuredmedia":[{"embeddable":true,"href":"https:\/\/monde25.info\/index.php\/wp-json\/wp\/v2\/media\/3439"}],"wp:attachment":[{"href":"https:\/\/monde25.info\/index.php\/wp-json\/wp\/v2\/media?parent=3438"}],"wp:term":[{"taxonomy":"category","embeddable":true,"href":"https:\/\/monde25.info\/index.php\/wp-json\/wp\/v2\/categories?post=3438"},{"taxonomy":"post_tag","embeddable":true,"href":"https:\/\/monde25.info\/index.php\/wp-json\/wp\/v2\/tags?post=3438"}],"curies":[{"name":"wp","href":"https:\/\/api.w.org\/{rel}","templated":true}]}}