{"id":344,"date":"2024-11-17T20:03:37","date_gmt":"2024-11-17T19:03:37","guid":{"rendered":"https:\/\/monde25.info\/index.php\/2024\/11\/17\/lassociation-anticorruption-anticor-porte-plainte-contre-le-groupe-de-creches-privees-people-baby\/"},"modified":"2024-11-17T20:03:37","modified_gmt":"2024-11-17T19:03:37","slug":"lassociation-anticorruption-anticor-porte-plainte-contre-le-groupe-de-creches-privees-people-baby","status":"publish","type":"post","link":"https:\/\/monde25.info\/index.php\/2024\/11\/17\/lassociation-anticorruption-anticor-porte-plainte-contre-le-groupe-de-creches-privees-people-baby\/","title":{"rendered":"L&rsquo;association anticorruption \u00ab Anticor \u00bb porte plainte contre le groupe de cr\u00e8ches priv\u00e9es \u00ab People &#038; Baby \u00bb"},"content":{"rendered":"<p> <br \/>\n<\/p>\n<div>\n<p><span class=\"dropcap \" style=\"background-color: #ffffff; color: #000000; border-color: #ffffff;\"><strong>\u00c9<\/strong><\/span>tant donn\u00e9 que l\u2019Etat ne fait rien malgr\u00e9 la gravit\u00e9 des d\u00e9lits commis par le groupe de cr\u00e8ches priv\u00e9es \u00ab People &amp; Baby \u00bb, l\u2019association Anticor a d\u00e9cid\u00e9 de prendre les choses en main. Une plainte a \u00e9t\u00e9 d\u00e9pos\u00e9e pour y voir plus clair. C\u2019est \u00e9vident que l\u2019ex\u00e9cutif n\u2019aurait rien fait puisqu\u2019une ministre \u2013 Aurore Berg\u00e9 \u2013 est accus\u00e9e de complaisance et de complicit\u00e9 avec la patronne du lobby des cr\u00e8ches priv\u00e9es. On ne peut pas \u00eatre juge et partie \u00e0 la fois. Ceci d\u00e9montre encore une fois le degr\u00e9 de corruption de la France et le <em>je-m\u2019en-foutisme<\/em> total de l\u2019Etat macroniste concernant la sant\u00e9 et le bien-\u00eatre de nos mioches !<\/p>\n<\/div>\n<div id=\"\">\n<p><strong><span class=\"dropcap \" style=\"background-color: #ffffff; color: #1e73be; border-color: #ffffff;\">V<\/span>is\u00e9e par plusieurs enqu\u00eates journalistiques, l\u2019entreprise gestionnaire de cr\u00e8ches est attaqu\u00e9e en justice par l\u2019association anticorruption. \u00ab\u00a0<\/strong><\/p>\n<p>Devant l\u2019inertie des pouvoirs publics, il nous a paru n\u00e9cessaire d\u2019agir\u00a0\u00bb, assure le pr\u00e9sident de l\u2019association Paul Cassia.<\/p>\n<p>Anticor a d\u00e9pos\u00e9 une plainte vendredi \u00e0 Paris pour escroqueries et d\u00e9tournement de fonds publics visant\u00a0<a target=\"_blank\" href=\"https:\/\/www.nouvelobs.com\/societe\/20240921.OBS93898\/retirez-tout-de-suite-vos-enfants-deux-ex-salariees-d-une-creche-people-baby-jugees-pour-violences-sur-mineurs.html\">le groupe de cr\u00e8ches priv\u00e9es People &amp;\u00a0Baby<\/a>, a annonc\u00e9 l\u2019association ce mardi 12\u00a0novembre lors d\u2019une conf\u00e9rence de presse.<\/p>\n<p><em>\u00ab\u00a0Devant l\u2019inertie des pouvoirs publics, il nous a paru n\u00e9cessaire d\u2019agir\u00a0\u00bb<\/em>, a affirm\u00e9 Paul Cassia, pr\u00e9sident de l\u2019association anticorruption.<\/p>\n<p class=\"node__paragraphe antonia-200 text-grey-800 pb-20 pb-md-30\"><em>\u00ab\u00a0Le point de d\u00e9part de cette affaire, c\u2019est le livre de Victor Castanet sur la gestion d\u2019une soci\u00e9t\u00e9 qui g\u00e8re des cr\u00e8ches priv\u00e9es\u00a0\u00bb<\/em>, a-t-il poursuivi.<\/p>\n<p class=\"node__heading latino-800b latino-lg-900b text-grey-800 pb-10 pb-md-20\"><strong>\u00ab\u00a0Les pouvoirs publics sont rest\u00e9s taisants\u00a0\u00bb<\/strong><\/p>\n<p class=\"node__paragraphe antonia-200 text-grey-800 pb-20 pb-md-30\">Dans son<a target=\"_blank\" href=\"https:\/\/www.nouvelobs.com\/societe\/20240917.OBS93686\/les-creches-sont-devenues-des-halls-de-gare-victor-castanet-publie-son-nouveau-livre-enquete.html\">\u00a0livre-enqu\u00eate \u00ab\u00a0les Ogres\u00a0\u00bb<\/a>\u00a0(Flammarion), sorti mi-septembre, ce journaliste d\u2019investigation d\u00e9crivait la \u00ab\u00a0voracit\u00e9\u00a0\u00bb de certains groupes de cr\u00e8ches priv\u00e9es et en particulier du groupe People &amp;\u00a0Baby.<\/p>\n<p class=\"node__paragraphe antonia-200 text-grey-800 pb-20 pb-md-30\"><em>\u00ab\u00a0Les pouvoirs publics sont rest\u00e9s taisants sur le scandale que Victor Castanet r\u00e9v\u00e8le. Pourtant, ce scandale porte sur des questions de maltraitance d\u2019enfants, mais aussi des questions relatives au droit du travail\u00a0\u00bb<\/em>, d\u2019apr\u00e8s Paul Cassia.<\/p>\n<p class=\"node__paragraphe antonia-200 text-grey-800 pb-20 pb-md-30\"><em>\u00ab\u00a0Le livre de Victor Castanet documente de nombreuses infractions potentielles, certaines portant sur la probit\u00e9 (d\u00e9tournement de fonds publics) mais aussi relevant de l\u2019escroquerie ou de l\u2019abus de bien social\u00a0\u00bb<\/em>, ajoute-t-il.<\/p>\n<p class=\"node__paragraphe antonia-200 text-grey-800 pb-20 pb-md-30\">L\u2019avocat de l\u2019association, M<sup>e<\/sup>\u00a0Vincent Brengarth, a ensuite d\u00e9taill\u00e9 les diff\u00e9rentes qualifications vis\u00e9es par la plainte d\u00e9pos\u00e9e vendredi devant la procureure de Paris visant People &amp;\u00a0Baby, \u00e9voquant d\u2019autres infractions potentielles comme celle de travail dissimul\u00e9.<\/p>\n<p class=\"node__paragraphe antonia-200 text-grey-800 pb-20 pb-md-30\"><em>\u00ab\u00a0En d\u00e9pit de la gravit\u00e9 des comportements r\u00e9v\u00e9l\u00e9s par Victor Castanet, \u00e0 ce stade, il n\u2019y a toujours pas eu d\u2019auto-saisine de la justice ou d\u2019enqu\u00eate d\u2019initiative malgr\u00e9 l\u2019ensemble des malversations r\u00e9v\u00e9l\u00e9es. \u00c7a nous interroge au plus haut point\u00a0\u00bb<\/em>, a insist\u00e9 l\u2019avocat, demandant une enqu\u00eate.<\/p>\n<p class=\"node__heading latino-800b latino-lg-900b text-grey-800 pb-10 pb-md-20\"><strong>\u00ab\u00a0Des \u00e9tablissements de qualit\u00e9 tr\u00e8s d\u00e9grad\u00e9e\u00a0\u00bb<\/strong><\/p>\n<p class=\"node__paragraphe antonia-200 text-grey-800 pb-20 pb-md-30\">A l\u2019heure actuelle, la France compte 460\u00a0000 places d\u2019accueil en collectif, dont 50\u00a0% rel\u00e8vent des cr\u00e8ches publiques, 27\u00a0% des cr\u00e8ches priv\u00e9es (Les Petits Chaperons rouges, Babilou, La Maison Bleue, People &amp;\u00a0Baby\u2026) et 23\u00a0% des cr\u00e8ches associatives.<\/p>\n<p class=\"node__paragraphe antonia-200 text-grey-800 pb-20 pb-md-30\">Au c\u00f4t\u00e9 de cr\u00e8ches\u00a0<em>\u00ab\u00a0de grande qualit\u00e9, port\u00e9es par une r\u00e9flexion p\u00e9dagogique approfondie\u00a0\u00bb<\/em>, on trouve aussi\u00a0<em>\u00ab\u00a0des \u00e9tablissements de qualit\u00e9 tr\u00e8s d\u00e9grad\u00e9e\u00a0\u00bb<\/em>, relevait\u00a0<a target=\"_blank\" href=\"https:\/\/www.nouvelobs.com\/societe\/20240419.OBS87317\/la-rustine-ne-suffit-plus-un-an-apres-le-rapport-accablant-de-l-igas-sur-les-creches-des-avancees-loin-du-big-bang-necessaire.html\">l\u2019Inspection g\u00e9n\u00e9rale des Affaires sociales<\/a>\u00a0dans un rapport publi\u00e9 apr\u00e8s\u00a0<a target=\"_blank\" href=\"https:\/\/www.nouvelobs.com\/societe\/20220703.OBS60456\/deces-d-une-fillette-dans-une-creche-trois-mois-de-fermeture-administrative.html\">la mort d\u2019un b\u00e9b\u00e9 de 11 mois<\/a>\u00a0dans une cr\u00e8che priv\u00e9e \u00e0 Lyon en\u00a02022.<\/p>\n<p class=\"node__paragraphe antonia-200 text-grey-800 pb-20 pb-md-30\">Dans un communiqu\u00e9 transmis mi-septembre \u00e0 l\u2019Agence France-Presse, People &amp;\u00a0Baby \u2013 dont le fondateur et pr\u00e9sident Christophe Durieux a \u00e9t\u00e9 \u00e9vinc\u00e9 de son poste au printemps \u2013 indiquait que\u00a0<em>\u00ab\u00a0les pratiques d\u00e9crites dans l\u2019ouvrage\u00a0\u00bb<\/em>\u00a0de Victor Castanet\u00a0<em>\u00ab\u00a0sont en d\u00e9calage total avec les valeurs que nous portons aujourd\u2019hui\u00a0\u00bb<\/em>.<\/p>\n<hr\/>\n<h6>Photo d\u2019illustration : \u00c0 l\u2019heure actuelle, la France compte 460 000 places d\u2019accueil en collectif, dont 50 % rel\u00e8vent des cr\u00e8ches publiques, 27 % des cr\u00e8ches priv\u00e9es (Les Petits Chaperons rouges, Babilou, La Maison Bleue, People&amp;Baby\u2026) et 23 % des cr\u00e8ches associatives. <span class=\"text-grey-600 ms-5\">FRANCOIS GREUEZ\/SIPA<\/span><\/h6>\n<hr\/>\n<p><a target=\"_blank\" href=\"https:\/\/www.nouvelobs.com\/justice\/20241112.OBS96238\/anticor-porte-plainte-contre-le-groupe-de-creches-privees-people-baby.html?s=03\">Le Nouvel Obs avec AFP<\/a><\/p>\n<h6>12 novembre 2024<\/h6>\n<\/div>\n<p><br \/>\n<br \/><a href=\"https:\/\/www.lelibrepenseur.org\/lassociation-anticorruption-anticor-porte-plainte-contre-le-groupe-de-creches-privees-people-baby\/\" target=\"_blank\"\">Source link <\/a><\/p>\n","protected":false},"excerpt":{"rendered":"<p>\u00c9tant donn\u00e9 que l\u2019Etat ne fait rien malgr\u00e9 la gravit\u00e9 des d\u00e9lits commis par le groupe de cr\u00e8ches priv\u00e9es \u00ab People &amp; Baby \u00bb, l\u2019association Anticor a d\u00e9cid\u00e9 de prendre&hellip; <\/p>\n","protected":false},"author":1,"featured_media":345,"comment_status":"open","ping_status":"open","sticky":false,"template":"","format":"standard","meta":{"footnotes":""},"categories":[1],"tags":[],"class_list":["post-344","post","type-post","status-publish","format-standard","has-post-thumbnail","hentry","category-non-classe"],"_links":{"self":[{"href":"https:\/\/monde25.info\/index.php\/wp-json\/wp\/v2\/posts\/344","targetHints":{"allow":["GET"]}}],"collection":[{"href":"https:\/\/monde25.info\/index.php\/wp-json\/wp\/v2\/posts"}],"about":[{"href":"https:\/\/monde25.info\/index.php\/wp-json\/wp\/v2\/types\/post"}],"author":[{"embeddable":true,"href":"https:\/\/monde25.info\/index.php\/wp-json\/wp\/v2\/users\/1"}],"replies":[{"embeddable":true,"href":"https:\/\/monde25.info\/index.php\/wp-json\/wp\/v2\/comments?post=344"}],"version-history":[{"count":0,"href":"https:\/\/monde25.info\/index.php\/wp-json\/wp\/v2\/posts\/344\/revisions"}],"wp:featuredmedia":[{"embeddable":true,"href":"https:\/\/monde25.info\/index.php\/wp-json\/wp\/v2\/media\/345"}],"wp:attachment":[{"href":"https:\/\/monde25.info\/index.php\/wp-json\/wp\/v2\/media?parent=344"}],"wp:term":[{"taxonomy":"category","embeddable":true,"href":"https:\/\/monde25.info\/index.php\/wp-json\/wp\/v2\/categories?post=344"},{"taxonomy":"post_tag","embeddable":true,"href":"https:\/\/monde25.info\/index.php\/wp-json\/wp\/v2\/tags?post=344"}],"curies":[{"name":"wp","href":"https:\/\/api.w.org\/{rel}","templated":true}]}}