{"id":3444,"date":"2025-02-27T10:42:55","date_gmt":"2025-02-27T09:42:55","guid":{"rendered":"https:\/\/monde25.info\/index.php\/2025\/02\/27\/concours-etudiants-le-monde-diplomatique-mars-2025\/"},"modified":"2025-02-27T10:42:55","modified_gmt":"2025-02-27T09:42:55","slug":"concours-etudiants-le-monde-diplomatique-mars-2025","status":"publish","type":"post","link":"https:\/\/monde25.info\/index.php\/2025\/02\/27\/concours-etudiants-le-monde-diplomatique-mars-2025\/","title":{"rendered":"Concours \u00e9tudiants (Le Monde diplomatique, mars 2025)"},"content":{"rendered":"<p> <br \/>\n<\/p>\n<div couleurfade=\"e5f0fb\" couleurclaire=\"d2e4f8\" couleurpale=\"a5caf2\" couleurmi=\"1a63b1\" couleurfoncee=\"0f4a89\" couleursombre=\"06182c\" couleurfond=\"4c6178\" couleurtexte=\"ffffff\">\n<figure class=\"spip_document_34183 spip_documents spip_documents_center xl\" style=\"width:890px;\">\n<div class=\"limage\">\n        <a target=\"_blank\" href=\"https:\/\/www.amis.monde-diplomatique.fr\/concours\/\" class=\"spip_out\"><br \/>\n            <img loading=\"lazy\" decoding=\"async\" src=\"https:\/\/www.monde-diplomatique.fr\/\/local\/cache-vignettes\/L890xH467\/seto_concours-etudiant890-16056.jpg?1740482804\" width=\"890\" alt=\"\" height=\"467\"\/><br \/>\n        <\/a>\n    <\/div>\n<\/figure>\n<p><span class=\"mot-lettrine\"><span class=\"lettrine\">P<\/span>ubliez<\/span> un article dans \u00ab<small class=\"fine\">\u00a0<\/small>Le Monde diplomatique<small class=\"fine\">\u00a0<\/small>\u00bb.<\/p>\n<p>Vous \u00eates \u00e9tudiant (quelle que soit la fili\u00e8re), vous voulez comprendre le monde et rendre compte de ses transformations, en d\u00e9montant les ressorts d\u2019un ph\u00e9nom\u00e8ne ou d\u2019un \u00e9v\u00e9nement. Vous aimeriez t\u00e9moigner de votre temps, d\u2019injustices m\u00e9connues, d\u2019approches ignor\u00e9es ou de mouvements de fond pass\u00e9s inaper\u00e7us. Reconnu dans le monde entier, avec ses trente-quatre \u00e9ditions en vingt-six langues, <i>Le Monde diplomatique<\/i> vous ouvre ses colonnes.<\/p>\n<p>Nul besoin de dipl\u00f4mes ou de relations dans le journalisme, faites valoir simplement une bonne id\u00e9e et un travail rigoureux d\u2019enqu\u00eate ou de reportage. Tentez votre chance et osez d\u00e9fendre un sujet original en l\u2019\u00e9clairant au mieux par des informations incontestables, et en le rendant accessible par une \u00e9criture aussi limpide que soign\u00e9e. \u00c0 l\u2019image du mensuel, les sujets li\u00e9s \u00e0 l\u2019actualit\u00e9 internationale, politique, \u00e9conomique et sociale seront privil\u00e9gi\u00e9s.<\/p>\n<p>Modalit\u00e9s de participation <a target=\"_blank\" href=\"https:\/\/www.amis.monde-diplomatique.fr\/concours\/\" class=\"spip_out\" rel=\"external\">sur le site des Amis du <i>Monde diplomatique<\/i><\/a>.<\/p>\n<p>Pour les candidats, voici quelques mod\u00e8les d\u2019articles \u00e0 lire sur notre site avant de se lancer\u00a0:<\/p>\n<p>\u2014\u00a0Tristan Coloma, \u00ab<small class=\"fine\">\u00a0<\/small><a target=\"_blank\" href=\"https:\/\/www.monde-diplomatique.fr\/2023\/03\/COLOMA\/65591\" class=\"spip_in\">Dans l\u2019enfer de Bia\u0142owie\u017ca<\/a><small class=\"fine\">\u00a0<\/small>\u00bb, mars\u00a02023.<\/p>\n<p>\u2014\u00a0Maurice Lemoine, \u00ab<small class=\"fine\">\u00a0<\/small><a target=\"_blank\" href=\"https:\/\/www.monde-diplomatique.fr\/2023\/12\/LEMOINE\/66362\" class=\"spip_in\">Comment l\u2019\u00c9quateur est descendu aux enfers<\/a><small class=\"fine\">\u00a0<\/small>\u00bb, d\u00e9cembre\u00a02023.<\/p>\n<p>\u2014\u00a0Ma\u00eblle Mariette, \u00ab<small class=\"fine\">\u00a0<\/small><a target=\"_blank\" href=\"https:\/\/www.monde-diplomatique.fr\/2021\/04\/MARIETTE\/62999\" class=\"spip_in\">Deux mondes paysans qui s\u2019ignorent<\/a><small class=\"fine\">\u00a0<\/small>\u00bb, avril\u00a02021.<\/p>\n<p>\u2014\u00a0Evgeny Morozov, \u00ab<small class=\"fine\">\u00a0<\/small><a target=\"_blank\" href=\"https:\/\/www.monde-diplomatique.fr\/2023\/08\/MOROZOV\/65981\" class=\"spip_in\">Une multinationale contre Salvador Allende<\/a><small class=\"fine\">\u00a0<\/small>\u00bb, ao\u00fbt\u00a02023.<\/p>\n<p>\u2014\u00a0\u00c9lisa Perrigueur, \u00ab<small class=\"fine\">\u00a0<\/small><a target=\"_blank\" href=\"https:\/\/www.monde-diplomatique.fr\/2022\/05\/PERRIGUEUR\/64653\" class=\"spip_in\">\u201cBeaucoup de passeurs sont des migrants qui tentent de payer leur travers\u00e9e\u201d<\/a><small class=\"fine\">\u00a0<\/small>\u00bb, mai\u00a02022.<\/p>\n<\/p><\/div>\n<p><br \/>\n<br \/><a href=\"https:\/\/www.monde-diplomatique.fr\/2025\/03\/A\/68093\" target=\"_blank\"\">Source link <\/a><\/p>\n","protected":false},"excerpt":{"rendered":"<p>Publiez un article dans \u00ab\u00a0Le Monde diplomatique\u00a0\u00bb. Vous \u00eates \u00e9tudiant (quelle que soit la fili\u00e8re), vous voulez comprendre le monde et rendre compte de ses transformations, en d\u00e9montant les ressorts&hellip; <\/p>\n","protected":false},"author":1,"featured_media":3445,"comment_status":"open","ping_status":"open","sticky":false,"template":"","format":"standard","meta":{"footnotes":""},"categories":[1],"tags":[],"class_list":["post-3444","post","type-post","status-publish","format-standard","has-post-thumbnail","hentry","category-non-classe"],"_links":{"self":[{"href":"https:\/\/monde25.info\/index.php\/wp-json\/wp\/v2\/posts\/3444","targetHints":{"allow":["GET"]}}],"collection":[{"href":"https:\/\/monde25.info\/index.php\/wp-json\/wp\/v2\/posts"}],"about":[{"href":"https:\/\/monde25.info\/index.php\/wp-json\/wp\/v2\/types\/post"}],"author":[{"embeddable":true,"href":"https:\/\/monde25.info\/index.php\/wp-json\/wp\/v2\/users\/1"}],"replies":[{"embeddable":true,"href":"https:\/\/monde25.info\/index.php\/wp-json\/wp\/v2\/comments?post=3444"}],"version-history":[{"count":0,"href":"https:\/\/monde25.info\/index.php\/wp-json\/wp\/v2\/posts\/3444\/revisions"}],"wp:featuredmedia":[{"embeddable":true,"href":"https:\/\/monde25.info\/index.php\/wp-json\/wp\/v2\/media\/3445"}],"wp:attachment":[{"href":"https:\/\/monde25.info\/index.php\/wp-json\/wp\/v2\/media?parent=3444"}],"wp:term":[{"taxonomy":"category","embeddable":true,"href":"https:\/\/monde25.info\/index.php\/wp-json\/wp\/v2\/categories?post=3444"},{"taxonomy":"post_tag","embeddable":true,"href":"https:\/\/monde25.info\/index.php\/wp-json\/wp\/v2\/tags?post=3444"}],"curies":[{"name":"wp","href":"https:\/\/api.w.org\/{rel}","templated":true}]}}