{"id":3448,"date":"2025-02-27T11:48:43","date_gmt":"2025-02-27T10:48:43","guid":{"rendered":"https:\/\/monde25.info\/index.php\/2025\/02\/27\/alerte-le-candidat-a-la-presidentielle-calin-georgescu-arrete-en-pleine-rue-en-roumanie\/"},"modified":"2025-02-27T11:48:43","modified_gmt":"2025-02-27T10:48:43","slug":"alerte-le-candidat-a-la-presidentielle-calin-georgescu-arrete-en-pleine-rue-en-roumanie","status":"publish","type":"post","link":"https:\/\/monde25.info\/index.php\/2025\/02\/27\/alerte-le-candidat-a-la-presidentielle-calin-georgescu-arrete-en-pleine-rue-en-roumanie\/","title":{"rendered":"Alerte : Le candidat \u00e0 la pr\u00e9sidentielle, C\u00e2lin Georgescu, arr\u00eat\u00e9 en pleine rue en Roumanie"},"content":{"rendered":"<p> <br \/>\n<\/p>\n<div>\n<ol class=\"campaign-loop campaign-list\">\n<li id=\"campaign-433393\" class=\"post-433393 campaign type-campaign status-publish hentry campaign-has-goal campaign-has-not-achieved-goal campaign-has-end-date campaign-has-not-ended\">\n\t<a target=\"_blank\" href=\"https:\/\/reseauinternational.net\/campaigns\/campagne-de-dons-decembre-2024\/\"><\/p>\n<h3>Soutenez R\u00e9seau International.<\/h3>\n<p>\t\t\t<\/a><\/p>\n<p>\n\tChers amis lecteurs, C\u2019est gr\u00e2ce \u00e0 vos dons que nous pouvons garder notre ind\u00e9pendance et\u00a0 vous fournir le meilleur de l\u2019information internationale alternative. Votre soutien nous est indispensable; nous comptons sur vous.<\/p>\n<\/li>\n<\/ol>\n<p>par <strong>Yoann<\/strong><\/p>\n<p>Calin Georgescu, figure de la sc\u00e8ne politique roumaine qui d\u00e9range l\u2019Union Europ\u00e9enne, a \u00e9t\u00e9 interpell\u00e9 ce mercredi 26 f\u00e9vrier. Arriv\u00e9 en t\u00eate du premier tour de l\u2019\u00e9lection pr\u00e9sidentielle annul\u00e9e par la Cour constitutionnelle, Georgescu se pr\u00e9parait \u00e0 d\u00e9poser sa candidature pour le scrutin de mai. Officiellement, les autorit\u00e9s roumaines le soup\u00e7onnent d\u2019entretenir des liens \u00e9troits avec Moscou, une accusation qui secoue le paysage politique du pays.<\/p>\n<h5 class=\"wp-block-heading\">Arrestation m\u00e9diatis\u00e9e et r\u00e9actions vives<\/h5>\n<p>L\u2019arrestation de Calin Georgescu n\u2019est pas pass\u00e9e inaper\u00e7ue. Arr\u00eat\u00e9 en pleine circulation avec un mandat d\u2019arr\u00eat, il a \u00e9t\u00e9 conduit au parquet g\u00e9n\u00e9ral pour un interrogatoire. Les m\u00e9dias locaux, dont le quotidien Adevarul, rapportent que des perquisitions ont \u00e9t\u00e9 men\u00e9es aux domiciles de ses proches. Georgescu, bien que silencieux face aux journalistes, a suscit\u00e9 des r\u00e9actions indign\u00e9es de la part de son \u00e9quipe, qui d\u00e9nonce une atteinte \u00e0 la d\u00e9mocratie.<\/p>\n<p><center><\/p>\n<blockquote class=\"twitter-tweet\">\n<p lang=\"fr\" dir=\"ltr\">C\u00e2lin Georgescu, l\u2019homme arriv\u00e9 en t\u00eate de l\u2019\u00e9lection pr\u00e9sidentielle roumaine annul\u00e9e, arr\u00eat\u00e9 comme un criminel alors qu\u2019il allait red\u00e9poser sa candidature pour l\u2019\u00e9lection pr\u00e9sidentielle !<br \/>\u2705L\u2019UE est une sombre dictature. <a target=\"_blank\" href=\"https:\/\/t.co\/4DsS1b4emC\">pic.twitter.com\/4DsS1b4emC<\/a><\/p>\n<p>\u2014 Philippe Murer \ud83c\uddeb\ud83c\uddf7 (@PhilippeMurer) <a target=\"_blank\" href=\"https:\/\/twitter.com\/PhilippeMurer\/status\/1894753249124622533?ref_src=twsrc%5Etfw\">February 26, 2025<\/a><\/p><\/blockquote>\n<p> <\/center><\/p>\n<h5 class=\"wp-block-heading\">Soutiens internationaux et tensions politiques<\/h5>\n<p>L\u2019\u00e9quipe de Calin Georgescu a vivement r\u00e9agi sur les r\u00e9seaux sociaux, citant des figures internationales comme Donald Trump, JD Vance et Elon Musk, qui soutiennent r\u00e9guli\u00e8rement le candidat. La situation en Roumanie est suivie de pr\u00e8s par les \u00c9tats-Unis, o\u00f9 le vice-pr\u00e9sident am\u00e9ricain avait mis en garde contre les ing\u00e9rences \u00e9lectorales lors de la conf\u00e9rence de Munich. Elon Musk, quant \u00e0 lui, a exprim\u00e9 son soutien \u00e0 Georgescu, soulignant l\u2019importance de la souverainet\u00e9 roumaine.<\/p>\n<h5 class=\"wp-block-heading\">\u00c9lection pr\u00e9sidentielle en mai : un nouveau d\u00e9fi<\/h5>\n<p>L\u2019\u00e9lection pr\u00e9sidentielle roumaine, initialement pr\u00e9vue en novembre 2024, a \u00e9t\u00e9 annul\u00e9e sous pr\u00e9texte de \u00absoup\u00e7ons d\u2019ing\u00e9rence russe\u00bb. Elle devrait \u00eatre rejou\u00e9e en mai 2025, avec Calin Georgescu en t\u00eate des sondages. Sa campagne, men\u00e9e principalement sur les r\u00e9seaux sociaux, a surpris les observateurs politiques. Georgescu, peu connu il y a quelques mois, est d\u00e9sormais un candidat incontournable, soutenu par le parti nationaliste AUR.<\/p>\n<h5 class=\"wp-block-heading\">Manifestations et d\u00e9missions : un climat de tension<\/h5>\n<p>Depuis l\u2019annulation de l\u2019\u00e9lection, la Roumanie est en proie \u00e0 des manifestations et des critiques virulentes. L\u2019opposition parle d\u2019un \u00abcoup d\u2019\u00c9tat\u00bb, et m\u00eame l\u2019adversaire de Georgescu, Elena Lasconiet, a d\u00e9nonc\u00e9 la d\u00e9cision de la cour constitutionnelle. Face \u00e0 la pression, le pr\u00e9sident Klaus Iohannis a annonc\u00e9 sa d\u00e9mission le 10 f\u00e9vrier, ajoutant \u00e0 l\u2019instabilit\u00e9 politique du pays.<\/p>\n<h5 class=\"wp-block-heading\">Perquisitions et accusations : une enqu\u00eate en cours<\/h5>\n<p>Pour faire tomber ce candidat d\u00e9rangeant, le parquet annonce que les perquisitions men\u00e9es aux domiciles des proches de Calin Georgescu ont r\u00e9v\u00e9l\u00e9 des \u00e9l\u00e9ments troublants. Chez Hora\u021biu Potra, responsable de la s\u00e9curit\u00e9 de Georgescu, les enqu\u00eateurs auraient d\u00e9couvert des armes d\u2019assaut et une somme importante d\u2019argent.<\/p>\n<p>source : <a target=\"_blank\" href=\"https:\/\/lemediaen442.fr\/alerte-le-candidat-a-la-presidentielle-calin-georgescu-arrete-en-pleine-rue-en-roumanie\/\" target=\"_blank\" rel=\"noopener\" title=\"Le M\u00e9dia en 4-4-2\">Le M\u00e9dia en 4-4-2<\/a><\/p>\n<div class=\"sharedaddy sd-block sd-like jetpack-likes-widget-wrapper jetpack-likes-widget-unloaded\" id=\"like-post-wrapper-237719536-445556-67c041d9acfb4\" data-src=\"https:\/\/widgets.wp.com\/likes\/?ver=14.2.1#blog_id=237719536&amp;post_id=445556&amp;origin=reseauinternational.net&amp;obj_id=237719536-445556-67c041d9acfb4&amp;n=1\" data-name=\"like-post-frame-237719536-445556-67c041d9acfb4\" data-title=\"Aimer ou rebloguer\">\n<h3 class=\"sd-title\">J\u2019aime \u00e7a\u00a0:<\/h3>\n<p><span class=\"button\"><span>J\u2019aime<\/span><\/span> <span class=\"loading\">chargement\u2026<\/span><\/p>\n<p><span class=\"sd-text-color\"\/><a target=\"_blank\" class=\"sd-link-color\"\/><\/div>\n<p><meta itemscope=\"\" itemprop=\"mainEntityOfPage\" itemtype=\"https:\/\/schema.org\/WebPage\" itemid=\"https:\/\/reseauinternational.net\/alerte-le-candidat-a-la-presidentielle-calin-georgescu-arrete-en-pleine-rue-en-roumanie\/\"\/><meta itemprop=\"headline\" content=\"Alerte : Le candidat \u00e0 la pr\u00e9sidentielle, C\u00e2lin Georgescu, arr\u00eat\u00e9 en pleine rue en Roumanie\"\/><span style=\"display: none;\" itemprop=\"author\" itemscope=\"\" itemtype=\"https:\/\/schema.org\/Person\"><meta itemprop=\"name\" content=\"R\u00e9seau International\"\/><\/span><span style=\"display: none;\" itemprop=\"image\" itemscope=\"\" itemtype=\"https:\/\/schema.org\/ImageObject\"><meta itemprop=\"url\" content=\"https:\/\/i0.wp.com\/reseauinternational.net\/wp-content\/uploads\/2025\/02\/Georgescu-2-20250227.jpg?fit=800%2C467&amp;quality=100&amp;ssl=1\"\/><meta itemprop=\"width\" content=\"800\"\/><meta itemprop=\"height\" content=\"467\"\/><\/span><span style=\"display: none;\" itemprop=\"publisher\" itemscope=\"\" itemtype=\"https:\/\/schema.org\/Organization\"><span style=\"display: none;\" itemprop=\"logo\" itemscope=\"\" itemtype=\"https:\/\/schema.org\/ImageObject\"><meta itemprop=\"url\" content=\"https:\/\/reseauinternational.net\/wp-content\/uploads\/2022\/06\/Capture-de\u0301cran-2022-06-14-a\u0300-16.51.07.png\"\/><\/span><meta itemprop=\"name\" content=\"R\u00e9seau International\"\/><\/span><meta itemprop=\"datePublished\" content=\"2025-02-27T11:43:10+00:00\"\/><meta itemprop=\"dateModified\" content=\"2025-02-27T11:43:24+00:00\"\/><\/div>\n<p><script async src=\"\/\/platform.twitter.com\/widgets.js\" charset=\"utf-8\"><\/script><br \/>\n<br \/><br \/>\n<br \/><a href=\"https:\/\/reseauinternational.net\/alerte-le-candidat-a-la-presidentielle-calin-georgescu-arrete-en-pleine-rue-en-roumanie\/\" target=\"_blank\"\">Source link <\/a><\/p>\n","protected":false},"excerpt":{"rendered":"<p>Soutenez R\u00e9seau International. Chers amis lecteurs, C\u2019est gr\u00e2ce \u00e0 vos dons que nous pouvons garder notre ind\u00e9pendance et\u00a0 vous fournir le meilleur de l\u2019information internationale alternative. Votre soutien nous est&hellip; <\/p>\n","protected":false},"author":1,"featured_media":3449,"comment_status":"open","ping_status":"open","sticky":false,"template":"","format":"standard","meta":{"footnotes":""},"categories":[1],"tags":[],"class_list":["post-3448","post","type-post","status-publish","format-standard","has-post-thumbnail","hentry","category-non-classe"],"_links":{"self":[{"href":"https:\/\/monde25.info\/index.php\/wp-json\/wp\/v2\/posts\/3448","targetHints":{"allow":["GET"]}}],"collection":[{"href":"https:\/\/monde25.info\/index.php\/wp-json\/wp\/v2\/posts"}],"about":[{"href":"https:\/\/monde25.info\/index.php\/wp-json\/wp\/v2\/types\/post"}],"author":[{"embeddable":true,"href":"https:\/\/monde25.info\/index.php\/wp-json\/wp\/v2\/users\/1"}],"replies":[{"embeddable":true,"href":"https:\/\/monde25.info\/index.php\/wp-json\/wp\/v2\/comments?post=3448"}],"version-history":[{"count":0,"href":"https:\/\/monde25.info\/index.php\/wp-json\/wp\/v2\/posts\/3448\/revisions"}],"wp:featuredmedia":[{"embeddable":true,"href":"https:\/\/monde25.info\/index.php\/wp-json\/wp\/v2\/media\/3449"}],"wp:attachment":[{"href":"https:\/\/monde25.info\/index.php\/wp-json\/wp\/v2\/media?parent=3448"}],"wp:term":[{"taxonomy":"category","embeddable":true,"href":"https:\/\/monde25.info\/index.php\/wp-json\/wp\/v2\/categories?post=3448"},{"taxonomy":"post_tag","embeddable":true,"href":"https:\/\/monde25.info\/index.php\/wp-json\/wp\/v2\/tags?post=3448"}],"curies":[{"name":"wp","href":"https:\/\/api.w.org\/{rel}","templated":true}]}}