{"id":3454,"date":"2025-02-27T13:27:55","date_gmt":"2025-02-27T12:27:55","guid":{"rendered":"https:\/\/monde25.info\/index.php\/2025\/02\/27\/le-marechal-haftar-recu-a-lelysee-par-le-president-francais-rt-en-francais\/"},"modified":"2025-02-27T13:27:55","modified_gmt":"2025-02-27T12:27:55","slug":"le-marechal-haftar-recu-a-lelysee-par-le-president-francais-rt-en-francais","status":"publish","type":"post","link":"https:\/\/monde25.info\/index.php\/2025\/02\/27\/le-marechal-haftar-recu-a-lelysee-par-le-president-francais-rt-en-francais\/","title":{"rendered":"Le mar\u00e9chal Haftar re\u00e7u \u00e0 l&rsquo;Elys\u00e9e par le pr\u00e9sident fran\u00e7ais \u2014 RT en fran\u00e7ais"},"content":{"rendered":"<p> <br \/>\n<br \/><img decoding=\"async\" src=\"https:\/\/mf.b37mrtl.ru\/french\/images\/2025.02\/thumbnail\/67c056b087f3ec1a25570731.jpg\" \/><\/p>\n<div>\n<p class=\"text__summary\">\n                                        Le mar\u00e9chal Khalifa Haftar, l&rsquo;homme fort de l&rsquo;Est de la Libye, a rencontr\u00e9 Emmanuel Macron le 26 f\u00e9vrier \u00e0 l&rsquo;Elys\u00e9e. Les deux hommes ont discut\u00e9 \u00abdes d\u00e9veloppements du processus politique en Libye et de l&rsquo;importance d&rsquo;appuyer les efforts de la mission de l&rsquo;ONU\u00bb.\n                                    <\/p>\n<\/div>\n<p><br \/>\n<br \/><a href=\"https:\/\/francais.rt.com\/news\/117342-marechal-haftar-recu-elysee-president-francais\" target=\"_blank\"\">Source link <\/a><\/p>\n","protected":false},"excerpt":{"rendered":"<p>Le mar\u00e9chal Khalifa Haftar, l&rsquo;homme fort de l&rsquo;Est de la Libye, a rencontr\u00e9 Emmanuel Macron le 26 f\u00e9vrier \u00e0 l&rsquo;Elys\u00e9e. Les deux hommes ont discut\u00e9 \u00abdes d\u00e9veloppements du processus politique&hellip; <\/p>\n","protected":false},"author":1,"featured_media":3455,"comment_status":"open","ping_status":"open","sticky":false,"template":"","format":"standard","meta":{"footnotes":""},"categories":[1],"tags":[],"class_list":["post-3454","post","type-post","status-publish","format-standard","has-post-thumbnail","hentry","category-non-classe"],"_links":{"self":[{"href":"https:\/\/monde25.info\/index.php\/wp-json\/wp\/v2\/posts\/3454","targetHints":{"allow":["GET"]}}],"collection":[{"href":"https:\/\/monde25.info\/index.php\/wp-json\/wp\/v2\/posts"}],"about":[{"href":"https:\/\/monde25.info\/index.php\/wp-json\/wp\/v2\/types\/post"}],"author":[{"embeddable":true,"href":"https:\/\/monde25.info\/index.php\/wp-json\/wp\/v2\/users\/1"}],"replies":[{"embeddable":true,"href":"https:\/\/monde25.info\/index.php\/wp-json\/wp\/v2\/comments?post=3454"}],"version-history":[{"count":0,"href":"https:\/\/monde25.info\/index.php\/wp-json\/wp\/v2\/posts\/3454\/revisions"}],"wp:featuredmedia":[{"embeddable":true,"href":"https:\/\/monde25.info\/index.php\/wp-json\/wp\/v2\/media\/3455"}],"wp:attachment":[{"href":"https:\/\/monde25.info\/index.php\/wp-json\/wp\/v2\/media?parent=3454"}],"wp:term":[{"taxonomy":"category","embeddable":true,"href":"https:\/\/monde25.info\/index.php\/wp-json\/wp\/v2\/categories?post=3454"},{"taxonomy":"post_tag","embeddable":true,"href":"https:\/\/monde25.info\/index.php\/wp-json\/wp\/v2\/tags?post=3454"}],"curies":[{"name":"wp","href":"https:\/\/api.w.org\/{rel}","templated":true}]}}