{"id":3458,"date":"2025-02-27T15:07:02","date_gmt":"2025-02-27T14:07:02","guid":{"rendered":"https:\/\/monde25.info\/index.php\/2025\/02\/27\/apres-la-visite-de-macron-trump-annonce-25-de-droits-de-douane-contre-leurope-et-ouvre-la-guerre-commerciale-les-moutons-enrages\/"},"modified":"2025-02-27T15:07:02","modified_gmt":"2025-02-27T14:07:02","slug":"apres-la-visite-de-macron-trump-annonce-25-de-droits-de-douane-contre-leurope-et-ouvre-la-guerre-commerciale-les-moutons-enrages","status":"publish","type":"post","link":"https:\/\/monde25.info\/index.php\/2025\/02\/27\/apres-la-visite-de-macron-trump-annonce-25-de-droits-de-douane-contre-leurope-et-ouvre-la-guerre-commerciale-les-moutons-enrages\/","title":{"rendered":"Apr\u00e8s la visite de Macron, Trump annonce 25 % de droits de douane contre l\u2019Europe et ouvre la guerre commerciale ! \u2013 Les moutons enrag\u00e9s"},"content":{"rendered":"<p> <br \/>\n<\/p>\n<div>\n<p>Source <a target=\"_blank\" href=\"https:\/\/insolentiae.com\/apres-la-visite-de-macron-trump-annonce-25-de-droits-de-douane-contre-leurope-et-ouvre-la-guerre-commerciale\/\" data-type=\"link\" data-id=\"https:\/\/insolentiae.com\/apres-la-visite-de-macron-trump-annonce-25-de-droits-de-douane-contre-leurope-et-ouvre-la-guerre-commerciale\/\">Insolentiae<\/a><\/p>\n<div class=\"wp-block-image\">\n<figure class=\"aligncenter size-large is-resized\"><img fetchpriority=\"high\" decoding=\"async\" width=\"533\" height=\"330\" src=\"https:\/\/lesmoutonsenrages.fr\/wp-content\/uploads\/2025\/02\/image-92-533x330.png\" alt=\"\" class=\"wp-image-165652\" style=\"width:374px;height:auto\" srcset=\"https:\/\/lesmoutonsenrages.fr\/wp-content\/uploads\/2025\/02\/image-92-533x330.png 533w, https:\/\/lesmoutonsenrages.fr\/wp-content\/uploads\/2025\/02\/image-92-250x155.png 250w, https:\/\/lesmoutonsenrages.fr\/wp-content\/uploads\/2025\/02\/image-92-768x475.png 768w, https:\/\/lesmoutonsenrages.fr\/wp-content\/uploads\/2025\/02\/image-92-150x93.png 150w, https:\/\/lesmoutonsenrages.fr\/wp-content\/uploads\/2025\/02\/image-92.png 863w\" sizes=\"(max-width: 533px) 100vw, 533px\"\/><\/figure>\n<\/div>\n<p>Macron vient \u00e0 peine de partir des Etats-Unis, apr\u00e8s avoir \u00e9t\u00e9 encens\u00e9 par la presse servile de notre pays comme \u00e9tant celui qui avait \u201cr\u00e9ussi \u00e0 influencer Donald Trump et \u00e0 le faire changer d\u2019avis\u201d qu\u2019une fois le dos tourn\u00e9 le pr\u00e9sident am\u00e9ricain impose 25 % de droits de douane sur toutes les importations europ\u00e9ennes ce qui va faire un petit trou dans la raquette des grosses entreprises du vieux continent.<\/p>\n<p>A ce prix-l\u00e0, le Canada et le Mexique ont pli\u00e9 en 24 heures.<\/p>\n<p><span id=\"more-165651\"\/><\/p>\n<p>Nous allons sans doute r\u00e9sister plus longtemps puisque nous sommes suicidaires et men\u00e9s par des dirigeants qui veulent nous r\u00e9duire au silence.<\/p>\n<p>Au bout du compte, les Etats-Unis gagneront soit parce que l\u2019Europe c\u00e8dera, soit parce que l\u2019Europe s\u2019effondrera sous le poids de la crise \u00e9conomique que Trump n\u2019h\u00e9sitera pas \u00e0 d\u00e9clencher.<\/p>\n<p>Ici, contrairement \u00e0 ce que pensent beaucoup, le mobile n\u2019est pas l\u2019argent.<\/p>\n<p>Le mobile c\u2019est la destruction de l\u2019Union Europ\u00e9enne qui est aux mains des mondialistes dans le cadre de la guerre sans merci que Trump, le souverainiste, m\u00e8ne aux Globalistes.<\/p>\n<p>Je vous explique tout dans mon dossier \u201cYalta 2.0, et si Trump d\u00e9clenchait le grand reset en se partageant le monde avec la Chine et la Russie\u201d. Il ne faut pas se tromper d\u2019analyse, ni se faire avoir par la propagande m\u00e9diatique que vous ne pouvez plus ignorer. <strong><a target=\"_blank\" href=\"https:\/\/insolentiae.com\/produit\/abonnement-acces-a-la-lettre-strategie-et-aux-dossiers-speciaux-de-charles-sannat\/?doing_wp_cron=1740595112.4200389385223388671875\" target=\"_blank\" rel=\"noreferrer noopener\">Pour vous abonner tous les renseignements se trouvent ici.<\/a>\u00a0<\/strong><\/p>\n<p><strong>En attendant voici ce que Trump a d\u00e9clar\u00e9<\/strong><\/p>\n<p>\u00ab L\u2019Union europ\u00e9enne a \u00e9t\u00e9 cr\u00e9\u00e9e pour nuire aux \u00c9tats-Unis, mais maintenant c\u2019est moi qui suis pr\u00e9sident \u00bb.<\/p>\n<p>Le pr\u00e9sident am\u00e9ricain Donald Trump a \u00e9voqu\u00e9 les droits de douane qu\u2019il imposera \u00e0 l\u2019UE lors de sa premi\u00e8re r\u00e9union du cabinet. Il a d\u00e9clar\u00e9 que \u00ab dans la plupart des cas, ils seront de 25 % \u00bb.<\/p>\n<figure class=\"wp-block-embed is-type-rich is-provider-twitter wp-block-embed-twitter\">\n<div class=\"wp-block-embed__wrapper\">\n<blockquote class=\"twitter-tweet\" data-width=\"550\" data-dnt=\"true\">\n<p lang=\"en\" dir=\"ltr\">&lsquo;The European Union was formed in order to screw the United States, but now I am president.&rsquo;<\/p>\n<p>US President Donald Trump talks about EU tariffs that he will impose in his first cabinet meeting. He says &lsquo;it will be 25 percent in most cases&rsquo;.<a target=\"_blank\" href=\"https:\/\/t.co\/fHqGBwgmE1\">https:\/\/t.co\/fHqGBwgmE1<\/a><\/p>\n<p>\ud83d\udcfa Sky 501 <a target=\"_blank\" href=\"https:\/\/t.co\/SmjvTGcrXE\">pic.twitter.com\/SmjvTGcrXE<\/a><\/p>\n<p>\u2014 Sky News (@SkyNews) <a target=\"_blank\" href=\"https:\/\/twitter.com\/SkyNews\/status\/1894808108808990982?ref_src=twsrc%5Etfw\">February 26, 2025<\/a><\/p><\/blockquote>\n<\/div>\n<\/figure>\n<p>Je ne suis pas certain que Macron ait \u00e9t\u00e9 tr\u00e8s convainquant si ce n\u2019est pour les journalistes fran\u00e7ais bien fayots.<\/p>\n<p>Charles SANNAT<\/p>\n<p>Tous les articles, la tribune libre et commentaires sont sous la responsabilit\u00e9 de leurs auteurs. Les Moutons Enrag\u00e9s ne sauraient \u00eatre tenus responsables de leur contenu ou orientation.<\/p>\n<\/p><\/div>\n<p><script async src=\"\/\/platform.twitter.com\/widgets.js\" charset=\"utf-8\"><\/script><br \/>\n<br \/><br \/>\n<br \/><a href=\"https:\/\/lesmoutonsenrages.fr\/2025\/02\/27\/apres-la-visite-de-macron-trump-annonce-25-de-droits-de-douane-contre-leurope-et-ouvre-la-guerre-commerciale\/\" target=\"_blank\"\">Source link <\/a><\/p>\n","protected":false},"excerpt":{"rendered":"<p>Source Insolentiae Macron vient \u00e0 peine de partir des Etats-Unis, apr\u00e8s avoir \u00e9t\u00e9 encens\u00e9 par la presse servile de notre pays comme \u00e9tant celui qui avait \u201cr\u00e9ussi \u00e0 influencer Donald&hellip; <\/p>\n","protected":false},"author":1,"featured_media":3459,"comment_status":"open","ping_status":"open","sticky":false,"template":"","format":"standard","meta":{"footnotes":""},"categories":[1],"tags":[],"class_list":["post-3458","post","type-post","status-publish","format-standard","has-post-thumbnail","hentry","category-non-classe"],"_links":{"self":[{"href":"https:\/\/monde25.info\/index.php\/wp-json\/wp\/v2\/posts\/3458","targetHints":{"allow":["GET"]}}],"collection":[{"href":"https:\/\/monde25.info\/index.php\/wp-json\/wp\/v2\/posts"}],"about":[{"href":"https:\/\/monde25.info\/index.php\/wp-json\/wp\/v2\/types\/post"}],"author":[{"embeddable":true,"href":"https:\/\/monde25.info\/index.php\/wp-json\/wp\/v2\/users\/1"}],"replies":[{"embeddable":true,"href":"https:\/\/monde25.info\/index.php\/wp-json\/wp\/v2\/comments?post=3458"}],"version-history":[{"count":0,"href":"https:\/\/monde25.info\/index.php\/wp-json\/wp\/v2\/posts\/3458\/revisions"}],"wp:featuredmedia":[{"embeddable":true,"href":"https:\/\/monde25.info\/index.php\/wp-json\/wp\/v2\/media\/3459"}],"wp:attachment":[{"href":"https:\/\/monde25.info\/index.php\/wp-json\/wp\/v2\/media?parent=3458"}],"wp:term":[{"taxonomy":"category","embeddable":true,"href":"https:\/\/monde25.info\/index.php\/wp-json\/wp\/v2\/categories?post=3458"},{"taxonomy":"post_tag","embeddable":true,"href":"https:\/\/monde25.info\/index.php\/wp-json\/wp\/v2\/tags?post=3458"}],"curies":[{"name":"wp","href":"https:\/\/api.w.org\/{rel}","templated":true}]}}