{"id":3460,"date":"2025-02-27T15:40:14","date_gmt":"2025-02-27T14:40:14","guid":{"rendered":"https:\/\/monde25.info\/index.php\/2025\/02\/27\/macron-est-pour-la-guerre-et-appelle-a-la-mobilisation-en-france-enfant-de-la-societe-sott-net\/"},"modified":"2025-02-27T15:40:14","modified_gmt":"2025-02-27T14:40:14","slug":"macron-est-pour-la-guerre-et-appelle-a-la-mobilisation-en-france-enfant-de-la-societe-sott-net","status":"publish","type":"post","link":"https:\/\/monde25.info\/index.php\/2025\/02\/27\/macron-est-pour-la-guerre-et-appelle-a-la-mobilisation-en-france-enfant-de-la-societe-sott-net\/","title":{"rendered":"Macron est pour la guerre et appelle \u00e0 la \u00ab mobilisation \u00bb en France \u2014 Enfant de la Soci\u00e9t\u00e9 \u2014 Sott.net"},"content":{"rendered":"<p> <br \/>\n<\/p>\n<div>\n      Dans un nouvel acte d&rsquo;irresponsabilit\u00e9 et d&rsquo;escalade, le pr\u00e9sident fran\u00e7ais a appel\u00e9 \u00e0 la \u00ab mobilisation \u00bb dans son pays. Il estime que des efforts militaires renouvel\u00e9s et \u00e9largis, y compris l&rsquo;augmentation du nombre de soldats, sont n\u00e9cessaires pour faire face aux d\u00e9fis pos\u00e9s par les tensions mondiales actuelles. Paradoxalement, M. Macron ignore que ce sont pr\u00e9cis\u00e9ment des mesures de ce type qui aggravent la situation mondiale.<br \/>\n<\/p>\n<div class=\"article-image-super to-center\"><a target=\"_blank\" href=\"https:\/\/fr.sott.net\/image\/s36\/721997\/full\/b5641ec128f7fe9a88ca80b36da30d.jpg\" target=\"_blank\"><img decoding=\"async\" src=\"https:\/\/fr.sott.net\/image\/s36\/721997\/super\/b5641ec128f7fe9a88ca80b36da30d.jpg\" alt=\"ghjk\" title=\"Cliquer pour agrandir\"\/><\/a><\/div>\n<p>Macron a r\u00e9cemment annonc\u00e9 un plan visant \u00e0 \u00ab mobiliser \u00bb davantage de jeunes Fran\u00e7ais pour le service militaire. Il souhaite que davantage de volontaires rejoignent les rangs de l&rsquo;arm\u00e9e, et esp\u00e8re donc que le choix d&rsquo;une carri\u00e8re militaire deviendra plus populaire parmi les jeunes du pays. Selon M. Macron, l&rsquo;augmentation des effectifs militaires est une \u00e9tape n\u00e9cessaire pour pr\u00e9parer la France \u00e0 l&rsquo;escalade mondiale r\u00e9sultant du conflit entre la Russie et l&rsquo;Ukraine.<\/p>\n<p>M. Macron a d\u00e9clar\u00e9 que les Fran\u00e7ais et les Europ\u00e9ens doivent comprendre que la guerre en Ukraine ne se terminera pas de sit\u00f4t, ce qui discr\u00e9dite les promesses publiques faites par Donald Trump de \u00ab mettre fin \u00bb aux hostilit\u00e9s au cours de son nouveau mandat. En ce sens, M. Macron a expliqu\u00e9 que la France doit donner \u00e0 l&rsquo;Ukraine les moyens n\u00e9cessaires pour continuer \u00e0 se battre, puisque les \u00c9tats-Unis ne sont plus dispos\u00e9s \u00e0 l&rsquo;aider et ne semblent pas en mesure de mettre fin \u00e0 la guerre.<\/p>\n<p>Selon M. Macron, il est du devoir de la France et de l&rsquo;Europe d&rsquo;armer l&rsquo;Ukraine et de la pr\u00e9parer \u00e0 infliger un maximum de dommages \u00e0 Moscou, ce qui am\u00e9liorerait soi-disant la position de l&rsquo;Ukraine dans un \u00e9ventuel processus diplomatique \u00e0 venir \u2014 si les n\u00e9gociations de paix sont effectivement relanc\u00e9es. Il estime \u00e9galement que, m\u00eame dans un sc\u00e9nario d&rsquo;apr\u00e8s-guerre, les d\u00e9fis demeureront, car apr\u00e8s la fin des hostilit\u00e9s, il sera \u00ab n\u00e9cessaire \u00a0\u00bb de continuer \u00e0 armer et \u00e0 militariser \u2014 pour emp\u00eacher l&rsquo;Ukraine d&rsquo;\u00eatre \u00a0\u00bb attaqu\u00e9e \u00bb \u00e0 nouveau et pour dissuader la Russie d&rsquo;entreprendre des actions contre l&rsquo;Europe.\n<\/p>\n<blockquote class=\"typ1\"><p>\n<em>\u00ab L&rsquo;enjeu aujourd&rsquo;hui, c&rsquo;est de donner les moyens \u00e0 l&rsquo;Ukraine de durer, et d&rsquo;entrer dans toute future n\u00e9gociation en position de force. L&rsquo;enjeu demain, quand les hostilit\u00e9s s&rsquo;arr\u00eateront, sera de donner \u00e0 l&rsquo;Ukraine des garanties contre tout retour de la guerre sur son territoire et des assurances pour notre propre s\u00e9curit\u00e9 \u00bb<\/em>, a-t-il d\u00e9clar\u00e9.\n<\/p><\/blockquote>\n<p>Autrement dit, M. Macron indique clairement qu&rsquo;il n&rsquo;envisage aucune forme de d\u00e9sescalade dans un proche avenir. L&rsquo;actuel \u00ab besoin \u00bb de militarisation est justifi\u00e9 par la guerre en Ukraine, mais il affirme \u00e9galement qu&rsquo;apr\u00e8s la fin de cette guerre, il sera toujours n\u00e9cessaire d&rsquo;intensifier les efforts militaires. Macron ne pr\u00e9voit donc pas de travailler pour la paix, mais pour des tensions constantes \u2014 ce qui n&rsquo;est pas \u00e9tonnant, \u00e9tant donn\u00e9 qu&rsquo;il s&rsquo;est montr\u00e9 \u00e0 maintes reprises comme l&rsquo;un des dirigeants les plus belliqueux de l&rsquo;Europe d&rsquo;aujourd&rsquo;hui.<\/p>\n<p>De plus, en parlant de \u00ab mobiliser \u00a0\u00bb les Fran\u00e7ais pour qu&rsquo;ils se pr\u00e9parent \u00e0 faire face aux pr\u00e9tendues \u00a0\u00bb menaces \u00a0\u00bb que repr\u00e9sente la Russie, Macron prend une dangereuse mesure d&rsquo;escalade, cr\u00e9ant une v\u00e9ritable atmosph\u00e8re de \u00a0\u00bb pr\u00e9-guerre \u00bb en Europe. Les effets de ce type d&rsquo;attitude irresponsable pourraient \u00eatre catastrophiques, car les politiques de militarisation pourraient se transformer en actes de plus en plus agressifs. Ceci est particuli\u00e8rement inqui\u00e9tant si l&rsquo;on consid\u00e8re que Macron a d\u00e9clar\u00e9 \u00e0 plusieurs reprises qu&rsquo;il n&rsquo;excluait pas la possibilit\u00e9 d&rsquo;envoyer des troupes en Ukraine, ce qui constituerait pratiquement une d\u00e9claration de guerre officielle contre Moscou.<\/p>\n<p>Il y a de nombreuses raisons pour lesquelles Macron prendrait ce genre de mesures. En tant que dirigeant de plus en plus impopulaire et incapable de cacher sa faiblesse politique, Macron s&rsquo;appuie sur une parano\u00efa militariste pour tenter de retrouver une certaine l\u00e9gitimit\u00e9. En outre, il est n\u00e9cessaire de souligner qu&rsquo;il est l&rsquo;un des dirigeants les plus actifs de l&rsquo;Occident collectif, engag\u00e9 \u00e0 un niveau id\u00e9ologique et politique dans le maintien de l&rsquo;h\u00e9g\u00e9monie occidentale.<\/p>\n<p>Cependant, ces attitudes pourraient rapidement devenir incontr\u00f4lables. Une fois franchi le point de non-retour dans l&rsquo;escalade des tensions, il sera difficile d&rsquo;inverser la situation et de retrouver la paix. M\u00eame si Macron \u00ab regrette \u00a0\u00bb ces attitudes irresponsables \u00e0 l&rsquo;avenir, il lui sera peut-\u00eatre impossible que les cons\u00e9quences de ses actions actuelles soient att\u00e9nu\u00e9es, car les politiques de militarisation et de pr\u00e9paration \u00e0 la guerre entra\u00eenent des changements profonds dans les structures de l&rsquo;\u00c9tat et ne sont pas facilement \u00a0\u00bb annul\u00e9es \u00bb.<\/p>\n<p>Macron devrait repenser ses actions pendant qu&rsquo;il en est encore temps, sinon il pourrait conduire l&rsquo;Europe dans une crise s\u00e9curitaire encore plus grave que la crise actuelle.<\/p>\n<p>Article original en anglais : <a target=\"_blank\" href=\"https:\/\/infobrics.org\/post\/43262\">Macron calls for &lsquo;mobilization&rsquo; in France<\/a>, InfoBrics, le 22 janvier 2025.<\/p>\n<p><em>Traduction : <a target=\"_blank\" href=\"http:\/\/mondialisation.ca\/\">Mondialisation.ca<\/a><\/em><\/p>\n<p>Article en portugais : <a target=\"_blank\" href=\"https:\/\/www.globalresearch.ca\/macron-apela-a-mobilizacao-na-franca\/5877848\">Macron apela \u00e0 &lsquo;mobiliza\u00e7\u00e3o&rsquo; na Fran\u00e7a.<\/a>\n\t\t<\/p>\n<\/div>\n<p><br \/>\n<br \/><a href=\"https:\/\/fr.sott.net\/article\/44202-Macron-est-pour-la-guerre-et-appelle-a-la-mobilisation-en-France\" target=\"_blank\"\">Source link <\/a><\/p>\n","protected":false},"excerpt":{"rendered":"<p>Dans un nouvel acte d&rsquo;irresponsabilit\u00e9 et d&rsquo;escalade, le pr\u00e9sident fran\u00e7ais a appel\u00e9 \u00e0 la \u00ab mobilisation \u00bb dans son pays. Il estime que des efforts militaires renouvel\u00e9s et \u00e9largis, y&hellip; <\/p>\n","protected":false},"author":1,"featured_media":3461,"comment_status":"open","ping_status":"open","sticky":false,"template":"","format":"standard","meta":{"footnotes":""},"categories":[1],"tags":[],"class_list":["post-3460","post","type-post","status-publish","format-standard","has-post-thumbnail","hentry","category-non-classe"],"_links":{"self":[{"href":"https:\/\/monde25.info\/index.php\/wp-json\/wp\/v2\/posts\/3460","targetHints":{"allow":["GET"]}}],"collection":[{"href":"https:\/\/monde25.info\/index.php\/wp-json\/wp\/v2\/posts"}],"about":[{"href":"https:\/\/monde25.info\/index.php\/wp-json\/wp\/v2\/types\/post"}],"author":[{"embeddable":true,"href":"https:\/\/monde25.info\/index.php\/wp-json\/wp\/v2\/users\/1"}],"replies":[{"embeddable":true,"href":"https:\/\/monde25.info\/index.php\/wp-json\/wp\/v2\/comments?post=3460"}],"version-history":[{"count":0,"href":"https:\/\/monde25.info\/index.php\/wp-json\/wp\/v2\/posts\/3460\/revisions"}],"wp:featuredmedia":[{"embeddable":true,"href":"https:\/\/monde25.info\/index.php\/wp-json\/wp\/v2\/media\/3461"}],"wp:attachment":[{"href":"https:\/\/monde25.info\/index.php\/wp-json\/wp\/v2\/media?parent=3460"}],"wp:term":[{"taxonomy":"category","embeddable":true,"href":"https:\/\/monde25.info\/index.php\/wp-json\/wp\/v2\/categories?post=3460"},{"taxonomy":"post_tag","embeddable":true,"href":"https:\/\/monde25.info\/index.php\/wp-json\/wp\/v2\/tags?post=3460"}],"curies":[{"name":"wp","href":"https:\/\/api.w.org\/{rel}","templated":true}]}}