{"id":3462,"date":"2025-02-27T17:22:39","date_gmt":"2025-02-27T16:22:39","guid":{"rendered":"https:\/\/monde25.info\/index.php\/2025\/02\/27\/lordre-social-du-merite-par-mailys-khider-timothee-de-rauglaudre-le-monde-diplomatique-mars-2025\/"},"modified":"2025-02-27T17:22:39","modified_gmt":"2025-02-27T16:22:39","slug":"lordre-social-du-merite-par-mailys-khider-timothee-de-rauglaudre-le-monde-diplomatique-mars-2025","status":"publish","type":"post","link":"https:\/\/monde25.info\/index.php\/2025\/02\/27\/lordre-social-du-merite-par-mailys-khider-timothee-de-rauglaudre-le-monde-diplomatique-mars-2025\/","title":{"rendered":"L\u2019ordre social du m\u00e9rite, par Ma\u00eflys Khider &#038; Timoth\u00e9e de Rauglaudre (Le Monde diplomatique, mars 2025)"},"content":{"rendered":"<p> <br \/>\n<\/p>\n<div>\n<p class=\"crayon article-surtitre-68110 surtitre\">Enqu\u00eate sur la L\u00e9gion d\u2019honneur<\/p>\n<div class=\"crayon article-chapo-68110 chapo\">\n<p>Palmes acad\u00e9miques, m\u00e9dailles de la police nationale ou du tourisme\u00a0: la France compte environ soixante-dix d\u00e9corations. La plus connue<small class=\"fine\">\u00a0<\/small>? La L\u00e9gion d\u2019honneur, bien s\u00fbr, qui doit distinguer l\u2019aristocratie r\u00e9publicaine. Cens\u00e9e refl\u00e9ter son \u00e9poque, elle symbolise un syst\u00e8me de privil\u00e8ges qu\u2019elle contribue \u00e0 perp\u00e9tuer en d\u00e9corant de plus en plus de dirigeants d\u2019affaires.<\/p>\n<\/div><\/div>\n<div couleurfade=\"fbf3e5\" couleurclaire=\"f8ead2\" couleurpale=\"f2d5a5\" couleurmi=\"b37918\" couleurfoncee=\"895c0f\" couleursombre=\"2c1e06\" couleurfond=\"78684c\" couleurtexte=\"ffffff\">\n<div class=\"enapercu\">\n<figure class=\"spip_document_34211 spip_documents spip_documents_center xl\" style=\"width:890px;\">\n<div class=\"limage\">\n<p>\t\t\t<img loading=\"lazy\" decoding=\"async\" src=\"https:\/\/www.monde-diplomatique.fr\/\/local\/cache-vignettes\/L890xH442\/img020-54-0bdd5.jpg?1740499442\" width=\"890\" height=\"442\" class=\"spip_logos\" alt=\"JPEG - 55.9\u00a0ko\"\/><\/p><\/div><figcaption>\n<p>Sabien Witteman. \u2013 \u00ab<small class=\"fine\">\u00a0<\/small>Cheese<small class=\"fine\">\u00a0<\/small>\u00bb, de la s\u00e9rie \u00ab<small class=\"fine\">\u00a0<\/small>Hommes d\u2019affaires<small class=\"fine\">\u00a0<\/small>\u00bb, 2012<\/p>\n<p>\u00a9 Sabien Witteman &#8211; sabienwitteman.com\n<\/p>\n<\/figcaption><\/figure>\n<p><span class=\"mot-lettrine\"><span class=\"lettrine\">D<\/span>evant<\/span> l\u2019\u00c9lys\u00e9e, des barri\u00e8res sont \u00e9rig\u00e9es. Apr\u00e8s que nous avons (miraculeusement) franchi la premi\u00e8re, la seconde nous reste herm\u00e9tique\u00a0: la s\u00e9curit\u00e9 veille \u00e0 ne laisser entrer que les invit\u00e9s tri\u00e9s sur le volet. M.\u00a0Bernard Arnault s\u2019appr\u00eate \u00e0 recevoir le titre de grand-croix de la L\u00e9gion d\u2019honneur, la plus haute distinction de l\u2019ordre, des mains du pr\u00e9sident de la R\u00e9publique Emmanuel Macron. Derri\u00e8re la balustrade, deux gendarmes discutent. <i>\u00ab<small class=\"fine\">\u00a0<\/small>Elon Musk est arriv\u00e9 il y a dix minutes. Bernard Arnault et lui se sont \u00e9charp\u00e9s pendant des ann\u00e9es pour savoir qui \u00e9tait le plus riche, alors Musk est venu le narguer<small class=\"fine\">\u00a0<\/small>!<small class=\"fine\">\u00a0<\/small>\u00bb,<\/i> s\u2019amuse l\u2019un d\u2019eux. Tr\u00eave de plaisanterie. Le chef de la s\u00e9curit\u00e9 est cat\u00e9gorique\u00a0: <i>\u00ab<small class=\"fine\">\u00a0<\/small>Pas de presse ce soir. C\u2019est un \u00e9v\u00e9nement semi-priv\u00e9.<small class=\"fine\">\u00a0<\/small>\u00bb<\/i> Pendant qu\u2019ils sortent leur carton d\u2019invitation, quelques convives daignent r\u00e9pondre \u00e0 une question\u00a0: <i>\u00ab<small class=\"fine\">\u00a0<\/small>Pourquoi Bernard Arnault est-il d\u00e9cor\u00e9<small class=\"fine\">\u00a0<\/small>?<small class=\"fine\">\u00a0<\/small>\u00bb<\/i> Un cadre de LVMH sourit\u00a0: <i>\u00ab<small class=\"fine\">\u00a0<\/small>Ce soir sont r\u00e9compens\u00e9s les services rendus, le travail, le rayonnement de la France.<small class=\"fine\">\u00a0<\/small>\u00bb<\/i><\/p>\n<p>Le code de la L\u00e9gion d\u2019honneur dispose que, pour recevoir l\u2019insigne, il convient de <i>\u00ab<small class=\"fine\">\u00a0<\/small>justifier de services publics ou d\u2019activit\u00e9s professionnelles d\u2019une dur\u00e9e minimale de vingt ann\u00e9es, assortis, dans l\u2019un et l\u2019autre cas, de m\u00e9rites \u00e9minents<small class=\"fine\">\u00a0<\/small>\u00bb.<\/i> Ou, \u00e0 tout le moins, de <i>\u00ab<small class=\"fine\">\u00a0<\/small>services exceptionnels nettement caract\u00e9ris\u00e9s<small class=\"fine\">\u00a0<\/small>\u00bb.<\/i> Quatre m\u00e9dailles sur dix reviennent aujourd\u2019hui \u00e0 des civils \u2014 contre deux sur dix dans les ann\u00e9es\u00a01960. Parmi les r\u00e9cipiendaires entre 1995 et 2019, aux c\u00f4t\u00e9s de hauts fonctionnaires, d\u2019artistes ou de scientifiques, on d\u00e9nombre 21,3<small class=\"fine\">\u00a0<\/small>% de cadres dirigeants du secteur priv\u00e9. En 2023, un cinqui\u00e8me de ces d\u00e9cor\u00e9s civils appartenaient au monde des affaires. M.\u00a0Arnault compte parmi les m\u00e9daill\u00e9s de 2024. Parmi les 352\u00a0civils qui ont re\u00e7u la L\u00e9gion d\u2019honneur au 1er\u00a0janvier de la m\u00eame ann\u00e9e, on compte M.\u00a0Jean-Michel Darrois \u2014 avocat d\u2019affaires qui a conseill\u00e9 de nombreux grands groupes et particip\u00e9 \u00e0 la campagne de M.\u00a0Macron en 2017\u00a0\u2014 ou Mme\u00a0Colette Lewiner,\u00a0(&#8230;)<\/p>\n<\/p><\/div>\n<p>Taille de l\u2019article complet\u00a0:\u00a0<span>2\u00a0413<\/span>\u00a0mots.<\/p>\n<div class=\"promo_dispo_article\">\n<h2 class=\"avantbloc\">\n\tCet article est r\u00e9serv\u00e9 aux\u00a0abonn\u00e9s<\/p>\n<\/h2>\n<div class=\"abo_inst\">\n\t<strong>Lyc\u00e9es, biblioth\u00e8ques, administrations, entreprises,<\/strong><br \/>\n\tacc\u00e9dez \u00e0 la base de donn\u00e9es en ligne de tous les articles du <i>Monde diplomatique<\/i> de 1954 \u00e0 nos\u00a0jours.<br \/>\n\t<a target=\"_blank\" id=\"pw-institutions\" class=\"suivi\" href=\"https:\/\/www.monde-diplomatique.fr\/archives\/institutions\">Retrouvez cette\u00a0offre sp\u00e9cifique<\/a>.\n<\/div>\n<\/div><\/div>\n<p><br \/>\n<br \/><a href=\"https:\/\/www.monde-diplomatique.fr\/2025\/03\/KHIDER\/68110\" target=\"_blank\"\">Source link <\/a><\/p>\n","protected":false},"excerpt":{"rendered":"<p>Enqu\u00eate sur la L\u00e9gion d\u2019honneur Palmes acad\u00e9miques, m\u00e9dailles de la police nationale ou du tourisme\u00a0: la France compte environ soixante-dix d\u00e9corations. La plus connue\u00a0? La L\u00e9gion d\u2019honneur, bien s\u00fbr, qui&hellip; <\/p>\n","protected":false},"author":1,"featured_media":3463,"comment_status":"open","ping_status":"open","sticky":false,"template":"","format":"standard","meta":{"footnotes":""},"categories":[1],"tags":[],"class_list":["post-3462","post","type-post","status-publish","format-standard","has-post-thumbnail","hentry","category-non-classe"],"_links":{"self":[{"href":"https:\/\/monde25.info\/index.php\/wp-json\/wp\/v2\/posts\/3462","targetHints":{"allow":["GET"]}}],"collection":[{"href":"https:\/\/monde25.info\/index.php\/wp-json\/wp\/v2\/posts"}],"about":[{"href":"https:\/\/monde25.info\/index.php\/wp-json\/wp\/v2\/types\/post"}],"author":[{"embeddable":true,"href":"https:\/\/monde25.info\/index.php\/wp-json\/wp\/v2\/users\/1"}],"replies":[{"embeddable":true,"href":"https:\/\/monde25.info\/index.php\/wp-json\/wp\/v2\/comments?post=3462"}],"version-history":[{"count":0,"href":"https:\/\/monde25.info\/index.php\/wp-json\/wp\/v2\/posts\/3462\/revisions"}],"wp:featuredmedia":[{"embeddable":true,"href":"https:\/\/monde25.info\/index.php\/wp-json\/wp\/v2\/media\/3463"}],"wp:attachment":[{"href":"https:\/\/monde25.info\/index.php\/wp-json\/wp\/v2\/media?parent=3462"}],"wp:term":[{"taxonomy":"category","embeddable":true,"href":"https:\/\/monde25.info\/index.php\/wp-json\/wp\/v2\/categories?post=3462"},{"taxonomy":"post_tag","embeddable":true,"href":"https:\/\/monde25.info\/index.php\/wp-json\/wp\/v2\/tags?post=3462"}],"curies":[{"name":"wp","href":"https:\/\/api.w.org\/{rel}","templated":true}]}}