{"id":3464,"date":"2025-02-27T17:55:42","date_gmt":"2025-02-27T16:55:42","guid":{"rendered":"https:\/\/monde25.info\/index.php\/2025\/02\/27\/des-agences-axa-ciblees-par-des-activistes\/"},"modified":"2025-02-27T17:55:42","modified_gmt":"2025-02-27T16:55:42","slug":"des-agences-axa-ciblees-par-des-activistes","status":"publish","type":"post","link":"https:\/\/monde25.info\/index.php\/2025\/02\/27\/des-agences-axa-ciblees-par-des-activistes\/","title":{"rendered":"des agences AXA cibl\u00e9es par des activistes"},"content":{"rendered":"<p> <br \/>\n<\/p>\n<div style=\"position:relative;\">\n        <picture><source type=\"image\/webp\" srcset=\"https:\/\/reporterre.net\/local\/cache-vignettes\/L720xH480\/bafkreicahugdmn5ryrwagoyhx4hyeqah3nbflkctrdscahlnru7agmtyle_1_-bf5db.jpg@.webp?1740673018\"><img loading=\"lazy\" decoding=\"async\" src=\"https:\/\/reporterre.net\/local\/cache-vignettes\/L720xH480\/bafkreicahugdmn5ryrwagoyhx4hyeqah3nbflkctrdscahlnru7agmtyle_1_-bf5db.jpg?1740673018\" width=\"720\" height=\"480\" alt=\"Profits records\u00a0: des agences &lt;span class=&quot;caps&quot;&gt;AXA&lt;\/span&gt; cibl\u00e9es par des activistes\" class=\"image_logo voir_logo\"\/><\/p>\n<p><\/source><\/picture>\n<p class=\"legende_logo\">\u00c0 Nantes, devant une agence AXA, des militants d\u2019ANV-COP21 ont d\u00e9pos\u00e9 le 26 f\u00e9vrier 2025 des d\u00e9bris provoqu\u00e9s par les inondations historiques de fin janvier en Ille-et-Vilaine. <span class=\"copyright_logo\">&#8211; \u00a9 ANV-COP21 <\/span><\/p>\n<p class=\"legende_logo_480\">\u00c0 Nantes, devant une agence AXA, des militants d\u2019ANV-COP21 ont d\u00e9pos\u00e9 le 26 f\u00e9vrier 2025 des d\u00e9bris provoqu\u00e9s par les inondations historiques de fin janvier en Ille-et-Vilaine. <span class=\"copyright_logo\">&#8211; \u00a9 ANV-COP21 <\/span><\/p>\n<\/p><\/div>\n<div>\n        <span class=\"date\">27 f\u00e9vrier 2025  \u00e0 17h24<\/span><\/p>\n<p class=\"duree_lecture\">\n        Dur\u00e9e de lecture : 2 minutes\n      <\/p>\n<\/p><\/div>\n<div>\n<p>Des d\u00e9bris provoqu\u00e9s par des inondations. Voil\u00e0 ce qu\u2019ont d\u00e9pos\u00e9, le 27\u00a0f\u00e9vrier, des activistes du mouvement citoyen Action non-violente <span class=\"caps\">COP21<\/span> (<span class=\"caps\">ANV<\/span>&#8211;<span class=\"caps\">COP21<\/span>) devant des agences du groupe <span class=\"caps\">AXA<\/span>. Les militants (une soixantaine selon l\u2019organisation) ont men\u00e9 toute la journ\u00e9e des actions \u00e0 Nantes, Paris, Besan\u00e7on ou encore Amiens.<\/p>\n<p>Le groupe <span class=\"caps\">AXA<\/span>, sp\u00e9cialis\u00e9 dans l\u2019assurance et la gestion d\u2019actifs, venait de publier dans la matin\u00e9e <a target=\"_blank\" href=\"https:\/\/www-axa-com.cdn.axa-contento-118412.eu\/www-axa-com\/62c0b87f-234a-4b98-9419-373b00f94bd1_AXA_CP_20250227.pdf\" class=\"spip_out\" rel=\"external\">ses r\u00e9sultats pour l\u2019ann\u00e9e 2024<\/a>. Les primes \u00e9mises brutes et les autres revenus du groupe se sont \u00e9tablis, au 31\u00a0d\u00e9cembre 2024, \u00e0 110\u00a0316 millions d\u2019euros. Soit une hausse de plus de 7<small class=\"fine d-inline\">\u00a0<\/small>% par rapport \u00e0 l\u2019ann\u00e9e pr\u00e9c\u00e9dente.<\/p>\n<p>Ces r\u00e9sultats ont scandalis\u00e9 les activistes d\u2019<span class=\"caps\">ANV<\/span>&#8211;<span class=\"caps\">COP21<\/span>. \u00c0 quel prix ces r\u00e9sultats ont-ils \u00e9t\u00e9 obtenus<small class=\"fine d-inline\">\u00a0<\/small>? <a target=\"_blank\" href=\"https:\/\/blogs.mediapart.fr\/alternatiba-anv-cop21\/blog\/260225\/profits-records-soutien-aux-energies-fossiles-stop-l-hypocrisie-climatique-daxa-2\" class=\"spip_out\" rel=\"external\">Dans une tribune publi\u00e9e la veille<\/a>, sign\u00e9e par plusieurs autres organisations \u00e9cologistes dont Les Amis de la Terre et Extinction Rebellion, les militants ont d\u00e9nonc\u00e9 <i>\u00ab<small class=\"fine d-inline\">\u00a0<\/small>l\u2019implication d\u2019<span class=\"caps\">AXA<\/span> dans des projets fossiles tels que Freeport <span class=\"caps\">LNG<\/span>, Cameron <span class=\"caps\">LNG<\/span> et Calcasieu Pass aux \u00c9tats-Unis, qui exportent en masse du gaz de schiste, notamment vers l\u2019Europe, o\u00f9 <span class=\"caps\">AXA<\/span> assure \u00e9galement les terminaux de <span class=\"caps\">GNL<\/span> [gaz naturel liqu\u00e9fi\u00e9], comme \u00e0 Dunkerque<small class=\"fine d-inline\">\u00a0<\/small>\u00bb<\/i>.<\/p>\n<div class=\"spip_document_89073 spip_document spip_documents spip_document_image spip_documents_center spip_document_center spip_document_avec_legende\" data-legende-len=\"147\" data-legende-lenx=\"xxx\">\n<figure class=\"spip_doc_inner\">\n      <picture>\n<p>        <img decoding=\"async\" src=\"https:\/\/reporterre.net\/IMG\/jpg\/bafkreic7d4fgerypmu7ifbpgqttprwzvnp7suxhonfa7jgrdnkebdkl2ba_2_.jpg\" width=\"400\" height=\"533\" loading=\"lazy\" alt=\"\"\/>\n    <\/picture><figcaption class=\"spip_doc_legende\">\n<p>Des militants ont \u00ab<small class=\"fine d-inline\">\u00a0<\/small><small class=\"fine d-inline\">\u00a0<\/small>\u00e9rig\u00e9 un mur de bidons remplis d\u2019eau de la Vilaine<small class=\"fine d-inline\">\u00a0<\/small><small class=\"fine d-inline\">\u00a0<\/small>\u00bb devant une agence <span class=\"caps\"><span class=\"caps\">AXA<\/span><\/span>, le 26\u00a0f\u00e9vrier, \u00e9crit <span class=\"caps\"><span class=\"caps\">ANV<\/span><\/span>&#8211;<span class=\"caps\"><span class=\"caps\">COP21<\/span><\/span>.<br \/>\n<i>Bluesky\/<span class=\"caps\">ANV<\/span>&#8211;<span class=\"caps\">COP21<\/span><br \/>\n<\/i><\/p>\n<\/figcaption><\/figure>\n<\/p><\/div>\n<p><i>\u00ab<small class=\"fine d-inline\">\u00a0<\/small>Les assureurs jouent sur deux tableaux<\/i>, affirment les organisations \u00e9cologistes dans la tribune. <i>D\u2019un c\u00f4t\u00e9, ils se pr\u00e9sentent comme victimes de la crise climatique et augmentent les cotisations des personnes les plus expos\u00e9es aux catastrophes climatiques ou les privent carr\u00e9ment d\u2019assurance, comme c\u2019est le cas <a target=\"_blank\" href=\"https:\/\/france3-regions.francetvinfo.fr\/provence-alpes-cote-d-azur\/alpes-maritimes\/je-suis-scandalise-colere-du-maire-de-breil-sur-roya-abandonnee-par-les-assureurs-apres-la-tempete-alex-3054904.html\" class=\"spip_out\" rel=\"external\">pour la commune de Breil-sur-Roya<\/a> [dans les Alpes-Maritimes]. De l\u2019autre, ils continuent \u00e0 assurer l\u2019industrie fossile qui alimente ces m\u00eames catastrophes.<small class=\"fine d-inline\">\u00a0<\/small>\u00bb<\/i><\/p>\n<p>Depuis octobre dernier, les activistes exigent <i>\u00ab<small class=\"fine d-inline\">\u00a0<\/small>qu\u2019<span class=\"caps\">AXA<\/span> se d\u00e9sengage de tous les projets li\u00e9s aux \u00e9nergies fossiles sans exception\u00a0: charbon, p\u00e9trole, gaz naturel liqu\u00e9fi\u00e9, gaz de schiste<small class=\"fine d-inline\">\u00a0<\/small>\u00bb<\/i>.<\/p>\n<aside class=\"boite_encarts\">\n<div class=\"encart encart_gris noprint\">\n<p><strong>Puisque vous \u00eates l\u00e0&#8230;<\/strong><\/p>\n<p>&#8230; nous avons un petit service \u00e0 vous demander.<br class=\"autobr\"\/><br \/>\nEntre la pr\u00e9sence d\u2019un climatosceptique \u00e0 la t\u00eate de la premi\u00e8re puissance mondiale, un gouvernement fran\u00e7ais qui flirte avec l\u2019extr\u00eame-droite, et les catastrophes climatiques qui s\u2019enchainent&#8230; Faire vivre l\u2019\u00e9cologie dans le d\u00e9bat public est un enjeu crucial.<\/p>\n<p>Personne ne modifie ce que nous publions. Nous n\u2019avons ni actionnaire, ni propri\u00e9taire milliardaire \u2014 seulement une \u00e9quipe d\u2019irr\u00e9ductibles journalistes, pleine de d\u00e9termination.<\/p>\n<p>Nous avons la conviction que l\u2019urgence \u00e9cologique est l\u2019enjeu majeur de notre \u00e9poque. Et comme plus de 2 millions de lectrices et lecteurs chaque mois, vous partagez sans doute cette conviction&#8230;<\/p>\n<p><strong>Depuis 12 ans, nous publions des articles de qualit\u00e9 sur l\u2019\u00e9cologie, en acc\u00e8s libre et sans publicit\u00e9, pour tous.<\/strong><br class=\"autobr\"\/><br \/>\nMais ce travail demande beaucoup de temps et de ressources.<\/p>\n<p>Alors, si vous en avez les moyens, sachez qu\u2019un don, m\u00eame d\u20191\u20ac, est un acte de soutien fort pour l\u2019\u00e9cologie et le journalisme ind\u00e9pendant.<br class=\"autobr\"\/><br \/>\n(Et \u00e7a vous prendra moins de temps que la lecture de ce texte).<\/p>\n<p><strong>Si vous le pouvez, choisissez un soutien mensuel. Merci.<\/strong><\/p>\n<p><a target=\"_blank\" href=\"https:\/\/reporterre.net\/dons\" class=\"bt_soutenir\">Je soutiens <i>Reporterre<\/i><\/a><\/p>\n<\/p><\/div>\n<div class=\"encart encart_vert noprint montre_1023\">\n<div class=\"infolettre-form-container noprint\">\n<p>Abonnez-vous \u00e0 la lettre d\u2019info de Reporterre<\/p>\n<\/div><\/div>\n<\/aside>\n<aside class=\"boite_apresarticle encart_note\">\n<h4>Apr\u00e8s cet article<\/h4>\n<p>      <a target=\"_blank\" href=\"https:\/\/reporterre.net\/Les-assurances-vie-alimentent-le-dereglement-climatique\" class=\"lien_article\">\n      <picture class=\"vignette_gauche\"><source type=\"image\/webp\" srcset=\"https:\/\/reporterre.net\/local\/cache-vignettes\/L450xH300\/arton31893-949fc.jpg@.webp?1737399657\"><img decoding=\"async\" src=\"https:\/\/reporterre.net\/local\/cache-vignettes\/L450xH300\/arton31893-949fc.jpg?1737399657\" width=\"450\" height=\"300\" alt=\"\" class=\"marge12\" loading=\"lazy\"\/><br \/>\n<\/source><\/picture>\n<p class=\"libelle\">\n<p>      \u00c9conomie\n    <\/p>\n<p class=\"titre pol20\">\u00ab<small class=\"fine d-inline\">\u00a0<\/small>Les assurances-vie alimentent le d\u00e9r\u00e8glement climatique<small class=\"fine d-inline\">\u00a0<\/small>\u00bb<\/p>\n<p>      <\/a><br \/>\n    <\/aside>\n<aside class=\"boite_complement texte\">\n<p>      <!-- zone_forum --><br \/>\n          <\/aside>\n<aside class=\"boite_lireaussi noprint\">\n<\/aside>\n<aside class=\"colonne\">\n<div class=\"article_info cache_1023 noprint\">\n        <span class=\"date\">27 f\u00e9vrier 2025  \u00e0 17h24<\/span><\/p>\n<p class=\"duree_lecture\">\n        Dur\u00e9e de lecture : 2 minutes\n      <\/p>\n<\/p><\/div>\n<div class=\"bloc_infolettre\">\n<div class=\"infolettre-form-container noprint\">\n<p>Abonnez-vous \u00e0 la lettre d\u2019info de Reporterre<\/p>\n<\/div><\/div>\n<\/aside>\n<div id=\"galerie\">\n  <img decoding=\"async\" src=\"\" class=\"principale\" id=\"principale\"\/><\/p>\n<p id=\"legende\">legende<\/p>\n<\/div>\n<footer class=\"noprint\">\n<\/footer>\n<\/div>\n<p><br \/>\n<br \/><a href=\"https:\/\/reporterre.net\/Profits-records-des-agences-AXA-ciblees-par-des-activistes\" target=\"_blank\"\">Source link <\/a><\/p>\n","protected":false},"excerpt":{"rendered":"<p>\u00c0 Nantes, devant une agence AXA, des militants d\u2019ANV-COP21 ont d\u00e9pos\u00e9 le 26 f\u00e9vrier 2025 des d\u00e9bris provoqu\u00e9s par les inondations historiques de fin janvier en Ille-et-Vilaine. &#8211; \u00a9 ANV-COP21&hellip; <\/p>\n","protected":false},"author":1,"featured_media":3465,"comment_status":"open","ping_status":"open","sticky":false,"template":"","format":"standard","meta":{"footnotes":""},"categories":[1],"tags":[],"class_list":["post-3464","post","type-post","status-publish","format-standard","has-post-thumbnail","hentry","category-non-classe"],"_links":{"self":[{"href":"https:\/\/monde25.info\/index.php\/wp-json\/wp\/v2\/posts\/3464","targetHints":{"allow":["GET"]}}],"collection":[{"href":"https:\/\/monde25.info\/index.php\/wp-json\/wp\/v2\/posts"}],"about":[{"href":"https:\/\/monde25.info\/index.php\/wp-json\/wp\/v2\/types\/post"}],"author":[{"embeddable":true,"href":"https:\/\/monde25.info\/index.php\/wp-json\/wp\/v2\/users\/1"}],"replies":[{"embeddable":true,"href":"https:\/\/monde25.info\/index.php\/wp-json\/wp\/v2\/comments?post=3464"}],"version-history":[{"count":0,"href":"https:\/\/monde25.info\/index.php\/wp-json\/wp\/v2\/posts\/3464\/revisions"}],"wp:featuredmedia":[{"embeddable":true,"href":"https:\/\/monde25.info\/index.php\/wp-json\/wp\/v2\/media\/3465"}],"wp:attachment":[{"href":"https:\/\/monde25.info\/index.php\/wp-json\/wp\/v2\/media?parent=3464"}],"wp:term":[{"taxonomy":"category","embeddable":true,"href":"https:\/\/monde25.info\/index.php\/wp-json\/wp\/v2\/categories?post=3464"},{"taxonomy":"post_tag","embeddable":true,"href":"https:\/\/monde25.info\/index.php\/wp-json\/wp\/v2\/tags?post=3464"}],"curies":[{"name":"wp","href":"https:\/\/api.w.org\/{rel}","templated":true}]}}