{"id":3466,"date":"2025-02-27T18:34:24","date_gmt":"2025-02-27T17:34:24","guid":{"rendered":"https:\/\/monde25.info\/index.php\/2025\/02\/27\/rien-en-va-plus-entre-les-etats-unis-et-lue\/"},"modified":"2025-02-27T18:34:24","modified_gmt":"2025-02-27T17:34:24","slug":"rien-en-va-plus-entre-les-etats-unis-et-lue","status":"publish","type":"post","link":"https:\/\/monde25.info\/index.php\/2025\/02\/27\/rien-en-va-plus-entre-les-etats-unis-et-lue\/","title":{"rendered":"Rien en va plus entre les \u00c9tats-Unis et l&rsquo;UE"},"content":{"rendered":"<p> <br \/>\n<\/p>\n<div id=\"article-text\">\n<div class=\"article-text-images crayon article-texte-221866 \">\n<div align=\"center\"><img loading=\"lazy\" decoding=\"async\" src=\"https:\/\/www.voltairenet.org\/local\/cache-vignettes\/L800xH500\/400_-_1-408-f8245.jpg?1740666030\" class=\"spip_logo\" width=\"800\" height=\"500\" alt=\"\"\/><\/div>\n<p>\u2022 Le 24 f\u00e9vrier, troisi\u00e8me anniversaire de l\u2019op\u00e9ration militaire sp\u00e9ciale russe en Ukraine, Roberta Metsola, pr\u00e9sidente du Parlement europ\u00e9en, Ant\u00f3nio Costa, pr\u00e9sident du Conseil europ\u00e9en et Ursula von der Leyen, pr\u00e9sidente de la Commission europ\u00e9enne, ont publi\u00e9 une d\u00e9claration commune. On peut y lire\u00a0:<br class=\"autobr\"\/><br \/>\n\u00ab\u00a0L\u2019Union europ\u00e9enne et ses partenaires ont agi rapidement et de mani\u00e8re unie pour soutenir l\u2019Ukraine. L\u2019Union europ\u00e9enne a fourni \u00e0 l\u2019Ukraine une aide \u00e9conomique, humanitaire, financi\u00e8re et militaire totalisant 135 milliards d\u2019euros, dont 48,7 milliards d\u2019euros d\u2019aide militaire. L\u2019Union europ\u00e9enne continuera \u00e0 fournir \u00e0 l\u2019Ukraine un soutien financier r\u00e9gulier et pr\u00e9visible, y compris pour la reconstruction du pays apr\u00e8s la guerre.<br class=\"autobr\"\/><br \/>\nL\u2019Ukraine fait partie de notre famille europ\u00e9enne. Les Ukrainiens ont exprim\u00e9 leur souhait d\u2019un avenir au sein de l\u2019Union europ\u00e9enne. Nous l\u2019avons reconnu en accordant \u00e0 l\u2019Ukraine le statut de pays candidat et en lan\u00e7ant des n\u00e9gociations d\u2019adh\u00e9sion.<br class=\"autobr\"\/><br \/>\nDans un environnement international et g\u00e9opolitique difficile, nous soulignons l\u2019importance de maintenir la solidarit\u00e9 transatlantique et mondiale avec l\u2019Ukraine. Nous insistons sur la n\u00e9cessit\u00e9 de garantir que la communaut\u00e9 internationale continue de se concentrer sur le soutien \u00e0 l\u2019Ukraine pour parvenir \u00e0 une paix compl\u00e8te, juste et durable fond\u00e9e sur la formule de paix ukrainienne.\u00a0\u00bb<\/p>\n<p>\u2022 La Commission europ\u00e9enne a tenu une r\u00e9union informelle en visioconf\u00e9rence, le 26 f\u00e9vrier, pour entendre le compte-rendu du pr\u00e9sident fran\u00e7ais, Emmanuel Macron, de sa rencontre avec le pr\u00e9sident Donald Trump. Les dirigeants europ\u00e9ens sont convenus qu\u2019ils devaient faire bloc face \u00e0 la d\u00e9rive des \u00c9tats-Unis sur \u00ab\u00a0l\u2019invasion russe de l\u2019Ukraine.\u00a0\u00bb<\/p>\n<p>\u2022 Kaja Kallas, haute repr\u00e9sentante de l\u2019UE pour les Affaires \u00e9trang\u00e8res et la Politique de s\u00e9curit\u00e9, s\u2019est rendue \u00e0 Washington pour rencontre le secr\u00e9taire d\u2019\u00c9tat, Marco Rubio. L\u2019entretien a \u00e9t\u00e9 annul\u00e9 en derni\u00e8re minute par le secr\u00e9tariat de M.\u00a0Rubio, officiellement pour des raisons d\u2019agenda surbook\u00e9.<br class=\"autobr\"\/><br \/>\nMme\u00a0Kallas a fait s\u2019avoir qu\u2019en remplacement, elle rencontrera  \u00ab\u00a0des s\u00e9nateurs et des membres du Congr\u00e8s pour discuter de la guerre de la Russie contre l\u2019Ukraine et des relations transatlantiques.\u00a0\u00bb<\/p>\n<blockquote class=\"spip\">\n<p>Cet article est extrait du num\u00e9ro 122 de \u00ab\u00a0Voltaire, actualit\u00e9 internationale\u00a0\u00bb. Le monde change vite. <a target=\"_blank\" href=\"https:\/\/buy.stripe.com\/7sI16i222cRI4UgcN9\" class=\"spip_out\" rel=\"external\">Abonnez-vous<\/a> \u00e0 notre lettre confidentielle hebdomadaire\u00a0; une source exceptionnelle d\u2019information sur la transition vers un monde multipolaire.<\/p>\n<\/blockquote>\n<\/div>\n<aside>\n<\/aside>\n<div class=\"follow\" id=\"social\">\n<h4>Restez en contact<\/h4>\n<div class=\"follow-left\">\n<h5>Suivez-nous sur les r\u00e9seaux sociaux<\/h5>\n<p><a target=\"_blank\" href=\"https:\/\/www.facebook.com\/R%C3%A9seau-Voltaire-en-fran%C3%A7ais-106616878523973\" title=\"\" target=\"_blank\"><img decoding=\"async\" src=\"https:\/\/www.voltairenet.org\/squelettes\/images\/follow-fb.png\" alt=\"\"\/><\/a><br \/>\n<a target=\"_blank\" href=\"https:\/\/t.me\/reseauvoltaire\" title=\"\" target=\"_blank\"><img decoding=\"async\" src=\"https:\/\/www.voltairenet.org\/squelettes\/images\/follow-tg.png\" alt=\"\"\/><\/a><br \/>\n<a target=\"_blank\" href=\"https:\/\/twitter.com\/voltairenetFr\" title=\"\" target=\"_blank\"><img decoding=\"async\" src=\"https:\/\/www.voltairenet.org\/squelettes\/images\/follow-tw.png\" alt=\"\"\/><\/a>\n<\/div>\n<p><h5>Subscribe to weekly newsletter<\/h5>\n<\/p>\n<\/div>\n<p><!--\n\n<div><\/div>\n\n--><\/p>\n<\/div>\n<p><script async src=\"\/\/platform.twitter.com\/widgets.js\" charset=\"utf-8\"><\/script><br \/>\n<br \/><br \/>\n<br \/><a href=\"https:\/\/www.voltairenet.org\/article221866.html\" target=\"_blank\"\">Source link <\/a><\/p>\n","protected":false},"excerpt":{"rendered":"<p>\u2022 Le 24 f\u00e9vrier, troisi\u00e8me anniversaire de l\u2019op\u00e9ration militaire sp\u00e9ciale russe en Ukraine, Roberta Metsola, pr\u00e9sidente du Parlement europ\u00e9en, Ant\u00f3nio Costa, pr\u00e9sident du Conseil europ\u00e9en et Ursula von der Leyen,&hellip; <\/p>\n","protected":false},"author":1,"featured_media":3467,"comment_status":"open","ping_status":"open","sticky":false,"template":"","format":"standard","meta":{"footnotes":""},"categories":[1],"tags":[],"class_list":["post-3466","post","type-post","status-publish","format-standard","has-post-thumbnail","hentry","category-non-classe"],"_links":{"self":[{"href":"https:\/\/monde25.info\/index.php\/wp-json\/wp\/v2\/posts\/3466","targetHints":{"allow":["GET"]}}],"collection":[{"href":"https:\/\/monde25.info\/index.php\/wp-json\/wp\/v2\/posts"}],"about":[{"href":"https:\/\/monde25.info\/index.php\/wp-json\/wp\/v2\/types\/post"}],"author":[{"embeddable":true,"href":"https:\/\/monde25.info\/index.php\/wp-json\/wp\/v2\/users\/1"}],"replies":[{"embeddable":true,"href":"https:\/\/monde25.info\/index.php\/wp-json\/wp\/v2\/comments?post=3466"}],"version-history":[{"count":0,"href":"https:\/\/monde25.info\/index.php\/wp-json\/wp\/v2\/posts\/3466\/revisions"}],"wp:featuredmedia":[{"embeddable":true,"href":"https:\/\/monde25.info\/index.php\/wp-json\/wp\/v2\/media\/3467"}],"wp:attachment":[{"href":"https:\/\/monde25.info\/index.php\/wp-json\/wp\/v2\/media?parent=3466"}],"wp:term":[{"taxonomy":"category","embeddable":true,"href":"https:\/\/monde25.info\/index.php\/wp-json\/wp\/v2\/categories?post=3466"},{"taxonomy":"post_tag","embeddable":true,"href":"https:\/\/monde25.info\/index.php\/wp-json\/wp\/v2\/tags?post=3466"}],"curies":[{"name":"wp","href":"https:\/\/api.w.org\/{rel}","templated":true}]}}