{"id":3468,"date":"2025-02-27T19:07:34","date_gmt":"2025-02-27T18:07:34","guid":{"rendered":"https:\/\/monde25.info\/index.php\/2025\/02\/27\/la-condition-inhumaine-par-christian-de-brie-le-monde-diplomatique-mars-2025\/"},"modified":"2025-02-27T19:07:34","modified_gmt":"2025-02-27T18:07:34","slug":"la-condition-inhumaine-par-christian-de-brie-le-monde-diplomatique-mars-2025","status":"publish","type":"post","link":"https:\/\/monde25.info\/index.php\/2025\/02\/27\/la-condition-inhumaine-par-christian-de-brie-le-monde-diplomatique-mars-2025\/","title":{"rendered":"La condition inhumaine, par Christian de Brie (Le Monde diplomatique, mars 2025)"},"content":{"rendered":"<p> <br \/>\n<\/p>\n<div>\n<figure class=\"spip_document_34213 spip_documents spip_documents_center xl\" style=\"width:890px;\">\n<div class=\"limage\">\n<p>\t\t\t<img loading=\"lazy\" decoding=\"async\" src=\"https:\/\/www.monde-diplomatique.fr\/\/local\/cache-vignettes\/L890xH594\/img022-59-b53c7.jpg?1740499443\" width=\"890\" height=\"594\" class=\"spip_logos\" alt=\"JPEG - 137.1\u00a0ko\"\/><\/p><\/div><figcaption>\n<p>Sebasti\u00e3o Salgado. \u2013 L\u2019arsenal de Brest, dans l\u2019atelier du porte-avions \u00ab<small class=\"fine\">\u00a0<\/small>Charles de Gaulle<small class=\"fine\">\u00a0<\/small>\u00bb, 1990<\/p>\n<p>\u00a9 Sebasti\u00e3o Salgado\n<\/p>\n<\/figcaption><\/figure>\n<p><span class=\"mot-lettrine\"><span class=\"lettrine\">T<\/span>enter<\/span> de pr\u00e9senter une vision globale du IIe mill\u00e9naire, celle d\u2019une histoire mondialis\u00e9e, risque de bousculer nombre d\u2019id\u00e9es re\u00e7ues.<\/p>\n<p>Jusqu\u2019au <span class=\"siecle\">XVIII<sup>e<\/sup><\/span>\u00a0si\u00e8cle, c\u2019est l\u2019Asie \u2014 Chine, Inde, Proche-Orient \u2014 et non l\u2019Europe qui a \u00e9t\u00e9 le centre du monde. Par sa situation, sa superficie, sa population, ses structures politiques, \u00e9conomiques, sociales et culturelles, et enfin par les \u00e9v\u00e9nements qui s\u2019y sont succ\u00e9d\u00e9. Seul l\u2019ethnocentrisme des Occidentaux les emp\u00eache d\u2019en prendre conscience et continue \u00e0 les persuader du contraire. Par exemple, que l\u2019Am\u00e9rique fut \u00ab<small class=\"fine\">\u00a0<\/small>d\u00e9couverte<small class=\"fine\">\u00a0<\/small>\u00bb par Christophe Colomb en 1492, quand elle l\u2019avait \u00e9t\u00e9 quelque trente mille ans plus t\u00f4t par des populations venues d\u2019Asie et de Sib\u00e9rie, qui, depuis, n\u2019avaient cess\u00e9 d\u2019y d\u00e9velopper soci\u00e9t\u00e9s et civilisations. \u00c0 cette aune, l\u2019Europe aurait \u00e9t\u00e9 \u00ab<small class=\"fine\">\u00a0<\/small>d\u00e9couverte<small class=\"fine\">\u00a0<\/small>\u00bb par les Arabes et les Berb\u00e8res d\u00e9barquant \u00e0 Gibraltar en l\u2019an\u00a0710. Pour les Occidentaux, l\u2019histoire du mill\u00e9naire est d\u2019abord et toujours celle de l\u2019Occident, et le reste du monde n\u2019existe qu\u2019\u00e0 la marge, dans la mesure et le temps o\u00f9 ils entretiennent des rapports avec lui, le plus souvent de conqu\u00eate et de domination brutales.<\/p>\n<p>Ensuite, leurs relatives m\u00e9connaissances historiques, d\u2019autant plus marqu\u00e9es que l\u2019on s\u2019\u00e9loigne dans le temps, les conduisent irr\u00e9sistiblement \u00e0 surexposer le <span class=\"siecle\">XX<sup>e<\/sup><\/span>\u00a0si\u00e8cle. Or ni la guerre totale ni les g\u00e9nocides, les massacres et les d\u00e9portations massives de populations civiles ne sont des inventions r\u00e9centes. Ils ont exist\u00e9 avant et ailleurs et ont \u00e9t\u00e9 d\u2019une ampleur comparable. \u00c0 commencer par la destruction des Am\u00e9rindiens. Si l\u2019explosion de la population mondiale, pass\u00e9e en un si\u00e8cle de 1,5 \u00e0 6\u00a0milliards d\u2019habitants, celle des techniques, moyens et niveaux de production, de communication ou de destruction est sans pr\u00e9c\u00e9dent, il n\u2019est pas s\u00fbr que le dernier si\u00e8cle du mill\u00e9naire soit l\u2019<i>\u00ab<small class=\"fine\">\u00a0<\/small>\u00e2ge des extr\u00eames<small class=\"fine\">\u00a0<\/small>\u00bb,<\/i> selon l\u2019expression d\u2019Eric Hobsbawm. Il est plus probable que celui-ci soit encore \u00e0 venir.<\/p>\n<p>L\u2019histoire est une fable au service des puissants dont elle entretient\u00a0(&#8230;)<\/p>\n<\/p><\/div>\n<p>Taille de l\u2019article complet\u00a0:\u00a0<span>4\u00a0091<\/span>\u00a0mots.<\/p>\n<p><br \/>\n<br \/><a href=\"https:\/\/www.monde-diplomatique.fr\/2025\/03\/BRIE\/68112\" target=\"_blank\"\">Source link <\/a><\/p>\n","protected":false},"excerpt":{"rendered":"<p>Sebasti\u00e3o Salgado. \u2013 L\u2019arsenal de Brest, dans l\u2019atelier du porte-avions \u00ab\u00a0Charles de Gaulle\u00a0\u00bb, 1990 \u00a9 Sebasti\u00e3o Salgado Tenter de pr\u00e9senter une vision globale du IIe mill\u00e9naire, celle d\u2019une histoire mondialis\u00e9e,&hellip; <\/p>\n","protected":false},"author":1,"featured_media":3469,"comment_status":"open","ping_status":"open","sticky":false,"template":"","format":"standard","meta":{"footnotes":""},"categories":[1],"tags":[],"class_list":["post-3468","post","type-post","status-publish","format-standard","has-post-thumbnail","hentry","category-non-classe"],"_links":{"self":[{"href":"https:\/\/monde25.info\/index.php\/wp-json\/wp\/v2\/posts\/3468","targetHints":{"allow":["GET"]}}],"collection":[{"href":"https:\/\/monde25.info\/index.php\/wp-json\/wp\/v2\/posts"}],"about":[{"href":"https:\/\/monde25.info\/index.php\/wp-json\/wp\/v2\/types\/post"}],"author":[{"embeddable":true,"href":"https:\/\/monde25.info\/index.php\/wp-json\/wp\/v2\/users\/1"}],"replies":[{"embeddable":true,"href":"https:\/\/monde25.info\/index.php\/wp-json\/wp\/v2\/comments?post=3468"}],"version-history":[{"count":0,"href":"https:\/\/monde25.info\/index.php\/wp-json\/wp\/v2\/posts\/3468\/revisions"}],"wp:featuredmedia":[{"embeddable":true,"href":"https:\/\/monde25.info\/index.php\/wp-json\/wp\/v2\/media\/3469"}],"wp:attachment":[{"href":"https:\/\/monde25.info\/index.php\/wp-json\/wp\/v2\/media?parent=3468"}],"wp:term":[{"taxonomy":"category","embeddable":true,"href":"https:\/\/monde25.info\/index.php\/wp-json\/wp\/v2\/categories?post=3468"},{"taxonomy":"post_tag","embeddable":true,"href":"https:\/\/monde25.info\/index.php\/wp-json\/wp\/v2\/tags?post=3468"}],"curies":[{"name":"wp","href":"https:\/\/api.w.org\/{rel}","templated":true}]}}