{"id":3470,"date":"2025-02-27T19:40:46","date_gmt":"2025-02-27T18:40:46","guid":{"rendered":"https:\/\/monde25.info\/index.php\/2025\/02\/27\/la69-annulee-les-opposants-exultent\/"},"modified":"2025-02-27T19:40:46","modified_gmt":"2025-02-27T18:40:46","slug":"la69-annulee-les-opposants-exultent","status":"publish","type":"post","link":"https:\/\/monde25.info\/index.php\/2025\/02\/27\/la69-annulee-les-opposants-exultent\/","title":{"rendered":"l\u2019A69 annul\u00e9e, les opposants exultent"},"content":{"rendered":"<p> <br \/>\n<\/p>\n<div>\n<p>    <span class=\"date\">27 f\u00e9vrier 2025  \u00e0 17h00<\/span><\/p>\n<p>    <span class=\"date_modif\">Mis \u00e0 jour le 27 f\u00e9vrier 2025 \u00e0 18h08<\/span>      <\/p>\n<p class=\"duree_lecture\">\n        Dur\u00e9e de lecture : 4 minutes\n      <\/p>\n<\/p><\/div>\n<div>\n<p class=\"indication_lieu\">Toulouse, correspondance<\/p>\n<p><i>\u00ab<small class=\"fine d-inline\">\u00a0<\/small>En d\u00e9pit de la pression exerc\u00e9e par l\u2019\u00c9tat et le concessionnaire, c\u2019est une d\u00e9cision historique<small class=\"fine d-inline\">\u00a0<\/small>!<small class=\"fine d-inline\">\u00a0<\/small>\u00bb<\/i> Le 27\u00a0f\u00e9vrier, le tribunal administratif de Toulouse a <a target=\"_blank\" href=\"https:\/\/reporterre.net\/Victoire-historique-le-chantier-de-l-A69-juge-illegal-est-stoppe-net\" class=\"spip_in\">annul\u00e9 l\u2019autorisation environnementale<\/a> d\u00e9livr\u00e9e au concessionnaire Atosca, qui lui permettait de construire l\u2019autoroute A69 entre Toulouse et Castres. Apr\u00e8s deux ans de travaux, le chantier est stopp\u00e9.<\/p>\n<p><i>\u00ab<small class=\"fine d-inline\">\u00a0<\/small>C\u2019est la premi\u00e8re fois qu\u2019une autoroute est annul\u00e9e pour des raisons environnementales, alors m\u00eame que les travaux sont tr\u00e8s avanc\u00e9s<small class=\"fine d-inline\">\u00a0<\/small>\u00bb<\/i>, a d\u00e9clar\u00e9 en conf\u00e9rence de presse \u00e0 Toulouse Ma\u00eetre Alice Terrasse, avocate d\u2019une partie des associations ayant d\u00e9pos\u00e9 la requ\u00eate pour annuler l\u2019A69.<\/p>\n<p><a target=\"_blank\" href=\"https:\/\/reporterre.net\/Victoire-historique-le-chantier-de-l-A69-juge-illegal-est-stoppe-net\" class=\"lien_lireaussi\"><strong>Lire aussi : <\/strong> <span>Victoire historique\u00a0: le chantier de l\u2019A69, jug\u00e9 ill\u00e9gal, est stopp\u00e9 net<\/span><\/a><\/p>\n<p><i>\u00ab<small class=\"fine d-inline\">\u00a0<\/small>C\u2019est un moment inoubliable pour nous<\/i>, dit Gilles Garric, militant du collectif La Voie est libre. <i>Cela fait plus de quinze ans qu\u2019on lutte contre ce projet. Aujourd\u2019hui, le tribunal nous a donn\u00e9 raison sur tous les arguments que nous avons toujours port\u00e9s.<small class=\"fine d-inline\">\u00a0<\/small>\u00bb<\/i><\/p>\n<p>L\u2019\u00c9tat ne compte pourtant pas en rester l\u00e0. Le ministre des Transports, Philippe Tabarot, a qualifi\u00e9 cette annulation d\u2019<i>\u00ab<small class=\"fine d-inline\">\u00a0<\/small>ubuesque<small class=\"fine d-inline\">\u00a0<\/small>\u00bb<\/i> et a annonc\u00e9 que l\u2019\u00c9tat ferait appel de cette d\u00e9cision. Ce recours serait assorti d\u2019un sursis \u00e0 ex\u00e9cution qui, s\u2019il est accept\u00e9 par le juge, pourrait permettre au concessionnaire de poursuivre les travaux jusqu\u2019\u00e0 la prochaine audience \u00e0 la cour administrative d\u2019appel pr\u00e9vue d\u2019ici au moins un an. Un sc\u00e9nario tr\u00e8s peu probable, selon l\u2019avocate Alice Terrasse.<\/p>\n<h2 class=\"spip\">Des b\u00e9n\u00e9fices \u00ab<small class=\"fine d-inline\">\u00a0<\/small>trop limit\u00e9s<small class=\"fine d-inline\">\u00a0<\/small>\u00bb<\/h2>\n<p>Dans son jugement du 27\u00a0f\u00e9vrier, que <i>Reporterre<\/i> a pu consulter, le tribunal administratif de Toulouse estime que les <i>\u00ab<small class=\"fine d-inline\">\u00a0<\/small>b\u00e9n\u00e9fices \u00e9conomiques, sociaux et de s\u00e9curit\u00e9 publique sont trop limit\u00e9s<small class=\"fine d-inline\">\u00a0<\/small>\u00bb<\/i> pour justifier la construction de l\u2019autoroute.<\/p>\n<p>La juridiction d\u00e9monte les arguments du concessionnaire et de l\u2019\u00c9tat, estimant, par exemple, que le bassin Castres-Mazamet ne souffre pas d\u2019une situation de d\u00e9crochage par rapport \u00e0 d\u2019autres villes de la r\u00e9gion comme Albi ou Carcassonne. Il estime que la route nationale existante n\u2019est pas particuli\u00e8rement accidentog\u00e8ne compar\u00e9e \u00e0 d\u2019autres itin\u00e9raires, et souligne que <i>\u00ab<small class=\"fine d-inline\">\u00a0<\/small>le co\u00fbt \u00e9lev\u00e9 du p\u00e9age de la future liaison autorouti\u00e8re<small class=\"fine d-inline\">\u00a0<\/small>\u00bb<\/i> (6,77 euros pour un aller simple) pourrait d\u00e9courager de nombreux utilisateurs.<\/p>\n<p>Le tribunal conclut qu\u2019<i>\u00ab<small class=\"fine d-inline\">\u00a0<\/small>au vu des b\u00e9n\u00e9fices tr\u00e8s limit\u00e9s qu\u2019auront ces projets pour le territoire et ses habitants, il n\u2019est pas possible de d\u00e9roger aux r\u00e8gles de protection de l\u2019environnement et des esp\u00e8ces prot\u00e9g\u00e9es<small class=\"fine d-inline\">\u00a0<\/small>\u00bb<\/i>.<\/p>\n<p>En plus d\u2019annuler l\u2019autorisation de l\u2019A69, la juridiction a \u00e9galement annul\u00e9 l\u2019autorisation de l\u2019A680, une jonction de 8 kilom\u00e8tres cens\u00e9e relier l\u2019agglom\u00e9ration toulousaine \u00e0 la commune de Verfeil, o\u00f9 se trouve l\u2019\u00e9changeur pour emprunter l\u2019A69. L\u2019arr\u00eat du chantier suspend \u00e9galement l\u2019installation tr\u00e8s controvers\u00e9e des <a target=\"_blank\" href=\"https:\/\/reporterre.net\/Autoroute-A69-l-ultime-chance-de-stopper-l-installation-des-usines-a-bitume\">usines \u00e0 bitume<\/a>, qui devait intervenir mi-mars.<\/p>\n<p><i>\u00ab<small class=\"fine d-inline\">\u00a0<\/small>Je tiens \u00e0 saluer le courage de la juridiction administrative. Le tribunal a jug\u00e9 en droit et uniquement en droit, et cela est de tr\u00e8s bon augure pour la suite<small class=\"fine d-inline\">\u00a0<\/small>\u00bb<\/i>, souligne l\u2019avocate Alice Terrasse.<\/p>\n<h2 class=\"spip\">\u00ab<small class=\"fine d-inline\">\u00a0<\/small>Pour tous ceux qui ont laiss\u00e9 des plumes<small class=\"fine d-inline\">\u00a0<\/small>\u00bb<\/h2>\n<p>Depuis plusieurs mois, l\u2019\u00e9tau juridique s\u2019\u00e9tait resserr\u00e9 autour de ce projet autoroutier controvers\u00e9. Durant deux audiences au tribunal, la rapporteuse publique, Mona Rousseau, avait <a target=\"_blank\" href=\"https:\/\/reporterre.net\/A69-la-rapporteure-publique-reclame-l-abandon-du-chantier\">demand\u00e9 aux juges d\u2019annuler<\/a> l\u2019autorisation environnementale.<\/p>\n<p>Dans ses conclusions, qu\u2019elle avait r\u00e9it\u00e9r\u00e9es lors de <a target=\"_blank\" href=\"https:\/\/reporterre.net\/L-A69-sur-la-sellette-apres-une-audience-cruciale\">l\u2019audience du 18\u00a0f\u00e9vrier<\/a>, la magistrate ind\u00e9pendante avait jug\u00e9 qu\u2019il n\u2019existait pas de raison imp\u00e9rative d\u2019int\u00e9r\u00eat public majeur et que les gains esp\u00e9r\u00e9s par la construction de cette autoroute n\u2019\u00e9taient pas suffisants par rapport aux atteintes \u00e0 l\u2019environnement.<\/p>\n<p>Pour les militants, trop de temps a \u00e9t\u00e9 perdu. <i>\u00ab<small class=\"fine d-inline\">\u00a0<\/small>Il n\u2019est pas normal d\u2019avoir un jugement deux ans apr\u00e8s le d\u00e9but des travaux<\/i>, dit Thomas Digard, un militant du collectif La Voie est libre. <i>J\u2019ai une pens\u00e9e \u00e9mue pour les <a target=\"_blank\" href=\"https:\/\/reporterre.net\/A69-sous-la-menace-la-derniere-habitante-sur-le-trace-capitule\">nombreuses personnes expropri\u00e9es<\/a> pour ce projet inutile et finalement jug\u00e9 ill\u00e9gal.<small class=\"fine d-inline\">\u00a0<\/small>\u00bb<\/i><\/p>\n<blockquote class=\"spip\">\n<p>\u00ab<small class=\"fine d-inline\">\u00a0<\/small>On demande l\u2019amnistie pour tout le monde, puisque l\u2019histoire leur donne raison<small class=\"fine d-inline\">\u00a0<\/small>!<small class=\"fine d-inline\">\u00a0<\/small>\u00bb<\/p>\n<\/blockquote>\n<p>\u00c0 ses c\u00f4t\u00e9s, dans un petit bar de Toulouse choisi pour accueillir la conf\u00e9rence de presse, Geoffrey Tarroux, un autre membre du collectif, a salu\u00e9 <i>\u00ab<small class=\"fine d-inline\">\u00a0<\/small>tous ceux qui ont laiss\u00e9 des plumes lors de cette lutte, qui ont sacrifi\u00e9 leur vie et ont laiss\u00e9 des vert\u00e8bres et des f\u00e9murs durant deux ans. De nombreux proc\u00e8s doivent encore avoir lieu contre des opposants \u00e0 l\u2019A69, et on demande l\u2019amnistie pour tout le monde, puisque l\u2019histoire leur donne raison<small class=\"fine d-inline\">\u00a0<\/small>!<small class=\"fine d-inline\">\u00a0<\/small>\u00bb<\/i><\/p>\n<p>Les modalit\u00e9s concr\u00e8tes de cette annulation, concernant la remise en \u00e9tat du chantier ou la d\u00e9construction des ouvrages d\u2019art, ne sont pas encore connues. Pour Jean Olivier, copr\u00e9sident des Amis de la Terre Midi-Pyr\u00e9n\u00e9es, <i>\u00ab<small class=\"fine d-inline\">\u00a0<\/small>le plus important pour le moment, c\u2019est de laisser la nature reprendre ses droits<small class=\"fine d-inline\">\u00a0<\/small>\u00bb<\/i>.<\/p>\n<aside class=\"boite_encarts\">\n<div class=\"encart encart_gris noprint\">\n<p><strong>Puisque vous \u00eates l\u00e0&#8230;<\/strong><\/p>\n<p>&#8230; nous avons un petit service \u00e0 vous demander.<br class=\"autobr\"\/><br \/>\nEntre la pr\u00e9sence d\u2019un climatosceptique \u00e0 la t\u00eate de la premi\u00e8re puissance mondiale, un gouvernement fran\u00e7ais qui flirte avec l\u2019extr\u00eame-droite, et les catastrophes climatiques qui s\u2019enchainent&#8230; Faire vivre l\u2019\u00e9cologie dans le d\u00e9bat public est un enjeu crucial.<\/p>\n<p>Personne ne modifie ce que nous publions. Nous n\u2019avons ni actionnaire, ni propri\u00e9taire milliardaire \u2014 seulement une \u00e9quipe d\u2019irr\u00e9ductibles journalistes, pleine de d\u00e9termination.<\/p>\n<p>Nous avons la conviction que l\u2019urgence \u00e9cologique est l\u2019enjeu majeur de notre \u00e9poque. Et comme plus de 2 millions de lectrices et lecteurs chaque mois, vous partagez sans doute cette conviction&#8230;<\/p>\n<p><strong>Depuis 12 ans, nous publions des articles de qualit\u00e9 sur l\u2019\u00e9cologie, en acc\u00e8s libre et sans publicit\u00e9, pour tous.<\/strong><br class=\"autobr\"\/><br \/>\nMais ce travail demande beaucoup de temps et de ressources.<\/p>\n<p>Alors, si vous en avez les moyens, sachez qu\u2019un don, m\u00eame d\u20191\u20ac, est un acte de soutien fort pour l\u2019\u00e9cologie et le journalisme ind\u00e9pendant.<br class=\"autobr\"\/><br \/>\n(Et \u00e7a vous prendra moins de temps que la lecture de ce texte).<\/p>\n<p><strong>Si vous le pouvez, choisissez un soutien mensuel. Merci.<\/strong><\/p>\n<p><a target=\"_blank\" href=\"https:\/\/reporterre.net\/dons\" class=\"bt_soutenir\">Je soutiens <i>Reporterre<\/i><\/a><\/p>\n<\/p><\/div>\n<div class=\"encart encart_vert noprint montre_1023\">\n<div class=\"infolettre-form-container noprint\">\n<p>Abonnez-vous \u00e0 la lettre d\u2019info de Reporterre<\/p>\n<\/div><\/div>\n<\/aside>\n<aside class=\"boite_apresarticle encart_note\">\n<h4>Apr\u00e8s cet article<\/h4>\n<p>      <a target=\"_blank\" href=\"https:\/\/reporterre.net\/Victoire-historique-le-chantier-de-l-A69-juge-illegal-est-stoppe-net\" class=\"lien_article\">\n      <picture class=\"vignette_gauche\"><source type=\"image\/webp\" srcset=\"https:\/\/reporterre.net\/https:\/\/reporterre.net\/https:\/\/reporterre.net\/local\/cache-vignettes\/L450xH300\/reporterre-aberlioz-2025-02-18-0011-c8126.jpg@.webp?1740658453\"><img decoding=\"async\" src=\"https:\/\/reporterre.net\/local\/cache-vignettes\/L450xH300\/reporterre-aberlioz-2025-02-18-0011-c8126.jpg?1740658453\" width=\"450\" height=\"300\" alt=\"\" class=\"marge12\" loading=\"lazy\"\/><br \/>\n<\/source><\/picture>\n<p class=\"libelle\">\n<p>      A69\n    <\/p>\n<p class=\"titre pol20\">Victoire historique\u00a0: le chantier de l\u2019A69, jug\u00e9 ill\u00e9gal, est stopp\u00e9 net<\/p>\n<p>      <\/a><br \/>\n    <\/aside>\n<aside class=\"boite_complement texte\">\n<p>      <!-- zone_forum --><br \/>\n          <\/aside>\n<aside class=\"boite_lireaussi noprint\">\n<\/aside>\n<aside class=\"colonne\">\n<div class=\"article_info cache_1023 noprint\">\n<p>    <span class=\"date\">27 f\u00e9vrier 2025  \u00e0 17h00<\/span><\/p>\n<p>    <span class=\"date_modif\">Mis \u00e0 jour le 27 f\u00e9vrier 2025 \u00e0 18h08<\/span>      <\/p>\n<p class=\"duree_lecture\">\n        Dur\u00e9e de lecture : 4 minutes\n      <\/p>\n<\/p><\/div>\n<div class=\"bloc_infolettre\">\n<div class=\"infolettre-form-container noprint\">\n<p>Abonnez-vous \u00e0 la lettre d\u2019info de Reporterre<\/p>\n<\/div><\/div>\n<\/aside>\n<div id=\"galerie\">\n  <img decoding=\"async\" src=\"\" class=\"principale\" id=\"principale\"\/><\/p>\n<p id=\"legende\">legende<\/p>\n<\/div>\n<footer class=\"noprint\">\n<\/footer>\n<\/div>\n<p><br \/>\n<br \/><a href=\"https:\/\/reporterre.net\/Une-decision-historique-l-A69-annulee-les-opposants-exultent\" target=\"_blank\"\">Source link <\/a><\/p>\n","protected":false},"excerpt":{"rendered":"<p>27 f\u00e9vrier 2025 \u00e0 17h00 Mis \u00e0 jour le 27 f\u00e9vrier 2025 \u00e0 18h08 Dur\u00e9e de lecture : 4 minutes Toulouse, correspondance \u00ab\u00a0En d\u00e9pit de la pression exerc\u00e9e par l\u2019\u00c9tat&hellip; <\/p>\n","protected":false},"author":1,"featured_media":3471,"comment_status":"open","ping_status":"open","sticky":false,"template":"","format":"standard","meta":{"footnotes":""},"categories":[1],"tags":[],"class_list":["post-3470","post","type-post","status-publish","format-standard","has-post-thumbnail","hentry","category-non-classe"],"_links":{"self":[{"href":"https:\/\/monde25.info\/index.php\/wp-json\/wp\/v2\/posts\/3470","targetHints":{"allow":["GET"]}}],"collection":[{"href":"https:\/\/monde25.info\/index.php\/wp-json\/wp\/v2\/posts"}],"about":[{"href":"https:\/\/monde25.info\/index.php\/wp-json\/wp\/v2\/types\/post"}],"author":[{"embeddable":true,"href":"https:\/\/monde25.info\/index.php\/wp-json\/wp\/v2\/users\/1"}],"replies":[{"embeddable":true,"href":"https:\/\/monde25.info\/index.php\/wp-json\/wp\/v2\/comments?post=3470"}],"version-history":[{"count":0,"href":"https:\/\/monde25.info\/index.php\/wp-json\/wp\/v2\/posts\/3470\/revisions"}],"wp:featuredmedia":[{"embeddable":true,"href":"https:\/\/monde25.info\/index.php\/wp-json\/wp\/v2\/media\/3471"}],"wp:attachment":[{"href":"https:\/\/monde25.info\/index.php\/wp-json\/wp\/v2\/media?parent=3470"}],"wp:term":[{"taxonomy":"category","embeddable":true,"href":"https:\/\/monde25.info\/index.php\/wp-json\/wp\/v2\/categories?post=3470"},{"taxonomy":"post_tag","embeddable":true,"href":"https:\/\/monde25.info\/index.php\/wp-json\/wp\/v2\/tags?post=3470"}],"curies":[{"name":"wp","href":"https:\/\/api.w.org\/{rel}","templated":true}]}}