{"id":3476,"date":"2025-02-27T21:19:57","date_gmt":"2025-02-27T20:19:57","guid":{"rendered":"https:\/\/monde25.info\/index.php\/2025\/02\/27\/la-france-condamnee-pour-violation-du-droit-a-la-vie\/"},"modified":"2025-02-27T21:19:57","modified_gmt":"2025-02-27T20:19:57","slug":"la-france-condamnee-pour-violation-du-droit-a-la-vie","status":"publish","type":"post","link":"https:\/\/monde25.info\/index.php\/2025\/02\/27\/la-france-condamnee-pour-violation-du-droit-a-la-vie\/","title":{"rendered":"la France condamn\u00e9e pour violation du droit \u00e0 la vie"},"content":{"rendered":"<p> <br \/>\n<\/p>\n<div>\n<p>    <span class=\"date\">27 f\u00e9vrier 2025  \u00e0 16h06<\/span><\/p>\n<p>    <span class=\"date_modif\">Mis \u00e0 jour le 27 f\u00e9vrier 2025 \u00e0 18h10<\/span>      <\/p>\n<p class=\"duree_lecture\">\n        Dur\u00e9e de lecture : 4 minutes\n      <\/p>\n<\/p><\/div>\n<div>\n<p>Il a fallu atteindre le dernier \u00e9chelon du droit pour enfin obtenir justice. Ce 27\u00a0janvier, la Cour europ\u00e9enne des droits de l\u2019Homme (<span class=\"caps\">CEDH<\/span>) a condamn\u00e9 la France pour <a target=\"_blank\" href=\"https:\/\/reporterre.net\/EXCLUSIF-Testet-Remi-Fraisse-a-ete-touche-par-une-grenade-ou-un-flash-ball\" class=\"spip_in\">violation du <i>\u00ab<small class=\"fine d-inline\">\u00a0<\/small>droit \u00e0 la vie<small class=\"fine d-inline\">\u00a0<\/small>\u00bb<\/i> \u00e0 la suite de la mort de R\u00e9mi Fraisse<\/a>. Le jeune homme <a target=\"_blank\" href=\"https:\/\/reporterre.net\/Ce-qu-on-a-vecu-la-est-indelebile-a-Sivens-la-memoire-de-Remi-Fraisse-vit-toujours\" class=\"spip_in\">avait \u00e9t\u00e9 tu\u00e9 par une grenade<\/a> lanc\u00e9e par un gendarme mobile lors d\u2019une manifestation contre un projet de barrage \u00e0 Sivens, dans le Tarn, dans la nuit du 25 au 26\u00a0octobre 2014. Suspendu, le projet en lui-m\u00eame a \u00e9t\u00e9 jug\u00e9 ill\u00e9gal en 2016.<\/p>\n<p>Pour autant, jamais le gendarme auteur du lancer ni sa hi\u00e9rarchie n\u2019ont \u00e9t\u00e9 mis en examen pour la mort du militant \u00e9cologiste et l\u2019enqu\u00eate judiciaire s\u2019est sold\u00e9e par un non-lieu d\u00e9finitif. Quant \u00e0 la justice administrative, elle a reconnu en 2023 que l\u2019\u00c9tat \u00e9tait <i>\u00ab<small class=\"fine d-inline\">\u00a0<\/small>civilement responsable<small class=\"fine d-inline\">\u00a0<\/small>\u00bb<\/i> des d\u00e9g\u00e2ts caus\u00e9s\u00a0par ses op\u00e9rations de maintien de l\u2019ordre, tout en pr\u00e9cisant qu\u2019il n\u2019y avait pas eu de <i>\u00ab<small class=\"fine d-inline\">\u00a0<\/small>faute<small class=\"fine d-inline\">\u00a0<\/small>\u00bb<\/i> commise \u00e0 Sivens. La <span class=\"caps\">CEDH<\/span> vient ainsi mettre un terme \u00e0 cette absence constante de condamnation de fond. Dans son arr\u00eat, elle rel\u00e8ve \u00e0 la fois <i>\u00ab<small class=\"fine d-inline\">\u00a0<\/small>des d\u00e9faillances de la cha\u00eene de commandement<small class=\"fine d-inline\">\u00a0<\/small>\u00bb<\/i> et de l\u2019organisation des op\u00e9rations.<\/p>\n<p>Les armes utilis\u00e9es sont \u00e9galement mises en cause. La grenade fatale, dite <span class=\"caps\">OF<\/span>-F1 et compos\u00e9e du puissant explosif <span class=\"caps\">TNT<\/span>, \u00e0 R\u00e9mi Fraisse <i>\u00ab<small class=\"fine d-inline\">\u00a0<\/small>\u00e9tait probl\u00e9matique en raison de l\u2019absence d\u2019un cadre d\u2019emploi pr\u00e9cis et protecteur<small class=\"fine d-inline\">\u00a0<\/small>\u00bb<\/i>. M\u00eame si elle a \u00e9t\u00e9 interdite en 2017, les forces de police disposent encore d\u2019autres grenades similaires, \u00e0 l\u2019instar des <span class=\"caps\">GLI<\/span>-F4 qui contiennent \u00e9galement une charge de <span class=\"caps\">TNT<\/span> et qui continuent de blesser des manifestants.<\/p>\n<p>S\u2019ajoute \u00e0 cela qu\u2019aucune autorit\u00e9 civile n\u2019\u00e9tait pr\u00e9sente sur place au moment des faits et <i>\u00ab<small class=\"fine d-inline\">\u00a0<\/small>ne pouvait, \u00e0 distance, compl\u00e8tement percevoir l\u2019ampleur des affrontements et la situation rencontr\u00e9e par les forces de l\u2019ordre<small class=\"fine d-inline\">\u00a0<\/small>\u00bb<\/i>. Dans ces conditions, le risque d\u2019atteinte au droit \u00e0 la vie des manifestants \u00e9tait pr\u00e9sent, ce qui viole l\u2019article 2 de la Convention europ\u00e9enne des droits d\u2019homme.<\/p>\n<blockquote class=\"spip\">\n<p>\u00ab<small class=\"fine d-inline\">\u00a0<\/small>C\u2019est une confirmation de ce qui \u00e9tait pressenti depuis le d\u00e9but<small class=\"fine d-inline\">\u00a0<\/small>\u00bb<\/p>\n<\/blockquote>\n<p>Cette condamnation, assortie d\u2019un total de 50\u00a0700 euros d\u2019indemnit\u00e9s vers\u00e9es aux membres de la famille de R\u00e9mi Fraisse, cl\u00f4ture plus de dix ans de bataille judiciaire. Pour Claire Dujardin, avocate de la m\u00e8re et de la s\u0153ur de R\u00e9mi, cette d\u00e9cision est <i>\u00ab<small class=\"fine d-inline\">\u00a0<\/small>une victoire et une confirmation de ce qui \u00e9t\u00e9 pressenti depuis le d\u00e9but\u00a0: le maintien de l\u2019ordre \u00e0 Sivens n\u2019apportait pas les garanties suffisantes pour \u00e9viter que R\u00e9mi soit tu\u00e9<small class=\"fine d-inline\">\u00a0<\/small>\u00bb<\/i>.<\/p>\n<div class=\"spip_document_89064 spip_document spip_documents spip_document_image spip_documents_center spip_document_center spip_document_avec_legende\" data-legende-len=\"171\" data-legende-lenx=\"xxx\">\n<figure class=\"spip_doc_inner\">\n      <picture><source type=\"image\/webp\" srcset=\"https:\/\/reporterre.net\/local\/cache-vignettes\/L720xH471\/aberlioz-2024-10-26-27-278b6_jpg_-f274d.webp?1740667095\"><img decoding=\"async\" src=\"https:\/\/reporterre.net\/IMG\/webp\/aberlioz-2024-10-26-27-278b6_jpg_.webp\" width=\"720\" height=\"471\" loading=\"lazy\" alt=\"\"\/><br \/>\n    <\/source><\/picture><figcaption class=\"spip_doc_legende\">\n<p>Un m\u00e9morial de fleurs a \u00e9t\u00e9 plant\u00e9 dans la zone humide du Testet, \u00e0 Sivens, \u00e0 la m\u00e9moire de R\u00e9mi Fraisse, le 26\u00a0octobre 2024.<br \/>\n<i>\u00a9 Antoine Berlioz \/ Hans Lucas \/ Reporterre<br \/>\n<\/i><\/p>\n<\/figcaption><\/figure>\n<\/p><\/div>\n<p>Dans <a target=\"_blank\" href=\"https:\/\/bsky.app\/profile\/aaavocats.bsky.social\/post\/3lj5nkaszd22h\" class=\"spip_out\" rel=\"external\">un court communiqu\u00e9<\/a>, le p\u00e8re de R\u00e9mi, Jean-Pierre Fraisse, estime quant \u00e0 lui que <i>\u00ab<small class=\"fine d-inline\">\u00a0<\/small>cette condamnation \u00e9tablit de mani\u00e8re d\u00e9finitive que R\u00e9mi<small class=\"fine d-inline\">\u00a0<\/small>\u00bb<\/i>, \u00e2g\u00e9 de 21 ans, <i>\u00ab<small class=\"fine d-inline\">\u00a0<\/small>a \u00e9t\u00e9 tu\u00e9 par la France en raison d\u2019ordres [\u2026] manifestement disproportionn\u00e9s<small class=\"fine d-inline\">\u00a0<\/small>\u00bb<\/i>. Pour lui, <i>\u00ab<small class=\"fine d-inline\">\u00a0<\/small>la France ne sort pas grandie de cette affaire. Elle le serait si elle mettait tout en \u0153uvre pour que de tels faits ne se reproduisent pas<small class=\"fine d-inline\">\u00a0<\/small>\u00bb<\/i>.<\/p>\n<p>Au cabinet d\u2019avocat Spinosi, qui accompagnait le p\u00e8re devant la <span class=\"caps\">CEDH<\/span>, on observe que <i>\u00ab<small class=\"fine d-inline\">\u00a0<\/small>c\u2019est la premi\u00e8re fois que la Cour condamne la France sur le maintien de l\u2019ordre en manifestation<small class=\"fine d-inline\">\u00a0<\/small>\u00bb<\/i>. La France avait d\u00e9j\u00e0 \u00e9t\u00e9 condamn\u00e9e en 2023 pour l\u2019usage de techniques polici\u00e8res comme les nasses, mais cette fois <i>\u00ab<small class=\"fine d-inline\">\u00a0<\/small>l\u2019arr\u00eat dit en sous-texte que l\u2019encadrement \u00e9tait lacunaire et que ces armes, dites interm\u00e9diaires, s\u2019av\u00e9raient en fait particuli\u00e8rement dangereuses, \u00e9l\u00e9ment longtemps ni\u00e9 par les autorit\u00e9s<small class=\"fine d-inline\">\u00a0<\/small>\u00bb<\/i>.<\/p>\n<h2 class=\"spip\">Le maintien de l\u2019ordre \u00e0 la fran\u00e7aise remis en cause<\/h2>\n<p>Dans sa d\u00e9cision, la Cour a en revanche mis hors de cause l\u2019enqu\u00eate et la proc\u00e9dure elle-m\u00eame, qui ne sont selon elle entach\u00e9es <i>\u00ab<small class=\"fine d-inline\">\u00a0<\/small>d\u2019aucun manquement \u00e0 l\u2019ind\u00e9pendance et \u00e0 l\u2019impartialit\u00e9<small class=\"fine d-inline\">\u00a0<\/small>\u00bb<\/i>. Mais pour parvenir \u00e0 cette conclusion, elle s\u2019appuie notamment sur le travail du D\u00e9fenseur des droits, seule instance \u00e0 avoir auditionn\u00e9 le pr\u00e9fet et son directeur de cabinet aux responsabilit\u00e9s \u00e0 l\u2019\u00e9poque. Un paradoxe quand on constate que le travail fourni par cette institution est rarement consid\u00e9r\u00e9 par les tribunaux et l\u2019\u00c9tat.<\/p>\n<p>En 2017, 2021 et encore en 2023, le d\u00e9fenseur des droits n\u2019a cess\u00e9 d\u2019alerter sur <a target=\"_blank\" href=\"https:\/\/www.defenseurdesdroits.fr\/manifestations-la-defenseure-des-droits-rappelle-ses-recommandations-sur-le-respect-des-regles-de\" class=\"spip_out\" rel=\"external\">les d\u00e9rives du maintien de l\u2019ordre<\/a>, sans que cela n\u2019emp\u00eache la persistance de graves violences \u00e0 l\u2019encontre <a target=\"_blank\" href=\"https:\/\/reporterre.net\/Un-an-apres-Sainte-Soline-les-blesses-racontent-leurs-sequelles\">des manifestants \u00e0 Sainte-Soline<\/a> en 2023 ou l\u2019an dernier sur le trac\u00e9 de <a target=\"_blank\" href=\"https:\/\/reporterre.net\/Victoire-historique-le-chantier-de-l-A69-juge-illegal-est-stoppe-net\">l\u2019autoroute Castres-Toulouse<\/a>. Deux projets qui ont en commun, comme Sivens, d\u2019avoir d\u00fb subir pendant des mois la violence d\u2019\u00c9tat pour faire avancer des chantiers, avant que ceux-ci ne soient d\u00e9clar\u00e9s ill\u00e9gaux par la justice.<\/p>\n<aside class=\"boite_encarts\">\n<div class=\"encart encart_gris noprint\">\n<p><strong>Puisque vous \u00eates l\u00e0&#8230;<\/strong><\/p>\n<p>&#8230; nous avons un petit service \u00e0 vous demander.<br class=\"autobr\"\/><br \/>\nEntre la pr\u00e9sence d\u2019un climatosceptique \u00e0 la t\u00eate de la premi\u00e8re puissance mondiale, un gouvernement fran\u00e7ais qui flirte avec l\u2019extr\u00eame-droite, et les catastrophes climatiques qui s\u2019enchainent&#8230; Faire vivre l\u2019\u00e9cologie dans le d\u00e9bat public est un enjeu crucial.<\/p>\n<p>Personne ne modifie ce que nous publions. Nous n\u2019avons ni actionnaire, ni propri\u00e9taire milliardaire \u2014 seulement une \u00e9quipe d\u2019irr\u00e9ductibles journalistes, pleine de d\u00e9termination.<\/p>\n<p>Nous avons la conviction que l\u2019urgence \u00e9cologique est l\u2019enjeu majeur de notre \u00e9poque. Et comme plus de 2 millions de lectrices et lecteurs chaque mois, vous partagez sans doute cette conviction&#8230;<\/p>\n<p><strong>Depuis 12 ans, nous publions des articles de qualit\u00e9 sur l\u2019\u00e9cologie, en acc\u00e8s libre et sans publicit\u00e9, pour tous.<\/strong><br class=\"autobr\"\/><br \/>\nMais ce travail demande beaucoup de temps et de ressources.<\/p>\n<p>Alors, si vous en avez les moyens, sachez qu\u2019un don, m\u00eame d\u20191\u20ac, est un acte de soutien fort pour l\u2019\u00e9cologie et le journalisme ind\u00e9pendant.<br class=\"autobr\"\/><br \/>\n(Et \u00e7a vous prendra moins de temps que la lecture de ce texte).<\/p>\n<p><strong>Si vous le pouvez, choisissez un soutien mensuel. Merci.<\/strong><\/p>\n<p><a target=\"_blank\" href=\"https:\/\/reporterre.net\/dons\" class=\"bt_soutenir\">Je soutiens <i>Reporterre<\/i><\/a><\/p>\n<\/p><\/div>\n<div class=\"encart encart_vert noprint montre_1023\">\n<div class=\"infolettre-form-container noprint\">\n<p>Abonnez-vous \u00e0 la lettre d\u2019info de Reporterre<\/p>\n<\/div><\/div>\n<\/aside>\n<aside class=\"boite_apresarticle encart_note\">\n<h4>Apr\u00e8s cet article<\/h4>\n<p>      <a target=\"_blank\" href=\"https:\/\/reporterre.net\/Mort-de-Remi-Fraisse-10-ans-apres-retour-sur-un-tournant-de-la-lutte-ecologiste\" class=\"lien_article\">\n      <picture class=\"vignette_gauche\"><source type=\"image\/webp\" srcset=\"https:\/\/reporterre.net\/local\/cache-vignettes\/L450xH300\/remifraisse10ans_1_couleur_copie-e7251.jpg@.webp?1737369063\"><img decoding=\"async\" src=\"https:\/\/reporterre.net\/local\/cache-vignettes\/L450xH300\/remifraisse10ans_1_couleur_copie-e7251.jpg?1737369063\" width=\"450\" height=\"300\" alt=\"\" class=\"marge12\" loading=\"lazy\"\/><br \/>\n<\/source><\/picture>\n<p class=\"libelle\">\n<p>      Luttes\n    <\/p>\n<p class=\"titre pol20\">Mort de R\u00e9mi Fraisse\u00a0: 10 ans apr\u00e8s, retour sur un tournant de la lutte \u00e9cologiste<\/p>\n<p>      <\/a><br \/>\n    <\/aside>\n<aside class=\"boite_complement texte\">\n<p>      <!-- zone_forum --><br \/>\n          <\/aside>\n<aside class=\"boite_lireaussi noprint\">\n<\/aside>\n<aside class=\"colonne\">\n<div class=\"article_info cache_1023 noprint\">\n<p>    <span class=\"date\">27 f\u00e9vrier 2025  \u00e0 16h06<\/span><\/p>\n<p>    <span class=\"date_modif\">Mis \u00e0 jour le 27 f\u00e9vrier 2025 \u00e0 18h10<\/span>      <\/p>\n<p class=\"duree_lecture\">\n        Dur\u00e9e de lecture : 4 minutes\n      <\/p>\n<\/p><\/div>\n<div class=\"bloc_infolettre\">\n<div class=\"infolettre-form-container noprint\">\n<p>Abonnez-vous \u00e0 la lettre d\u2019info de Reporterre<\/p>\n<\/div><\/div>\n<\/aside>\n<div id=\"galerie\">\n  <img decoding=\"async\" src=\"\" class=\"principale\" id=\"principale\"\/><\/p>\n<p id=\"legende\">legende<\/p>\n<\/div>\n<footer class=\"noprint\">\n<\/footer>\n<\/div>\n<p><br \/>\n<br \/><a href=\"https:\/\/reporterre.net\/Mort-de-Remi-Fraisse-la-France-condamnee-pour-violation-du-droit-a-la-vie\" target=\"_blank\"\">Source link <\/a><\/p>\n","protected":false},"excerpt":{"rendered":"<p>27 f\u00e9vrier 2025 \u00e0 16h06 Mis \u00e0 jour le 27 f\u00e9vrier 2025 \u00e0 18h10 Dur\u00e9e de lecture : 4 minutes Il a fallu atteindre le dernier \u00e9chelon du droit pour&hellip; <\/p>\n","protected":false},"author":1,"featured_media":3477,"comment_status":"open","ping_status":"open","sticky":false,"template":"","format":"standard","meta":{"footnotes":""},"categories":[1],"tags":[],"class_list":["post-3476","post","type-post","status-publish","format-standard","has-post-thumbnail","hentry","category-non-classe"],"_links":{"self":[{"href":"https:\/\/monde25.info\/index.php\/wp-json\/wp\/v2\/posts\/3476","targetHints":{"allow":["GET"]}}],"collection":[{"href":"https:\/\/monde25.info\/index.php\/wp-json\/wp\/v2\/posts"}],"about":[{"href":"https:\/\/monde25.info\/index.php\/wp-json\/wp\/v2\/types\/post"}],"author":[{"embeddable":true,"href":"https:\/\/monde25.info\/index.php\/wp-json\/wp\/v2\/users\/1"}],"replies":[{"embeddable":true,"href":"https:\/\/monde25.info\/index.php\/wp-json\/wp\/v2\/comments?post=3476"}],"version-history":[{"count":0,"href":"https:\/\/monde25.info\/index.php\/wp-json\/wp\/v2\/posts\/3476\/revisions"}],"wp:featuredmedia":[{"embeddable":true,"href":"https:\/\/monde25.info\/index.php\/wp-json\/wp\/v2\/media\/3477"}],"wp:attachment":[{"href":"https:\/\/monde25.info\/index.php\/wp-json\/wp\/v2\/media?parent=3476"}],"wp:term":[{"taxonomy":"category","embeddable":true,"href":"https:\/\/monde25.info\/index.php\/wp-json\/wp\/v2\/categories?post=3476"},{"taxonomy":"post_tag","embeddable":true,"href":"https:\/\/monde25.info\/index.php\/wp-json\/wp\/v2\/tags?post=3476"}],"curies":[{"name":"wp","href":"https:\/\/api.w.org\/{rel}","templated":true}]}}