{"id":3480,"date":"2025-02-27T22:25:49","date_gmt":"2025-02-27T21:25:49","guid":{"rendered":"https:\/\/monde25.info\/index.php\/2025\/02\/27\/tremblements-de-frontieres-par-chloe-maurel-le-monde-diplomatique-mars-2025\/"},"modified":"2025-02-27T22:25:49","modified_gmt":"2025-02-27T21:25:49","slug":"tremblements-de-frontieres-par-chloe-maurel-le-monde-diplomatique-mars-2025","status":"publish","type":"post","link":"https:\/\/monde25.info\/index.php\/2025\/02\/27\/tremblements-de-frontieres-par-chloe-maurel-le-monde-diplomatique-mars-2025\/","title":{"rendered":"Tremblements de fronti\u00e8res, par Chlo\u00e9 Maurel (Le Monde diplomatique, mars 2025)"},"content":{"rendered":"<p> <br \/>\n<\/p>\n<div couleurfade=\"e5ffff\" couleurclaire=\"ccfefe\" couleurpale=\"a3f3f4\" couleurmi=\"00cbcc\" couleurfoncee=\"009999\" couleursombre=\"003232\" couleurfond=\"4c7f7f\" couleurtexte=\"000000\">\n<figure class=\"spip_document_34169 spip_documents spip_documents_right\" style=\"float:right; width:200px;\">\n<div class=\"limage\">\n<p>            <img loading=\"lazy\" decoding=\"async\" src=\"https:\/\/www.monde-diplomatique.fr\/\/local\/cache-vignettes\/L200xH300\/erire-l-histoire-des-relations-internationales-cb3da.jpg?1740478248\" width=\"200\" alt=\"\" height=\"300\"\/><\/p><\/div>\n<\/figure>\n<p><span class=\"mot-lettrine\"><span class=\"lettrine\">P<\/span>our<\/span> comprendre des relations internationales en plein bouleversement, il peut \u00eatre \u00e9clairant de se replonger dans leur histoire longue. C\u2019est ce que propose Laurence Badel, professeure \u00e0 Paris-I, qui relate leur \u00e9volution sur plusieurs si\u00e8cles<span class=\"spip_note_ref\">\u00a0(<a target=\"_blank\" href=\"http:\/\/www.monde-diplomatique.fr\/2025\/03\/MAUREL\/68138#nb1\" class=\"spip_note\" rel=\"appendix\" title=\"Laurence Badel, \u00c9crire l\u2019histoire des relations internationales. Gen\u00e8ses,\u00a0(...)\" id=\"nh1\">1<\/a>)<\/span>. Elle met en lumi\u00e8re des p\u00e9riodisations, d\u00e9coupant des <i>\u00ab<small class=\"fine\">\u00a0<\/small>d\u00e9cennies-seuils<small class=\"fine\">\u00a0<\/small>\u00bb,<\/i> des <i>\u00ab<small class=\"fine\">\u00a0<\/small>\u00e9poques charni\u00e8res<small class=\"fine\">\u00a0<\/small>\u00bb.<\/i> Au <i>\u00ab<small class=\"fine\">\u00a0<\/small>court XX<\/i><sup>e<\/sup> <i>si\u00e8cle<small class=\"fine\">\u00a0<\/small>\u00bb<\/i> de l\u2019historien britannique Eric Hobsbawm, elle oppose l\u2019id\u00e9e d\u2019un <i>\u00ab<small class=\"fine\">\u00a0<\/small>long XX<\/i><sup>e<\/sup> <i>si\u00e8cle<small class=\"fine\">\u00a0<\/small>\u00bb<\/i> allant jusqu\u2019au d\u00e9but de la guerre en Ukraine en 2022, pr\u00e9sent\u00e9e comme un tournant g\u00e9opolitique majeur. Plus largement, elle m\u00e8ne une <i>\u00ab<small class=\"fine\">\u00a0<\/small>r\u00e9flexion \u00e9pist\u00e9mologique, historiographique et m\u00e9thodologique<small class=\"fine\">\u00a0<\/small>\u00bb,<\/i> destin\u00e9e \u00e0 formater des jeunes chercheurs et \u00e0 proposer des voies de recherche <i>\u00ab<small class=\"fine\">\u00a0<\/small>encore peu approfondies<small class=\"fine\">\u00a0<\/small>\u00bb.<\/i> Badel entreprend de clarifier le projet de l\u2019histoire des relations internationales et de le moderniser, les derniers grands essais remontant \u00e0 quelques d\u00e9cennies. Elle rappelle que les d\u00e9coupages effectu\u00e9s par les historiens refl\u00e8tent souvent des visions politiques ou des pr\u00e9jug\u00e9s culturels. Il en est ainsi de la d\u00e9nomination \u2014 d\u2019origine fran\u00e7aise \u2014 d\u2019Am\u00e9rique \u00ab<small class=\"fine\">\u00a0<\/small>latine<small class=\"fine\">\u00a0<\/small>\u00bb, d\u00e9velopp\u00e9e sous Napol\u00e9on III quand l\u2019Empire s\u2019int\u00e9resse au Mexique, ou des notions mouvantes de \u00ab<small class=\"fine\">\u00a0<\/small>Proche<small class=\"fine\">\u00a0<\/small>\u00bb et \u00ab<small class=\"fine\">\u00a0<\/small>Moyen<small class=\"fine\">\u00a0<\/small>\u00bb Orient, employ\u00e9es au moment o\u00f9 France et Royaume-Uni s\u2019y font concurrence. Exemples plus r\u00e9cents, les termes \u00ab<small class=\"fine\">\u00a0<\/small>Atlantique nord<small class=\"fine\">\u00a0<\/small>\u00bb, n\u00e9 avec la cr\u00e9ation de l\u2019Alliance atlantique en 1949, et \u00ab<small class=\"fine\">\u00a0<\/small>Sud global<small class=\"fine\">\u00a0<\/small>\u00bb (ann\u00e9es\u00a02010), qui a remplac\u00e9 \u00ab<small class=\"fine\">\u00a0<\/small>tiers-monde<small class=\"fine\">\u00a0<\/small>\u00bb. Badel \u00e9tudie aussi des concepts comme celui d\u2019\u00ab<small class=\"fine\">\u00a0<\/small>ordre<small class=\"fine\">\u00a0<\/small>\u00bb et ses variations\u00a0: l\u2019\u00ab<small class=\"fine\">\u00a0<\/small>ordre mondial<small class=\"fine\">\u00a0<\/small>\u00bb, le \u00ab<small class=\"fine\">\u00a0<\/small>nouvel ordre \u00e9conomique international<small class=\"fine\">\u00a0<\/small>\u00bb apparu en 1973\u2026 Elle souligne que ce domaine se nourrit des apports de l\u2019histoire culturelle (identit\u00e9s, r\u00e9seaux, circulation) et prend d\u00e9sormais en compte les \u00e9motions des individus (sentiments d\u2019humiliation, col\u00e8re, etc.). Cet essai important d\u00e9chiffre les endroits et les espaces\u00a0: l\u2019\u00ab<small class=\"fine\">\u00a0<\/small>esprit de Gen\u00e8ve<small class=\"fine\">\u00a0<\/small>\u00bb ou l\u2019\u00ab<small class=\"fine\">\u00a0<\/small>esprit de Davos<small class=\"fine\">\u00a0<\/small>\u00bb, mais \u00e9galement les lieux sportifs (stades), m\u00e9diatiques (la Maison de la radio \u00e0 Paris), savants (le Massachusetts Institute of Technology [MIT]), religieux (le Vatican), m\u00e9moriels (Auschwitz), ou encore les rues et places (manifestations), voire encore les <i>\u00ab<small class=\"fine\">\u00a0<\/small>plaques tournantes<small class=\"fine\">\u00a0<\/small>\u00bb, \u00ab<small class=\"fine\">\u00a0<\/small>plates-formes<small class=\"fine\">\u00a0<\/small>\u00bb<\/i> et <i>\u00ab<small class=\"fine\">\u00a0<\/small>carrefours<small class=\"fine\">\u00a0<\/small>\u00bb<\/i> que sont les grandes enceintes comme celle de l\u2019Organisation des Nations unies (ONU).<\/p>\n<figure class=\"spip_document_34170 spip_documents spip_documents_right\" style=\"float:right; width:200px;\">\n<div class=\"limage\">\n<p>            <img loading=\"lazy\" decoding=\"async\" src=\"https:\/\/www.monde-diplomatique.fr\/\/local\/cache-vignettes\/L200xH311\/lartdelapaix-7fd31.jpg?1740478248\" width=\"200\" alt=\"\" height=\"311\"\/><\/p><\/div>\n<\/figure>\n<p>Dans son nouveau livre, Bertrand Badie fait lui aussi un retour historique, rappelant des acteurs et des ouvrages tomb\u00e9s dans l\u2019oubli comme <i>La Grande Illusion,<\/i> de Norman Angell, paru en 1910, qui estimait que la guerre, trop co\u00fbteuse, avait peu d\u2019avenir<small class=\"fine\">\u00a0<\/small>; d\u00e9menti par l\u2019histoire, il recevra cependant le prix Nobel de la paix en 1933<span class=\"spip_note_ref\">\u00a0(<a target=\"_blank\" href=\"http:\/\/www.monde-diplomatique.fr\/2025\/03\/MAUREL\/68138#nb2\" class=\"spip_note\" rel=\"appendix\" title=\"Bertrand Badie, L\u2019Art de la paix, Flammarion, Paris, 2024, 256 pages, 21\u00a0(...)\" id=\"nh2\">2<\/a>)<\/span>. Le politiste rend hommage \u00e0 L\u00e9on Bourgeois, premier pr\u00e9sident de la Soci\u00e9t\u00e9 des nations en 1920. Rappelant que la paix n\u2019est pas seulement l\u2019absence de guerre, Badie s\u2019interroge sur les conditions sociales, \u00e9conomiques, culturelles, et m\u00eame psychologiques, d\u2019une paix durable.<\/p>\n<p>C\u2019est dans cette perspective qu\u2019il analyse les limites et \u00e9checs des op\u00e9rations de maintien de la paix, comme celle men\u00e9e au Congo depuis 1960. Prenant en compte les nouvelles menaces, comme le d\u00e9r\u00e8glement climatique, il d\u00e9crypte la nouvelle nature des conflits\u00a0: hybrides, civilo-militaires, \u00e0 la fois conventionnels et technologiques (guerre de l\u2019information). Selon lui, aujourd\u2019hui <i>\u00ab<small class=\"fine\">\u00a0<\/small>le temps politique s\u2019accorde \u00e0 la guerre plus qu\u2019\u00e0 la paix<small class=\"fine\">\u00a0<\/small>\u00bb,<\/i> et celle-ci serait multidimensionnelle\u00a0: aussi bien sociale et culturelle que g\u00e9opolitique. Badie, qui se r\u00e9f\u00e8re au secr\u00e9taire g\u00e9n\u00e9ral de l\u2019ONU Kofi Annan (1938-2018) plaidant pour un <i>\u00ab<small class=\"fine\">\u00a0<\/small>multilat\u00e9ralisme social<small class=\"fine\">\u00a0<\/small>\u00bb,<\/i> appelle \u00e0 <i>\u00ab<small class=\"fine\">\u00a0<\/small>r\u00e9inventer une \u00e9thique multilat\u00e9rale<small class=\"fine\">\u00a0<\/small>\u00bb,<\/i> li\u00e9e \u00e0 l\u2019<i>\u00ab<small class=\"fine\">\u00a0<\/small>urgente n\u00e9cessit\u00e9 d\u2019un savoir mondialis\u00e9<small class=\"fine\">\u00a0<\/small>\u00bb.<\/i><\/p>\n<\/p><\/div>\n<p><br \/>\n<br \/><a href=\"https:\/\/www.monde-diplomatique.fr\/2025\/03\/MAUREL\/68138\" target=\"_blank\"\">Source link <\/a><\/p>\n","protected":false},"excerpt":{"rendered":"<p>Pour comprendre des relations internationales en plein bouleversement, il peut \u00eatre \u00e9clairant de se replonger dans leur histoire longue. C\u2019est ce que propose Laurence Badel, professeure \u00e0 Paris-I, qui relate&hellip; <\/p>\n","protected":false},"author":1,"featured_media":3481,"comment_status":"open","ping_status":"open","sticky":false,"template":"","format":"standard","meta":{"footnotes":""},"categories":[1],"tags":[],"class_list":["post-3480","post","type-post","status-publish","format-standard","has-post-thumbnail","hentry","category-non-classe"],"_links":{"self":[{"href":"https:\/\/monde25.info\/index.php\/wp-json\/wp\/v2\/posts\/3480","targetHints":{"allow":["GET"]}}],"collection":[{"href":"https:\/\/monde25.info\/index.php\/wp-json\/wp\/v2\/posts"}],"about":[{"href":"https:\/\/monde25.info\/index.php\/wp-json\/wp\/v2\/types\/post"}],"author":[{"embeddable":true,"href":"https:\/\/monde25.info\/index.php\/wp-json\/wp\/v2\/users\/1"}],"replies":[{"embeddable":true,"href":"https:\/\/monde25.info\/index.php\/wp-json\/wp\/v2\/comments?post=3480"}],"version-history":[{"count":0,"href":"https:\/\/monde25.info\/index.php\/wp-json\/wp\/v2\/posts\/3480\/revisions"}],"wp:featuredmedia":[{"embeddable":true,"href":"https:\/\/monde25.info\/index.php\/wp-json\/wp\/v2\/media\/3481"}],"wp:attachment":[{"href":"https:\/\/monde25.info\/index.php\/wp-json\/wp\/v2\/media?parent=3480"}],"wp:term":[{"taxonomy":"category","embeddable":true,"href":"https:\/\/monde25.info\/index.php\/wp-json\/wp\/v2\/categories?post=3480"},{"taxonomy":"post_tag","embeddable":true,"href":"https:\/\/monde25.info\/index.php\/wp-json\/wp\/v2\/tags?post=3480"}],"curies":[{"name":"wp","href":"https:\/\/api.w.org\/{rel}","templated":true}]}}