{"id":3482,"date":"2025-02-27T22:59:07","date_gmt":"2025-02-27T21:59:07","guid":{"rendered":"https:\/\/monde25.info\/index.php\/2025\/02\/27\/on-peut-trouver-du-bio-pas-cher-mais-cest-une-galere\/"},"modified":"2025-02-27T22:59:07","modified_gmt":"2025-02-27T21:59:07","slug":"on-peut-trouver-du-bio-pas-cher-mais-cest-une-galere","status":"publish","type":"post","link":"https:\/\/monde25.info\/index.php\/2025\/02\/27\/on-peut-trouver-du-bio-pas-cher-mais-cest-une-galere\/","title":{"rendered":"\u00ab\u00a0On peut trouver du bio pas cher, mais c\u2019est une gal\u00e8re\u00a0\u00bb"},"content":{"rendered":"<p> <br \/>\n<\/p>\n<div>\n<p>Alors que le Salon de l\u2019agriculture bat son plein, le moral est en berne chez les agriculteurs bio. La consommation ne suit pas. Apr\u00e8s des ann\u00e9es de croissance \u00e0 deux chiffres, les ventes du bio <a target=\"_blank\" href=\"https:\/\/reporterre.net\/L-agriculture-bio-dans-la-tourmente\">se sont effondr\u00e9es<\/a> \u00e0 partir de 2021 et ont <a target=\"_blank\" href=\"https:\/\/reporterre.net\/Consommation-en-berne-recul-des-surfaces-la-bio-est-toujours-en-crise\">du mal \u00e0 repartir<\/a>.<\/p>\n<p>Les consommateurs ne consacrent que 6<small class=\"fine d-inline\">\u00a0<\/small>% de leur budget alimentaire au bio. Dans le m\u00eame temps, les d\u00e9g\u00e2ts environnementaux et sanitaires provoqu\u00e9s par les pesticides utilis\u00e9s en agriculture conventionnelle n\u2019ont jamais \u00e9t\u00e9 aussi pr\u00e9sents <a target=\"_blank\" href=\"https:\/\/reporterre.net\/pesticides\">dans le d\u00e9bat public<\/a>.<\/p>\n<p>Pourtant, les Fran\u00e7ais ne contestent pas les bienfaits du bio, d\u2019apr\u00e8s le dernier barom\u00e8tre de la consommation des produits bio publi\u00e9 par l\u2019Agence bio le 27\u00a0f\u00e9vrier. 7\u00a0personnes sur\u00a010 estiment qu\u2019ils sont meilleurs pour la sant\u00e9 et 8\u00a0sur\u00a010 reconnaissent que l\u2019agriculture biologique contribue \u00e0 pr\u00e9server l\u2019environnement, les sols et les ressources en eau, et favorise la biodiversit\u00e9.<\/p>\n<p>Si les consommateurs boudent le bio, c\u2019est qu\u2019il souffre notamment d\u2019une fausse image, explique Gr\u00e9gori Akermann, sociologue charg\u00e9 de recherche \u00e0 l\u2019Inrae.<\/p>\n<p><strong>Reporterre \u2014 Comment expliquer cette d\u00e9saffection des consommateurs vis-\u00e0-vis du bio<small class=\"fine d-inline\">\u00a0<\/small>?<\/strong><\/p>\n<p><strong>Gr\u00e9gori Akermann\u00a0\u2014<\/strong> Lors des entretiens que nous menons, l\u2019inflation est\u00a0le principal facteur \u00e9nonc\u00e9 par les personnes ayant r\u00e9duit leur consommation de bio. On observe en effet une nette corr\u00e9lation entre le moment o\u00f9 les prix de l\u2019alimentaire se sont mis \u00e0 augmenter et la p\u00e9riode o\u00f9 la consommation bio a commenc\u00e9 \u00e0 baisser.<br class=\"autobr\"\/><br \/>\n\u00a0<br class=\"autobr\"\/><br \/>\nAutre \u00e9l\u00e9ment explicatif\u00a0: d\u00e8s que les supermarch\u00e9s ont senti un retournement de tendance, ils ont r\u00e9duit le nombre de leurs r\u00e9f\u00e9rences bio. Les consommateurs ont d\u00e9sormais plus de difficult\u00e9 \u00e0 trouver les\u00a0produits qu\u2019ils avaient l\u2019habitude d\u2019acheter. Depuis 3\u00a0ou\u00a04\u00a0ans, les rayons de farine ou lait bio sont souvent vides. Les clients choisissent alors <a target=\"_blank\" href=\"https:\/\/reporterre.net\/Trompeur-le-label-HVE-attaque-par-l-agriculture-bio\">d\u2019autres labels<\/a> ou du local en conventionnel.<\/p>\n<blockquote class=\"spip\">\n<p>\u00ab<small class=\"fine d-inline\">\u00a0<\/small>Ils pensent que le bio, c\u2019est pour les militants, que c\u2019est un truc de bobo, d\u2019\u00e9colo<small class=\"fine d-inline\">\u00a0<\/small>\u00bb<\/p>\n<\/blockquote>\n<p>Certains magasins ont aussi supprim\u00e9 leur rayon d\u00e9di\u00e9 au bio. Les produits sont alors diss\u00e9min\u00e9s partout dans le magasin, au milieu de ceux en conventionnel.\u00a0Cela a deux effets\u00a0: d\u2019une part, au lieu de faire toutes ses courses au m\u00eame endroit, on va se balader dans tous les rayons, et oublier que certains produits existent en bio. Au contraire, un rayon unique permet de d\u00e9couvrir de nouveaux produits.<\/p>\n<p>D\u2019autre part, on va plus comparer les prix. Quand on ach\u00e8te dans un rayon bio une moutarde \u00e0 1,20\u00a0euro, on se dit\u00a0: <i>\u00ab<small class=\"fine d-inline\">\u00a0<\/small>Bon, \u00e7a va<small class=\"fine d-inline\">\u00a0<\/small>\u00bb<\/i><small class=\"fine d-inline\">\u00a0<\/small>; on n\u2019a pas le prix du non-bio en t\u00eate. Mais si ce pot est plac\u00e9 \u00e0 c\u00f4t\u00e9 d\u2019une moutarde \u00e0 0,60\u00a0euro, on se dit que <i>\u00ab<small class=\"fine d-inline\">\u00a0<\/small>le bio, c\u2019est quand m\u00eame deux fois plus cher<small class=\"fine d-inline\">\u00a0<\/small>\u00bb<\/i>.<\/p>\n<p><strong>Quelle perception les consommateurs ont-ils de la bio<small class=\"fine d-inline\">\u00a0<\/small>? <\/strong><br class=\"autobr\"\/><br \/>\n\u00a0<br class=\"autobr\"\/><br \/>\nLes profils sont tr\u00e8s h\u00e9t\u00e9rog\u00e8nes. Il existe une client\u00e8le tr\u00e8s engag\u00e9e qui consomme dans les Biocoop, magasins et \u00e9piceries sp\u00e9cialis\u00e9s, Amap\u2026 D\u2019ailleurs, les magasins sp\u00e9cialis\u00e9s bio n\u2019ont jamais vraiment perdu leur client\u00e8le. Mais\u00a0les consommateurs plus occasionnels peuvent\u00a0avoir un discours plus sceptique\u00a0:\u00a0<i>\u00ab<small class=\"fine d-inline\">\u00a0<\/small>Le bio, c\u2019est pas compl\u00e8tement bio quand le champ du voisin n\u2019est pas bio<small class=\"fine d-inline\">\u00a0<\/small>\u00bb<\/i>, <i>\u00ab<small class=\"fine d-inline\">\u00a0<\/small>Le bio, \u00e7a vient de l\u2019\u00e9tranger<small class=\"fine d-inline\">\u00a0<\/small>\u00bb<\/i>, etc.<br class=\"autobr\"\/><br \/>\n\u00a0<br class=\"autobr\"\/><br \/>\nSouvent, dans les entretiens, les gens rejettent le pouvoir de l\u2019\u00c9tat. Si c\u2019est lui qui organise le label, alors il faut s\u2019en m\u00e9fier parce qu\u2019il <i>\u00ab<small class=\"fine d-inline\">\u00a0<\/small>nous manipule<small class=\"fine d-inline\">\u00a0<\/small>\u00bb<\/i>. Ils vont pr\u00e9f\u00e9rer le local, car ils ont plus confiance dans le petit producteur qu\u2019ils connaissent, avec qui ils \u00e9changent sur le march\u00e9. Le label de l\u2019\u00c9tat est vu comme bureaucratique, institutionnalis\u00e9, avec des normes compliqu\u00e9es, inutiles.<\/p>\n<p><a target=\"_blank\" href=\"https:\/\/reporterre.net\/Crise-de-la-bio-les-producteurs-galerent\" class=\"lien_lireaussi\"><strong>Lire aussi : <\/strong> <span>Crise de la bio\u00a0: les producteurs gal\u00e8rent<\/span><\/a><\/p>\n<p>\u00a0<br class=\"autobr\"\/><br \/>\nJusque-l\u00e0, les messages de l\u2019Agence bio <i>[charg\u00e9e de faire la promotion du bio]<\/i> \u00e9taient\u00a0: <i>\u00ab<small class=\"fine d-inline\">\u00a0<\/small>Il faut consommer responsable, c\u2019est important.<small class=\"fine d-inline\">\u00a0<\/small>\u00bb<\/i> Ils sont souvent adress\u00e9s uniquement sous la modalit\u00e9 de la responsabilit\u00e9 individuelle et per\u00e7us comme des injonctions de l\u2019\u00c9tat. Cette communication touche toujours les m\u00eames bons \u00e9l\u00e8ves de la consommation \u2014 les dipl\u00f4m\u00e9s ayant du pouvoir d\u2019achat, issus de la classe moyenne culturelle, plut\u00f4t gauche \u00e9colo.\u00a0C\u2019est un discours audible par seulement 15<small class=\"fine d-inline\">\u00a0<\/small>% de gens. Aucun message cibl\u00e9 n\u2019existe\u00a0pour les populations plus modestes.<\/p>\n<p>La moiti\u00e9 des consommateurs ne peuvent pas acheter toute l\u2019alimentation qu\u2019ils souhaiteraient \u00e0 cause d\u2019un budget contraint. Beaucoup se disent que le bio est trop cher pour eux. Mais ils pensent aussi que le bio, c\u2019est pour les militants, que c\u2019est un truc de bobo, d\u2019\u00e9colo, d\u2019un monde auquel ils n\u2019appartiennent pas. Or, je le vois en entretien, ces personnes ont pourtant les m\u00eames pr\u00e9occupations de sant\u00e9 que les autres, d\u2019avoir\u00a0des produits locaux, non suremball\u00e9s, etc.<\/p>\n<p><strong>Pourquoi le local remporte-t-il plus de succ\u00e8s aupr\u00e8s des consommateurs<small class=\"fine d-inline\">\u00a0<\/small>?<\/strong><br class=\"autobr\"\/><br \/>\n\u00a0<br class=\"autobr\"\/><br \/>\nLe local, c\u2019est quelque chose de tr\u00e8s consensuel. Un d\u00e9put\u00e9 \u00e9colo peut \u00eatre d\u2019accord avec un d\u00e9put\u00e9 du Rassemblement national sur le local. Le <i>made in France<\/i> traverse tous les programmes politiques. Le local\u00a0touche toutes les populations, il est reli\u00e9 \u00e0 l\u2019attachement \u00e0 la ruralit\u00e9 et au territoire qu\u2019ont tous les Fran\u00e7ais. C\u2019est tout cet imaginaire du bon produit et de la campagne.<\/p>\n<blockquote class=\"spip\">\n<p>\u00ab<small class=\"fine d-inline\">\u00a0<\/small>L\u2019imaginaire autour du bio <br class=\"autobr\"\/><br \/>\nn\u2019est pas aussi positif<small class=\"fine d-inline\">\u00a0<\/small>\u00bb<\/p>\n<\/blockquote>\n<p>La relation avec un producteur local cr\u00e9e de l\u2019empathie. Quelqu\u2019un qui n\u2019a pas beaucoup d\u2019argent peut se dire\u00a0: <i>\u00ab<small class=\"fine d-inline\">\u00a0<\/small>C\u2019est la petite dame qui fait trois salades sur le march\u00e9, qui n\u2019a pas l\u2019air d\u2019\u00eatre beaucoup plus fortun\u00e9e que moi. Sa salade est plus ch\u00e8re, mais je peux faire l\u2019effort.<small class=\"fine d-inline\">\u00a0<\/small>\u00bb<\/i> Par contre, il n\u2019ach\u00e8tera pas une salade hollandaise bio \u00e0 1,50 euro qui a pouss\u00e9 sous une serre si, \u00e0 c\u00f4t\u00e9, il y a une salade fran\u00e7aise non bio \u00e0 1,20 euro.<br class=\"autobr\"\/><br \/>\n\u00a0<br class=\"autobr\"\/><br \/>\nL\u2019imaginaire autour du bio n\u2019est pas aussi positif. Sous pr\u00e9texte de <i>\u00ab<small class=\"fine d-inline\">\u00a0<\/small>d\u00e9voiler<small class=\"fine d-inline\">\u00a0<\/small>\u00bb<\/i> l\u2019envers du bio, il y a eu ces derni\u00e8res ann\u00e9es une forte m\u00e9diatisation qui a sem\u00e9 le doute. Parce que le bio, c\u2019est aussi \u2014 et c\u2019est vrai \u2014 les carottes qui viennent de Hollande et qui poussent sous serre chauff\u00e9e dans de la laine de coco<small class=\"fine d-inline\">\u00a0<\/small>; la ressource en eau qui est pomp\u00e9e pour faire des poivrons bio<small class=\"fine d-inline\">\u00a0<\/small>; les b\u00e2ches plastiques<small class=\"fine d-inline\">\u00a0<\/small>; des travailleurs immigr\u00e9s qui ramassent de la tomate en Italie.<\/p>\n<p><strong>Le bio pas cher existe-t-il<small class=\"fine d-inline\">\u00a0<\/small>?<\/strong><br class=\"autobr\"\/><br \/>\n\u00a0<br class=\"autobr\"\/><br \/>\nOui, on peut trouver du bio pas cher, mais c\u2019est une gal\u00e8re. Il faut trouver les bons lieux, aller sur les march\u00e9s pour acheter directement aux producteurs, aller dans des \u00e9piceries participatives, se mettre dans des groupements d\u2019achats, acheter en gros, des cagettes. C\u2019est du temps. C\u2019est compliqu\u00e9. Tout le monde ne peut pas s\u2019y mettre. <br class=\"autobr\"\/><br \/>\n\u00a0<br class=\"autobr\"\/><br \/>\nIl y a un probl\u00e8me d\u2019accessibilit\u00e9 au bio. Les prix doivent \u00eatre mieux r\u00e9gul\u00e9s dans les magasins. R\u00e9cemment, j\u2019ai re\u00e7u un mel de Carrefour m\u2019incitant \u00e0 bien prendre soin de moi en achetant des oranges bio \u00e0 3\u00a0euros le kg. Or, j\u2019ach\u00e8te les miennes \u00e0 1,63\u00a0euro le kg dans\u00a0l\u2019\u00e9picerie participative pr\u00e8s de chez moi. Ils nous font croire que c\u2019est un cadeau pour notre sant\u00e9, tout en faisant plus de 100<small class=\"fine d-inline\">\u00a0<\/small>% de marge. <br class=\"autobr\"\/><br \/>\n\u00a0<br class=\"autobr\"\/><br \/>\nCe type de promotions laisse penser que le bio est forc\u00e9ment plus cher. Sauf que l\u2019effort qu\u2019on demande au client, en r\u00e9alit\u00e9, c\u2019est celui que Carrefour ou E.Leclerc n\u2019a pas fait sur le Coca-Cola et sur le Nutella, l\u00e0 o\u00f9 ils ne peuvent pas prendre une grosse marge. Il devrait y avoir des r\u00e8gles\u00a0: par exemple, les distributeurs n\u2019auraient pas le droit de faire plus de 50, 60 ou 80<small class=\"fine d-inline\">\u00a0<\/small>% de marge. Tous les prix descendraient d\u2019un coup. La responsabilit\u00e9 ne devrait pas incomber \u00e0 l\u2019individu, quand il est au <span class=\"caps\">RSA<\/span> ou\u00a0en emploi partiel avec deux enfants \u00e0 charge. C\u2019est le r\u00f4le de l\u2019\u00c9tat, des collectivit\u00e9s territoriales, des acteurs \u00e9conomiques de nourrir la population avec des produits sains et durables.<\/p>\n<aside class=\"boite_encarts\">\n<div class=\"encart encart_gris noprint\">\n<p><strong>Puisque vous \u00eates l\u00e0&#8230;<\/strong><\/p>\n<p>&#8230; nous avons un petit service \u00e0 vous demander.<br class=\"autobr\"\/><br \/>\nEntre la pr\u00e9sence d\u2019un climatosceptique \u00e0 la t\u00eate de la premi\u00e8re puissance mondiale, un gouvernement fran\u00e7ais qui flirte avec l\u2019extr\u00eame-droite, et les catastrophes climatiques qui s\u2019enchainent&#8230; Faire vivre l\u2019\u00e9cologie dans le d\u00e9bat public est un enjeu crucial.<\/p>\n<p>Personne ne modifie ce que nous publions. Nous n\u2019avons ni actionnaire, ni propri\u00e9taire milliardaire \u2014 seulement une \u00e9quipe d\u2019irr\u00e9ductibles journalistes, pleine de d\u00e9termination.<\/p>\n<p>Nous avons la conviction que l\u2019urgence \u00e9cologique est l\u2019enjeu majeur de notre \u00e9poque. Et comme plus de 2 millions de lectrices et lecteurs chaque mois, vous partagez sans doute cette conviction&#8230;<\/p>\n<p><strong>Depuis 12 ans, nous publions des articles de qualit\u00e9 sur l\u2019\u00e9cologie, en acc\u00e8s libre et sans publicit\u00e9, pour tous.<\/strong><br class=\"autobr\"\/><br \/>\nMais ce travail demande beaucoup de temps et de ressources.<\/p>\n<p>Alors, si vous en avez les moyens, sachez qu\u2019un don, m\u00eame d\u20191\u20ac, est un acte de soutien fort pour l\u2019\u00e9cologie et le journalisme ind\u00e9pendant.<br class=\"autobr\"\/><br \/>\n(Et \u00e7a vous prendra moins de temps que la lecture de ce texte).<\/p>\n<p><strong>Si vous le pouvez, choisissez un soutien mensuel. Merci.<\/strong><\/p>\n<p><a target=\"_blank\" href=\"https:\/\/reporterre.net\/dons\" class=\"bt_soutenir\">Je soutiens <i>Reporterre<\/i><\/a><\/p>\n<\/p><\/div>\n<div class=\"encart encart_vert noprint montre_1023\">\n<div class=\"infolettre-form-container noprint\">\n<p>Abonnez-vous \u00e0 la lettre d\u2019info de Reporterre<\/p>\n<\/div><\/div>\n<\/aside>\n<aside class=\"boite_apresarticle encart_note\">\n<h4>Apr\u00e8s cet article<\/h4>\n<p>      <a target=\"_blank\" href=\"https:\/\/reporterre.net\/Crise-de-la-bio-les-producteurs-galerent\" class=\"lien_article\">\n      <picture class=\"vignette_gauche\"><source type=\"image\/webp\" srcset=\"https:\/\/reporterre.net\/local\/cache-vignettes\/L450xH300\/arton27715-77e82.jpg@.webp?1737368218\"><img decoding=\"async\" src=\"https:\/\/reporterre.net\/local\/cache-vignettes\/L450xH300\/arton27715-77e82.jpg?1737368218\" width=\"450\" height=\"300\" alt=\"\" class=\"marge12\" loading=\"lazy\"\/><br \/>\n<\/source><\/picture>\n<p class=\"libelle\">\n<p>          Enqu\u00eate \u2014<\/p>\n<p>      Agriculture\n    <\/p>\n<p class=\"titre pol20\">Crise de la bio\u00a0: les producteurs gal\u00e8rent<\/p>\n<p>      <\/a><br \/>\n    <\/aside>\n<aside class=\"boite_complement texte\">\n<p>      <!-- zone_forum --><br \/>\n          <\/aside>\n<aside class=\"boite_lireaussi noprint\">\n<\/aside>\n<aside class=\"colonne\">\n<div class=\"article_info cache_1023 noprint\">\n<p>    <span class=\"date\">27 f\u00e9vrier 2025  \u00e0 15h48<\/span><\/p>\n<p>    <span class=\"date_modif\">Mis \u00e0 jour le 27 f\u00e9vrier 2025 \u00e0 17h43<\/span>      <\/p>\n<p class=\"duree_lecture\">\n        Dur\u00e9e de lecture : 7 minutes\n      <\/p>\n<\/p><\/div>\n<div class=\"bloc_infolettre\">\n<div class=\"infolettre-form-container noprint\">\n<p>Abonnez-vous \u00e0 la lettre d\u2019info de Reporterre<\/p>\n<\/div><\/div>\n<\/aside>\n<div id=\"galerie\">\n  <img decoding=\"async\" src=\"\" class=\"principale\" id=\"principale\"\/><\/p>\n<p id=\"legende\">legende<\/p>\n<\/div>\n<footer class=\"noprint\">\n<\/footer>\n<\/div>\n<p><br \/>\n<br \/><a href=\"https:\/\/reporterre.net\/On-peut-trouver-du-bio-pas-cher-mais-c-est-une-galere\" target=\"_blank\"\">Source link <\/a><\/p>\n","protected":false},"excerpt":{"rendered":"<p>Alors que le Salon de l\u2019agriculture bat son plein, le moral est en berne chez les agriculteurs bio. La consommation ne suit pas. Apr\u00e8s des ann\u00e9es de croissance \u00e0 deux&hellip; <\/p>\n","protected":false},"author":1,"featured_media":3483,"comment_status":"open","ping_status":"open","sticky":false,"template":"","format":"standard","meta":{"footnotes":""},"categories":[1],"tags":[],"class_list":["post-3482","post","type-post","status-publish","format-standard","has-post-thumbnail","hentry","category-non-classe"],"_links":{"self":[{"href":"https:\/\/monde25.info\/index.php\/wp-json\/wp\/v2\/posts\/3482","targetHints":{"allow":["GET"]}}],"collection":[{"href":"https:\/\/monde25.info\/index.php\/wp-json\/wp\/v2\/posts"}],"about":[{"href":"https:\/\/monde25.info\/index.php\/wp-json\/wp\/v2\/types\/post"}],"author":[{"embeddable":true,"href":"https:\/\/monde25.info\/index.php\/wp-json\/wp\/v2\/users\/1"}],"replies":[{"embeddable":true,"href":"https:\/\/monde25.info\/index.php\/wp-json\/wp\/v2\/comments?post=3482"}],"version-history":[{"count":0,"href":"https:\/\/monde25.info\/index.php\/wp-json\/wp\/v2\/posts\/3482\/revisions"}],"wp:featuredmedia":[{"embeddable":true,"href":"https:\/\/monde25.info\/index.php\/wp-json\/wp\/v2\/media\/3483"}],"wp:attachment":[{"href":"https:\/\/monde25.info\/index.php\/wp-json\/wp\/v2\/media?parent=3482"}],"wp:term":[{"taxonomy":"category","embeddable":true,"href":"https:\/\/monde25.info\/index.php\/wp-json\/wp\/v2\/categories?post=3482"},{"taxonomy":"post_tag","embeddable":true,"href":"https:\/\/monde25.info\/index.php\/wp-json\/wp\/v2\/tags?post=3482"}],"curies":[{"name":"wp","href":"https:\/\/api.w.org\/{rel}","templated":true}]}}