{"id":3484,"date":"2025-02-27T23:32:12","date_gmt":"2025-02-27T22:32:12","guid":{"rendered":"https:\/\/monde25.info\/index.php\/2025\/02\/27\/promotion-dune-paix-globale-juste-et-durable-en-ukraine\/"},"modified":"2025-02-27T23:32:12","modified_gmt":"2025-02-27T22:32:12","slug":"promotion-dune-paix-globale-juste-et-durable-en-ukraine","status":"publish","type":"post","link":"https:\/\/monde25.info\/index.php\/2025\/02\/27\/promotion-dune-paix-globale-juste-et-durable-en-ukraine\/","title":{"rendered":"Promotion d\u2019une paix globale, juste et durable en Ukraine"},"content":{"rendered":"<p> <br \/>\n<\/p>\n<div>\n<blockquote class=\"spip\">\n<p>Ce texte a \u00e9t\u00e9 adopt\u00e9, par 93 voix pour (dont les Europ\u00e9ens, le Canada et le Japon), 65 abstentions et 18 contre (dont la Russie, les \u00c9tats-Unis et Isra\u00ebl). C\u2019\u00e9tait la premi\u00e8re fois depuis la cr\u00e9ation des Nations unies que les Europ\u00e9ens, le Canada et le Japon votaient contre les \u00c9tats-Unis.<\/p>\n<\/blockquote>\n<div class=\"spip_document_248087 spip_document spip_documents spip_document_image spip_documents_center spip_document_center\">\n<figure class=\"spip_doc_inner\">\n<img loading=\"lazy\" decoding=\"async\" src=\"https:\/\/www.voltairenet.org\/local\/cache-vignettes\/L711xH533\/400_-_1-208-a58e6.jpg?1740583060\" width=\"711\" height=\"533\" alt=\"\"\/><br \/>\n<\/figure>\n<\/div>\n<p>\tL\u2019Assembl\u00e9e g\u00e9n\u00e9rale,<\/p>\n<p>\tR\u00e9affirmant les buts et principes \u00e9nonc\u00e9s dans la Charte des Nations Unies et rappelant les r\u00e9solutions qu\u2019elle a adopt\u00e9es \u00e0 sa onzi\u00e8me session extraordinaire d\u2019urgence, sa r\u00e9solution 68\/262 du 27 mars 2014 et sa r\u00e9solution 78\/316 du 11 juillet 2024,<\/p>\n<p>\tNotant avec inqui\u00e9tude que l\u2019invasion totale de l\u2019Ukraine par la F\u00e9d\u00e9ration de Russie dure depuis trois ans et continue d\u2019avoir des cons\u00e9quences d\u00e9vastatrices et durables non seulement pour l\u2019Ukraine, mais aussi pour d\u2019autres r\u00e9gions et pour la stabilit\u00e9 mondiale,<\/p>\n<p>\tR\u00e9affirmant que la r\u00e9alisation d\u2019une paix globale, juste et durable constituerait une contribution importante au renforcement de la paix et de la s\u00e9curit\u00e9 internationales,<\/p>\n<p>\t*\tToute modification apport\u00e9e \u00e0 la liste des auteurs sera consign\u00e9e dans le proc\u00e8s-verbal de la s\u00e9ance.<\/p>\n<p>\tRappelant que, en vertu de l\u2019Article 2 de la Charte, tous les \u00c9tats sont tenus de s\u2019abstenir, dans leurs relations internationales, de recourir \u00e0 la menace ou \u00e0 l\u2019emploi de la force, soit contre l\u2019int\u00e9grit\u00e9 territoriale ou l\u2019ind\u00e9pendance politique de tout \u00c9tat, soit de toute autre mani\u00e8re incompatible avec les buts des Nations Unies, et de r\u00e9gler leurs diff\u00e9rends internationaux par des moyens pacifiques,<\/p>\n<p>\tR\u00e9affirmant son attachement \u00e0 la souverainet\u00e9, \u00e0 l\u2019ind\u00e9pendance, \u00e0 l\u2019unit\u00e9 et \u00e0 l\u2019int\u00e9grit\u00e9 territoriale de l\u2019Ukraine \u00e0 l\u2019int\u00e9rieur de ses fronti\u00e8res internationalement reconnues, s\u2019\u00e9tendant \u00e0 ses eaux territoriales,<\/p>\n<p>\tR\u00e9affirmant que nulle acquisition territoriale r\u00e9sultant de la menace ou de l\u2019emploi de la force ne sera reconnue comme l\u00e9gale,<\/p>\n<p>\tD\u00e9plorant les cons\u00e9quences d\u00e9sastreuses de l\u2019agression sur le plan des droits humains et sur le plan humanitaire, et condamnant toutes les attaques perp\u00e9tr\u00e9es contre des civils et des biens de caract\u00e8re civil, y compris ceux qui constituent des infrastructures \u00e9nerg\u00e9tiques essentielles,<\/p>\n<p>\tD\u00e9plorant \u00e9galement les r\u00e9percussions que l\u2019agression a en particulier sur les femmes et les enfants, r\u00e9fugi\u00e9s et d\u00e9plac\u00e9s notamment, et sur les autres civils qui ont des besoins particuliers, tels que les personnes en situation de handicap et les personnes \u00e2g\u00e9es,<\/p>\n<p>\tExprimant sa profonde pr\u00e9occupation face aux effets profonds et durables que la guerre a sur la sant\u00e9 mentale des personnes, en particulier des enfants, accentuant le traumatisme et ses cons\u00e9quences pour les g\u00e9n\u00e9rations futures,<\/p>\n<p>\tNotant avec une profonde inqui\u00e9tude les r\u00e9percussions n\u00e9gatives que la guerre continue d\u2019avoir sur la s\u00e9curit\u00e9 alimentaire mondiale, l\u2019\u00e9nergie, l\u2019\u00e9conomie mondiale, la s\u00e9curit\u00e9 et la s\u00fbret\u00e9 nucl\u00e9aires et l\u2019environnement,<\/p>\n<p>\tRappelant l\u2019ordonnance en indication de mesures conservatoires rendue par la Cour internationale de Justice le 16 mars 2022 ,<\/p>\n<p>\tSoulignant que toute participation de soldats de la R\u00e9publique populaire d\u00e9mocratique de Cor\u00e9e combattant aux c\u00f4t\u00e9s des forces de la F\u00e9d\u00e9ration de Russie suscite de vives inqui\u00e9tudes quant \u00e0 une nouvelle escalade de ce conflit,<\/p>\n<p>\t1.\tDemande que, conform\u00e9ment \u00e0 la Charte des Nations Unies et au droit international, l\u2019on \u0153uvre \u00e0 la d\u00e9sescalade du conflit, qu\u2019il soit rapidement mis fin aux hostilit\u00e9s et qu\u2019une solution pacifique soit trouv\u00e9e \u00e0 la guerre contre l\u2019Ukraine, qui est marqu\u00e9e par d\u2019\u00e9normes destructions et souffrances humaines, y compris parmi la population civile\u00a0;<\/p>\n<p>\t2.\tR\u00e9affirme qu\u2019il est urgent de mettre fin \u00e0 la guerre cette ann\u00e9e et de redoubler d\u2019efforts diplomatiques pour r\u00e9duire les risques d\u2019une nouvelle escalade et parvenir \u00e0 une paix globale, juste et durable en Ukraine, conform\u00e9ment \u00e0 la Charte, notamment aux principes de l\u2019\u00e9galit\u00e9 souveraine et de l\u2019int\u00e9grit\u00e9 territoriale des \u00c9tats qui y sont \u00e9nonc\u00e9s, comme elle l\u2019a soulign\u00e9 dans sa r\u00e9solution ES-11\/6 du 23 f\u00e9vrier 2023, et prend note des processus multilat\u00e9raux men\u00e9s \u00e0 cette fin\u00a0;<\/p>\n<p>\t3.\tPrend note des efforts faits par divers \u00c9tats Membres pour att\u00e9nuer les effets de la guerre et pr\u00e9senter leur vision d\u2019un r\u00e8glement global et durable passant par une diplomatie inclusive, un dialogue et des moyens politiques fond\u00e9s sur la Charte et le droit international\u00a0;<\/p>\n<p>\t4.\tRappelle qu\u2019il convient d\u2019appliquer pleinement les r\u00e9solutions qu\u2019elle a adopt\u00e9es en r\u00e9ponse \u00e0 l\u2019agression contre l\u2019Ukraine et exige de nouveau, en particulier, que la F\u00e9d\u00e9ration de Russie retire imm\u00e9diatement, compl\u00e8tement et sans condition toutes ses forces militaires du territoire ukrainien \u00e0 l\u2019int\u00e9rieur des fronti\u00e8res internationalement reconnues du pays et que cessent imm\u00e9diatement les hostilit\u00e9s men\u00e9es par la F\u00e9d\u00e9ration de Russie contre l\u2019Ukraine, en particulier toute attaque contre les civils et les biens de caract\u00e8re civil\u00a0;<\/p>\n<p>\t5.\tSouligne qu\u2019il faut ouvrir des enqu\u00eates et engager des poursuites appropri\u00e9es, \u00e9quitables et ind\u00e9pendantes au niveau national ou international pour que les auteurs des crimes les plus graves au regard du droit international qui auront \u00e9t\u00e9 commis sur le territoire ukrainien r\u00e9pondent de leurs actes, et pour que justice soit rendue \u00e0 toutes les victimes et que de futurs crimes soient \u00e9vit\u00e9s\u00a0;<\/p>\n<p>\t6.\tDemande de nouveau l\u2019\u00e9change complet des prisonniers de guerre, la lib\u00e9ration de toutes les personnes d\u00e9tenues ill\u00e9galement et le retour de tous les intern\u00e9s et des civils transf\u00e9r\u00e9s et d\u00e9port\u00e9s de force, y compris les enfants\u00a0;<\/p>\n<p>\t7.\tDemande \u00e0 toutes les parties au conflit arm\u00e9 de se conformer pleinement au droit international et notamment au droit international humanitaire, en particulier pour ce qui est de la protection des civils, tout particuli\u00e8rement des femmes et des enfants, et des personnes hors de combat, ainsi que des biens de caract\u00e8re civil, et de garantir un acc\u00e8s s\u00fbr et sans entrave de l\u2019aide humanitaire aux personnes qui en ont besoin\u00a0;<\/p>\n<p>\t8.\tDemande de nouveau la cessation imm\u00e9diate des attaques contre les infrastructures \u00e9nerg\u00e9tiques critiques, qui augmentent le risque d\u2019accident ou d\u2019incident nucl\u00e9aire\u00a0;<\/p>\n<p>\t9.\tDemande instamment \u00e0 tous les \u00c9tats Membres de coop\u00e9rer dans un esprit de solidarit\u00e9 pour faire face aux r\u00e9percussions mondiales qu\u2019a la guerre sur la s\u00e9curit\u00e9 alimentaire, l\u2019\u00e9nergie, les finances, la s\u00e9curit\u00e9 et la s\u00fbret\u00e9 nucl\u00e9aires et l\u2019environnement, souligne que les arrangements visant \u00e0 parvenir \u00e0 une paix globale, juste et durable en Ukraine devraient tenir compte de ces facteurs et demande aux \u00c9tats Membres de soutenir l\u2019action que m\u00e8ne le Secr\u00e9taire g\u00e9n\u00e9ral pour faire face \u00e0 ces r\u00e9percussions\u00a0;<\/p>\n<p>\t10.\tD\u00e9cide d\u2019ajourner \u00e0 titre provisoire sa onzi\u00e8me session extraordinaire d\u2019urgence et d\u2019autoriser sa pr\u00e9sidence \u00e0 la rouvrir \u00e0 la demande des \u00c9tats Membres.<\/p>\n<\/div>\n<p><br \/>\n<br \/><a href=\"https:\/\/www.voltairenet.org\/article221865.html\" target=\"_blank\"\">Source link <\/a><\/p>\n","protected":false},"excerpt":{"rendered":"<p>Ce texte a \u00e9t\u00e9 adopt\u00e9, par 93 voix pour (dont les Europ\u00e9ens, le Canada et le Japon), 65 abstentions et 18 contre (dont la Russie, les \u00c9tats-Unis et Isra\u00ebl). C\u2019\u00e9tait&hellip; <\/p>\n","protected":false},"author":1,"featured_media":3485,"comment_status":"open","ping_status":"open","sticky":false,"template":"","format":"standard","meta":{"footnotes":""},"categories":[1],"tags":[],"class_list":["post-3484","post","type-post","status-publish","format-standard","has-post-thumbnail","hentry","category-non-classe"],"_links":{"self":[{"href":"https:\/\/monde25.info\/index.php\/wp-json\/wp\/v2\/posts\/3484","targetHints":{"allow":["GET"]}}],"collection":[{"href":"https:\/\/monde25.info\/index.php\/wp-json\/wp\/v2\/posts"}],"about":[{"href":"https:\/\/monde25.info\/index.php\/wp-json\/wp\/v2\/types\/post"}],"author":[{"embeddable":true,"href":"https:\/\/monde25.info\/index.php\/wp-json\/wp\/v2\/users\/1"}],"replies":[{"embeddable":true,"href":"https:\/\/monde25.info\/index.php\/wp-json\/wp\/v2\/comments?post=3484"}],"version-history":[{"count":0,"href":"https:\/\/monde25.info\/index.php\/wp-json\/wp\/v2\/posts\/3484\/revisions"}],"wp:featuredmedia":[{"embeddable":true,"href":"https:\/\/monde25.info\/index.php\/wp-json\/wp\/v2\/media\/3485"}],"wp:attachment":[{"href":"https:\/\/monde25.info\/index.php\/wp-json\/wp\/v2\/media?parent=3484"}],"wp:term":[{"taxonomy":"category","embeddable":true,"href":"https:\/\/monde25.info\/index.php\/wp-json\/wp\/v2\/categories?post=3484"},{"taxonomy":"post_tag","embeddable":true,"href":"https:\/\/monde25.info\/index.php\/wp-json\/wp\/v2\/tags?post=3484"}],"curies":[{"name":"wp","href":"https:\/\/api.w.org\/{rel}","templated":true}]}}