{"id":3486,"date":"2025-02-28T00:04:56","date_gmt":"2025-02-27T23:04:56","guid":{"rendered":"https:\/\/monde25.info\/index.php\/2025\/02\/28\/scene-olympique-ou-puy-du-fou-par-evelyne-pieiller-le-monde-diplomatique-mars-2025\/"},"modified":"2025-02-28T00:04:56","modified_gmt":"2025-02-27T23:04:56","slug":"scene-olympique-ou-puy-du-fou-par-evelyne-pieiller-le-monde-diplomatique-mars-2025","status":"publish","type":"post","link":"https:\/\/monde25.info\/index.php\/2025\/02\/28\/scene-olympique-ou-puy-du-fou-par-evelyne-pieiller-le-monde-diplomatique-mars-2025\/","title":{"rendered":"Sc\u00e8ne olympique ou Puy du Fou, par Evelyne Pieiller (Le Monde diplomatique, mars 2025)"},"content":{"rendered":"<p> <br \/>\n<\/p>\n<div couleurfade=\"fde6e5\" couleurclaire=\"fbd0cf\" couleurpale=\"f3a7a4\" couleurmi=\"bd130e\" couleurfoncee=\"8d0e0b\" couleursombre=\"2f0403\" couleurfond=\"7b4d4c\" couleurtexte=\"ffffff\">\n<div class=\"enapercu\">\n<figure class=\"spip_document_34217 spip_documents spip_documents_center justecol\" style=\"width:650px;\">\n<div class=\"limage\">\n<p>\t\t\t<img loading=\"lazy\" decoding=\"async\" src=\"https:\/\/www.monde-diplomatique.fr\/\/local\/cache-vignettes\/L650xH966\/img028-73-2026f.jpg?1740499447\" width=\"650\" height=\"966\" class=\"spip_logos\" alt=\"JPEG - 64\u00a0ko\"\/><\/p><\/div><figcaption>\n<p>G\u00e9rard Fromanger. \u2013 Carton d\u2019invitation \u00e0 une exposition de l\u2019artiste au Mus\u00e9e d\u2019art moderne de la ville de Paris, 1971<\/p>\n<p>\u00a9 G\u00e9rard Fromanger &#8211; Mus\u00e9e d\u2019art moderne de la Ville de Paris &#8211; RMN-Grand Palais\n<\/p>\n<\/figcaption><\/figure>\n<p><span class=\"mot-lettrine\"><span class=\"lettrine\">D<\/span>\u00e9primant<\/span> est l\u2019avenir, affligeant le pr\u00e9sent, consolant le pass\u00e9. L\u2019\u00e9tude annuelle \u00ab<small class=\"fine\">\u00a0<\/small>Fractures fran\u00e7aises<small class=\"fine\">\u00a0<\/small>\u00bb men\u00e9e par l\u2019institut de sondage Ipsos le confirme\u00a0: le moral est de plus en plus bas. 64<small class=\"fine\">\u00a0<\/small>% des Fran\u00e7ais craignent la dissolution du pays dans la mondialisation, 87<small class=\"fine\">\u00a0<\/small>% consid\u00e8rent qu\u2019il d\u00e9cline et 73<small class=\"fine\">\u00a0<\/small>%, non sans coh\u00e9rence, que <i>\u00ab<small class=\"fine\">\u00a0<\/small>c\u2019\u00e9tait mieux avant<small class=\"fine\">\u00a0<\/small>\u00bb.<\/i> D\u2019ailleurs, 72<small class=\"fine\">\u00a0<\/small>% <i>\u00ab<small class=\"fine\">\u00a0<\/small>s\u2019inspirent de plus en plus des valeurs du pass\u00e9<small class=\"fine\">\u00a0<\/small>\u00bb.<\/i> Selon Brice Teinturier, directeur g\u00e9n\u00e9ral d\u00e9l\u00e9gu\u00e9 d\u2019Ipsos, ce qui s\u2019\u00e9nonce de fa\u00e7on marquante dans cette enqu\u00eate, ce serait m\u00eame un <i>\u00ab<small class=\"fine\">\u00a0<\/small>imaginaire de notre mort<small class=\"fine\">\u00a0<\/small>\u00bb<\/i> (<i>Le Monde,<\/i> 2\u00a0d\u00e9cembre\u00a02024). Une peur, un repli, une nostalgie. La perception d\u2019un d\u00e9clin \u2014 qui peut \u00eatre objectiv\u00e9 \u2014 se double du sentiment d\u2019une autre d\u00e9ch\u00e9ance, celle des valeurs modernes. Il s\u2019agit, certes, d\u2019un \u00ab<small class=\"fine\">\u00a0<\/small>imaginaire<small class=\"fine\">\u00a0<\/small>\u00bb, mais qui tient \u00e9videmment du mat\u00e9riau politique<small class=\"fine\">\u00a0<\/small>; d\u2019autant qu\u2019il se rapproche des d\u00e9nonciations par l\u2019extr\u00eame droite de la d\u00e9cadence, un terme qu\u2019elle a depuis longtemps kidnapp\u00e9, lourd de condamnation morale, de d\u00e9ploration \u00ab<small class=\"fine\">\u00a0<\/small>civilisationnelle<small class=\"fine\">\u00a0<\/small>\u00bb et de promesse tacite de purification. Ce \u00e0 quoi fait \u00e0 l\u2019\u00e9vidence \u00e9cho la d\u00e9cision de M.\u00a0Fran\u00e7ois Bayrou d\u2019ouvrir un d\u00e9bat sur l\u2019identit\u00e9 fran\u00e7aise. Si la volont\u00e9 de faire barrage \u00e0 l\u2019extr\u00eame droite para\u00eet parfois suffire \u00e0 d\u00e9finir les progressistes, leur combat semble devoir passer par la r\u00e9affirmation, la revitalisation du sens de leurs valeurs, celles qui rendront \u00e0 nouveau l\u2019avenir d\u00e9sirable.<\/p>\n<p>C\u2019est un antidote artistique \u00e0 cet imaginaire d\u00e9prim\u00e9 qu\u2019a entrepris de pr\u00e9senter la \u00ab<small class=\"fine\">\u00a0<\/small>parenth\u00e8se enchant\u00e9e<small class=\"fine\">\u00a0<\/small>\u00bb \u2014 l\u2019expression a fait flor\u00e8s dans les m\u00e9dias qui ont us\u00e9 de l\u2019expression \u2014 offerte par le spectacle d\u2019ouverture des Jeux olympiques. Patrick Boucheron l\u2019a envisag\u00e9 comme une r\u00e9plique au Puy du Fou, parc \u00e0 th\u00e8me \u00e0 succ\u00e8s qui chante la France \u00e9ternelle et ses grands moments, en particulier la guerre de Vend\u00e9e version vend\u00e9enne, et la beaut\u00e9 r\u00e9confortante des simples gestes imm\u00e9moriaux. <i>\u00ab<small class=\"fine\">\u00a0<\/small>Notre spectacle,<\/i> explique l\u2019historien au <i>Grand\u00a0(&#8230;)<\/i><\/p>\n<\/p><\/div>\n<p>Taille de l\u2019article complet\u00a0:\u00a0<span>1\u00a0729<\/span>\u00a0mots.<\/p>\n<div class=\"promo_dispo_article\">\n<h2 class=\"avantbloc\">\n\tCet article est r\u00e9serv\u00e9 aux\u00a0abonn\u00e9s<\/p>\n<\/h2>\n<div class=\"abo_inst\">\n\t<strong>Lyc\u00e9es, biblioth\u00e8ques, administrations, entreprises,<\/strong><br \/>\n\tacc\u00e9dez \u00e0 la base de donn\u00e9es en ligne de tous les articles du <i>Monde diplomatique<\/i> de 1954 \u00e0 nos\u00a0jours.<br \/>\n\t<a target=\"_blank\" id=\"pw-institutions\" class=\"suivi\" href=\"https:\/\/www.monde-diplomatique.fr\/archives\/institutions\">Retrouvez cette\u00a0offre sp\u00e9cifique<\/a>.\n<\/div>\n<\/div><\/div>\n<p><br \/>\n<br \/><a href=\"https:\/\/www.monde-diplomatique.fr\/2025\/03\/PIEILLER\/68140\" target=\"_blank\"\">Source link <\/a><\/p>\n","protected":false},"excerpt":{"rendered":"<p>G\u00e9rard Fromanger. \u2013 Carton d\u2019invitation \u00e0 une exposition de l\u2019artiste au Mus\u00e9e d\u2019art moderne de la ville de Paris, 1971 \u00a9 G\u00e9rard Fromanger &#8211; Mus\u00e9e d\u2019art moderne de la Ville&hellip; <\/p>\n","protected":false},"author":1,"featured_media":3487,"comment_status":"open","ping_status":"open","sticky":false,"template":"","format":"standard","meta":{"footnotes":""},"categories":[1],"tags":[],"class_list":["post-3486","post","type-post","status-publish","format-standard","has-post-thumbnail","hentry","category-non-classe"],"_links":{"self":[{"href":"https:\/\/monde25.info\/index.php\/wp-json\/wp\/v2\/posts\/3486","targetHints":{"allow":["GET"]}}],"collection":[{"href":"https:\/\/monde25.info\/index.php\/wp-json\/wp\/v2\/posts"}],"about":[{"href":"https:\/\/monde25.info\/index.php\/wp-json\/wp\/v2\/types\/post"}],"author":[{"embeddable":true,"href":"https:\/\/monde25.info\/index.php\/wp-json\/wp\/v2\/users\/1"}],"replies":[{"embeddable":true,"href":"https:\/\/monde25.info\/index.php\/wp-json\/wp\/v2\/comments?post=3486"}],"version-history":[{"count":0,"href":"https:\/\/monde25.info\/index.php\/wp-json\/wp\/v2\/posts\/3486\/revisions"}],"wp:featuredmedia":[{"embeddable":true,"href":"https:\/\/monde25.info\/index.php\/wp-json\/wp\/v2\/media\/3487"}],"wp:attachment":[{"href":"https:\/\/monde25.info\/index.php\/wp-json\/wp\/v2\/media?parent=3486"}],"wp:term":[{"taxonomy":"category","embeddable":true,"href":"https:\/\/monde25.info\/index.php\/wp-json\/wp\/v2\/categories?post=3486"},{"taxonomy":"post_tag","embeddable":true,"href":"https:\/\/monde25.info\/index.php\/wp-json\/wp\/v2\/tags?post=3486"}],"curies":[{"name":"wp","href":"https:\/\/api.w.org\/{rel}","templated":true}]}}