{"id":3494,"date":"2025-02-28T02:17:34","date_gmt":"2025-02-28T01:17:34","guid":{"rendered":"https:\/\/monde25.info\/index.php\/2025\/02\/28\/un-changement-du-tout-au-tout-ou-de-toutou\/"},"modified":"2025-02-28T02:17:34","modified_gmt":"2025-02-28T01:17:34","slug":"un-changement-du-tout-au-tout-ou-de-toutou","status":"publish","type":"post","link":"https:\/\/monde25.info\/index.php\/2025\/02\/28\/un-changement-du-tout-au-tout-ou-de-toutou\/","title":{"rendered":"Un changement du tout au tout ou de toutou\u00a0?"},"content":{"rendered":"<p> <br \/>\n<\/p>\n<div>\n<p>Oui. Les avis sont partag\u00e9s. La rencontre Trump-Macron qui vient d&rsquo;avoir lieu aux \u00c9tats-Unis, divise les analystes g\u00e9opolitiques en deux camps qui s&rsquo;opposent frontalement.<\/p>\n<p>D&rsquo;un c\u00f4t\u00e9 il y a ceux qui affirment qu&rsquo;il faut \u00eatre aveugle ou stupide (ou les deux) pour ne pas voir qu&rsquo;il ne s&rsquo;est pas agi d&rsquo;une rencontre entre chef d&rsquo;\u00e9tat lors de laquelle Donald Trump et Emmanuel Macron se sont entretenus d&rsquo;\u00e9gal \u00e0 \u00e9gal, mais d&rsquo;une convocation que Donald Trump, ma\u00eetre du jeu en Occident en tant que Pr\u00e9sident des \u00c9tats-Unis et patron de l&rsquo;OTAN, a adress\u00e9e \u00e0 Emmanuel Macron. Qu&rsquo;\u00e0 cette convocation s&rsquo;est empress\u00e9e de r\u00e9pondre un Emmanuel Macron qui, en tant que Pr\u00e9sident de la France, est le valet de Donald Trump. Jupiter se serait transform\u00e9 pour l\u2019occasion en Toutou. D&rsquo;apr\u00e8s eux, Emmanuel Macron est venu \u00e0 cette convocation prendre les ordres de la maison m\u00e8re.<\/p>\n<p>Des ordres auxquels Emmanuel Macron a accept\u00e9 de se soumettre publiquement, officiellement, lors de la conf\u00e9rence de presse qu&rsquo;ils ont tenue ensemble ensuite, pr\u00e9cis\u00e9ment \u00e0 cet effet. \u00c0 savoir afin qu&rsquo;Emmanuel Macron fasse \u00e9tat de cette acceptation en mondiovision, c&rsquo;est-\u00e0-dire \u00e0 l&rsquo;attention tant des dirigeants Russes et Chinois, que de Volodymyr Zelenski et d&rsquo;autres dirigeants Europ\u00e9ens.<\/p>\n<p>Parmi les analystes g\u00e9opolitiques qui sont de cet avis, figurent \u00e9videmment les analystes am\u00e9ricains et pro-Am\u00e9ricains, ainsi que les dirigeants politiques, europ\u00e9ens et autres, qui se sont positionn\u00e9s ouvertement en faveur de la paix&#8230; avant que Donald Trump ne f\u00fbt r\u00e9\u00e9lu. Et, y figurent \u00e9galement quelques politiciens europ\u00e9ens, fervents partisans d&rsquo;une aide financi\u00e8re, mat\u00e9rielle et militaire totale de l&rsquo;Europe \u00e0 l&rsquo;Ukraine. Pourquoi\u00a0? Parce que ce qu&rsquo;ils disent avoir vu et entendu lors de cette conf\u00e9rence de presse, c&rsquo;est un retournement de veste d&rsquo;Emmanuel Macron.<\/p>\n<p><img decoding=\"async\" data-entity-uuid=\"0ce04f3b-d29c-41f8-b3d1-e3ddcbda9fc8\" data-entity-type=\"file\" alt=\"Illustration de presse\" width=\"483\" height=\"470\" loading=\"lazy\" class=\"lazyload\" src=\"https:\/\/www.francesoir.fr\/sites\/default\/files\/inline-images\/image_89.png\"\/><\/p>\n<p>Et c&rsquo;est vrai que, sans vouloir prendre parti, le ton employ\u00e9 par Emmanuel Macron \u00e0 cette occasion, est totalement \u00e0 l&rsquo;oppos\u00e9 du ton qui fut le sien durant la vid\u00e9o qu&rsquo;il a publi\u00e9e sur TikTok, la veille, vid\u00e9o dans laquelle il a dit ceci \u00e0 propos de sa rencontre avec Donald Trump \u00e0 venir\u00a0:<\/p>\n<blockquote>\n<p>\u00ab\u00a0<em>Je vais lui dire, \u00ab\u00a0Au fond, tu ne peux pas \u00eatre faible face au Pr\u00e9sident Poutine. C&rsquo;est pas toi. C&rsquo;est pas ta marque de fabrique, c&rsquo;est pas ton int\u00e9r\u00eat. Comment ensuite \u00eatre cr\u00e9dible face \u00e0 la Chine si t&rsquo;es faible face \u00e0 Poutine ?\u00a0\u00bb Je vais lui dire, \u00ab\u00a0Si tu laisses l&rsquo;Ukraine prise, la Russie sera inarr\u00eatable pour les Europ\u00e9ens, pour tous. Elle sera non seulement encore plus forte, elle continue d&rsquo;investir, mais elle va r\u00e9cup\u00e9rer l&rsquo;Ukraine et son arm\u00e9e qui est une des plus grandes d&rsquo;Europe, avec tous nos \u00e9quipements, y compris am\u00e9ricains. Ce serait une faute strat\u00e9gique \u00e9norme.\u00a0\u00bb<\/em><\/p>\n<\/blockquote>\n<p>Et c&rsquo;est pareillement vrai que les propos en faveur de la paix qu&rsquo;Emmanuel Macron a tenus pendant la conf\u00e9rence de presse post-entretien avec Donald Trump, \u00e9taient, eux aussi, \u00e0 l&rsquo;oppos\u00e9 des propos belliqueux au possible qu&rsquo;il a tenus deux jours plus t\u00f4t \u00e0 Paris. C&rsquo;\u00e9tait lors de la conf\u00e9rence de presse organis\u00e9e justement sur la position de l&rsquo;Union europ\u00e9enne, quant \u00e0 la suite qu&rsquo;il convient de donner au conflit en Ukraine. En effet, \u00e0 cette occasion-l\u00e0 Emmanuel Macron avait express\u00e9ment indiqu\u00e9 que l&rsquo;Union europ\u00e9enne (et lui-m\u00eame en particulier) s&rsquo;opposait cat\u00e9goriquement \u00e0 des pourparlers de paix, temps que l&rsquo;Ukraine n&rsquo;aurait pas gagn\u00e9 la guerre, et que l&rsquo;Union europ\u00e9enne continuerait voire intensifierait son aide financi\u00e8re, mat\u00e9rielle et militaire \u00e0 l&rsquo;Ukraine en ce sens. Y compris par l&rsquo;envoi de troupes, et au besoin par le recours \u00e0 l&rsquo;arme nucl\u00e9aire. Du moins la menace de l&rsquo;utilisation de celle-ci qu&rsquo;avait encore martel\u00e9 \u00e0 demi-mots, un Emmanuel Macron alors leader autoproclam\u00e9 des va-t-en-guerre, pour indispensable que cela lui est \u00e0 exister encore politiquement, compl\u00e8tement discr\u00e9dit\u00e9 qu&rsquo;il est, en France. Discr\u00e9dit\u00e9 au regard de la situation politique, \u00e9conomique et sociale catastrophique dans laquelle le pays se retrouve aujourd&rsquo;hui au terme malheureusement pas encore totalement \u00e9chu de son second mandat. \u00ab\u00a0Et le pire reste \u00e0 venir.\u00a0\u00bb Ici, c&rsquo;est moi qui parle.<\/p>\n<p>Les partisans d&rsquo;une analyse de cette rencontre entre Donald Trump et Emmanuel Macron, tendant sans \u00e9quivoque vers la soumission du second au premier, qui constitue le premier des deux c\u00f4t\u00e9s qui donc s&rsquo;affrontent diam\u00e9tralement sur le sujet\u00a0; ces partisans avancent en sus qu&rsquo;il s&rsquo;est aussi agi l\u00e0 d&rsquo;une humiliation. En attestent, selon eux, les moqueries dont Donald Trump a us\u00e9 \u00e0 l&rsquo;endroit d&rsquo;Emmanuel Macron, concernant la personne avec laquelle ce dernier est mari\u00e9. Le second degr\u00e9 qu&rsquo;il aurait eu en d\u00e9signant cette personne par l&#8217;emploi des mots \u00ab\u00a0merveilleuse femme\u00a0\u00bb et \u00ab\u00a0belle femme\u00a0\u00bb, <a target=\"_blank\" href=\"https:\/\/youtu.be\/eVA4MWHC4Jo?si=L_WkqhENguURaaeU\">mat\u00e9rialise le soutien inconditionnel affich\u00e9 que Donald Trump<\/a> a pour Candace Owens, cette youtubeuse am\u00e9ricaine qui a donn\u00e9 une port\u00e9e mondiale, \u00e0 cette th\u00e8se qui consiste <a target=\"_blank\" href=\"https:\/\/www.francesoir.fr\/societe-faits-divers\/devenir-brigitte-une-serie-de-revelations-explosives-et-controverses-autour-de\">\u00e0 remettre en cause le genre de Brigitte Macron<\/a> (genre qui n\u2019a toujours pas \u00e9t\u00e9 prouv\u00e9 par l\u2019int\u00e9ress\u00e9e, si ce n\u2019est avec un argument d\u2019autorit\u00e9\u00a0: je suis qui je suis car je dis que je le suis\u00a0!)<\/p>\n<p><iframe loading=\"lazy\" title=\"Rencontre Trump-Macron  : l&#039;Ukraine efface les sourires des deux pr\u00e9sidents\" width=\"1110\" height=\"624\" src=\"https:\/\/www.youtube.com\/embed\/eVA4MWHC4Jo?feature=oembed\" frameborder=\"0\" allow=\"accelerometer; autoplay; clipboard-write; encrypted-media; gyroscope; picture-in-picture; web-share\" referrerpolicy=\"strict-origin-when-cross-origin\" allowfullscreen><\/iframe><\/p>\n<p>Or, c&rsquo;est l\u00e0 exactement le contraire de ce qu&rsquo;avancent les analystes g\u00e9opolitiques qui figurent au sein de l&rsquo;autre c\u00f4t\u00e9, le second des deux c\u00f4t\u00e9s qui s&rsquo;affrontent diam\u00e9tralement sur le sujet. Ces personnes affirment que les termes \u00ab\u00a0merveilleuse femme\u00a0\u00bb et \u00ab\u00a0belle femme\u00a0\u00bb sont \u00e0 prendre au premier degr\u00e9. Que par l&rsquo;utilisation de ces mots, c&rsquo;est Donald Trump qui a retourn\u00e9 sa veste. Qu&rsquo;il a d\u00e9cid\u00e9 de tordre le cou publiquement \u00e0 cette rumeur. D&rsquo;y couper court et d\u00e9finitivement. Que la plaisanterie n&rsquo;a que trop dur\u00e9. Que Candace Owens et Xavier Poussard (et autres) se sont fourvoy\u00e9s et s&rsquo;en seraient \u00a0suffisamment mis dans les poches avec ces affabulations indignes.<\/p>\n<p>Et d&rsquo;ailleurs le livre <a target=\"_blank\" href=\"https:\/\/edition.francesoir.fr\/opinions-tribunes\/le-best-seller-mondial-qui-va-atomiser-la-mafia-macronescu\">\u00ab\u00a0<em>Devenir Brigitte\u00a0<\/em>\u00bb (en anglais \u00ab\u00a0<em>Becoming Brigitte<\/em>\u00a0\u00bb)<\/a> que Xavier Poussard a \u00e9crit sur le sujet et dont Candace Owens a assur\u00e9 la promotion sur Internet\u00a0; livre sur la couverture duquel la mention \u00ab\u00a0<em>Candace Owens pr\u00e9sente une enqu\u00eate de Xavier Poussard<\/em>\u00a0\u00bb\u00a0; ce livre a \u00e9t\u00e9 exclu du r\u00e9f\u00e9rencement par Amazon avant d\u2019\u00eatre r\u00e9tabli hier. Le mot censure a de suite \u00e9t\u00e9 scand\u00e9 sur les r\u00e9seaux sociaux, effet Streisand garanti et une publicit\u00e9 additionnelle for \u00e0 propos. Certains y voient davantage un \u00e9l\u00e9ment technique qu\u2019Amazon aurait demand\u00e9 \u00e0 Xavier Poussard.<\/p>\n<p>Pour ces analystes g\u00e9opolitiques-l\u00e0, il est une \u00e9vidence incontestable que Donald Trump a fait ceci via cette rencontre au sommet\u00a0: il s&rsquo;est employ\u00e9 \u00e0 pr\u00e9senter au monde entier Emmanuel Macron comme \u00e9tant le leader politique de l&rsquo;Europe. Le dirigeant europ\u00e9en que le Pr\u00e9sident des \u00c9tats-Unis et patron de l&rsquo;Otan consid\u00e8re comme \u00e9tant le plus comp\u00e9tent. Et surtout le dirigeant le plus l\u00e9gitime pour pouvoir mener avec lui les n\u00e9gociations de paix qui s&rsquo;imposent entre l&rsquo;Ukraine et la Russie. Une paix durable et \u00ab\u00a0\u00e9quitable\u00a0\u00bb (mots employ\u00e9s par Emmanuel Macron lors de cette fameuse conf\u00e9rence de presse) dont Donald Trump et Emmanuel Macron ont \u00ab\u00a0commun\u00e9ment convenu ensemble\u00a0\u00bb (le pl\u00e9onasme est d\u00e9lib\u00e9r\u00e9).<\/p>\n<p>Ils ajoutent qu&rsquo;en outre, Emmanuel Macron s&rsquo;est montr\u00e9 on ne peut plus ferme et d\u00e9termin\u00e9, puisqu&rsquo;il n&rsquo;a pas h\u00e9sit\u00e9 \u00e0 couper la parole \u00e0 Donald Trump, et reprendre celui-ci lorsqu&rsquo;il a indiqu\u00e9 que c&rsquo;\u00e9tait \u00ab\u00a0<em>du faux argent<\/em>\u00a0\u00bb que l&rsquo;Union europ\u00e9enne a pr\u00eat\u00e9 \u00e0 l&rsquo;Ukraine, \u00e0 l&rsquo;inverse des \u00c9tats-Unis, et que ce sont ces derniers qui ont fourni le plus gros de l&rsquo;effort international en ce sens.<\/p>\n<p>Et d\u00e8s lors ils concluent que cette visite officielle d&rsquo;Emmanuel Macron aux \u00c9tats-Unis est un succ\u00e8s plein et entier, tant pour \u00ab\u00a0lui-m\u00eame personnellement\u00a0\u00bb (1) que pour la France, l&rsquo;Europe, le monde libre, l&rsquo;Univers tout entier et les galaxies environnantes.<\/p>\n<p>Si-si\u00a0! Il existerait bien des univers parall\u00e8les.<\/p>\n<p>Pour certains, l&rsquo;affirmation proc\u00e8de d&rsquo;un d\u00e9lire psych\u00e9d\u00e9lique. Pour d&rsquo;autres elle rel\u00e8verait plut\u00f4t de la psychiatrie.<\/p>\n<p>Pour ma part, une fois n&rsquo;est pas coutume, je ne me prononcerai pas. La raison \u00e0 cela est simple. Jean-Christophe Perrochon, m\u00e9decin chef de l\u2019\u00c9lys\u00e9e, <a target=\"_blank\" href=\"https:\/\/www.francesoir.fr\/politique-france\/emmanuel-macron-est-il-apte-le-dr-perrochon-retrouve-il-est-somme-par-voie-d\">persiste toujours dans son refus de rendre public le bulletin de sant\u00e9 complet du Pr\u00e9sident de la R\u00e9publique<\/a>, \u00e0 savoir <a target=\"_blank\" href=\"https:\/\/www.francesoir.fr\/opinions-editos\/je-suis-malade-completement-malade-premiere-partie\">diagnostic m\u00e9dical, mental<\/a> compris, que France-Soir lui a demand\u00e9 par sommation interpellative d\u00e9livr\u00e9e par exploit d&rsquo;huissier. La publication de ce bulletin de sant\u00e9 complet semble pourtant exig\u00e9e de lui, Emmanuel Macron s&rsquo;\u00e9tant engag\u00e9 en 2017 en faveur d&rsquo;une transparence absolue dans ce domaine. Le <a target=\"_blank\" href=\"https:\/\/www.francesoir.fr\/politique-france\/le-conseil-constitutionnel-saisi-d-une-requete-en-empechement-du-president\">Conseil constitutionnel, saisit d\u2019une requ\u00eate,<\/a> a, lui aussi, bott\u00e9 en touche, et cela ne risque pas de changer avec la nomination de Richard Ferrand macronien convaincu.<\/p>\n<p>Et, comme dans ce domaine pr\u00e9cis de la bonne sant\u00e9 mentale, la pr\u00e9somption d&rsquo;innocence p\u00e9nale, paradoxalement, ne vaut par d\u00e9finition que pour les simples d&rsquo;esprit, pour Emmanuel Macron, refuser de se soumettre \u00e0 ce diagnostic et \u00e0 sa publication serait avouer qu&rsquo;il n&rsquo;a plus toute sa t\u00eate.<\/p>\n<p>\u00ab\u00a0<a target=\"_blank\" href=\"https:\/\/youtu.be\/xxGkBkPEOKg\"><em>Si tant est qu&rsquo;il ait \u00e9t\u00e9 lucide un jour<\/em><\/a>\u00a0\u00bb, me souffle Docteur Alwest\u00a0:<\/p>\n<p><iframe loading=\"lazy\" title=\"\u00abJe suis lucide\u00bb Emmanuel Macron\" width=\"1110\" height=\"624\" src=\"https:\/\/www.youtube.com\/embed\/xxGkBkPEOKg?feature=oembed\" frameborder=\"0\" allow=\"accelerometer; autoplay; clipboard-write; encrypted-media; gyroscope; picture-in-picture; web-share\" referrerpolicy=\"strict-origin-when-cross-origin\" allowfullscreen><\/iframe><\/p>\n<p>Certes, humoriste de profession qu&rsquo;il est, cet authentique r\u00e9sistant est un faux m\u00e9decin. Toutefois, j&rsquo;ai tr\u00e8s nettement davantage confiance en lui que dans les m\u00e9decins dipl\u00f4m\u00e9s. En tout premier lieu tous ceux qui ont particip\u00e9 au \u00ab\u00a0coronacircus\u00a0\u00bb et qui ont fait la promotion du vaccin.<\/p>\n<blockquote>\n<p>N\u00e9anmoins, comme \u00e0 l&rsquo;accoutum\u00e9e, respect de la Charte de Munich oblige, je laisse \u00e0 chacun d&rsquo;entre vous le soin de forger son propre avis.<\/p>\n<\/blockquote>\n<p>\u00a0<\/p>\n<p>\u00a0<\/p>\n<p>1) c&rsquo;est une journ\u00e9e sp\u00e9ciale pl\u00e9onasmes, pr\u00e9cisions surabondantes, p\u00e9rissologies &amp; Cie.<\/p>\n<\/div>\n<p><script>(function(d, s, id) {  var js, fjs = d.getElementsByTagName(s)[0];  if (d.getElementById(id)) return;  js = d.createElement(s); js.id = id;  js.src = \"\/\/connect.facebook.net\/fr_FR\/sdk.js#xfbml=1&version=v2.3\";  fjs.parentNode.insertBefore(js, fjs);}(document, \"script\", \"facebook-jssdk\"));<\/script><br \/>\n<br \/><br \/>\n<br \/><a href=\"https:\/\/www.francesoir.fr\/opinions-editos\/un-changement-du-tout-au-tout-ou-de-toutou\" target=\"_blank\"\">Source link <\/a><\/p>\n","protected":false},"excerpt":{"rendered":"<p>Oui. Les avis sont partag\u00e9s. La rencontre Trump-Macron qui vient d&rsquo;avoir lieu aux \u00c9tats-Unis, divise les analystes g\u00e9opolitiques en deux camps qui s&rsquo;opposent frontalement. D&rsquo;un c\u00f4t\u00e9 il y a ceux&hellip; <\/p>\n","protected":false},"author":1,"featured_media":3495,"comment_status":"open","ping_status":"open","sticky":false,"template":"","format":"standard","meta":{"footnotes":""},"categories":[1],"tags":[],"class_list":["post-3494","post","type-post","status-publish","format-standard","has-post-thumbnail","hentry","category-non-classe"],"_links":{"self":[{"href":"https:\/\/monde25.info\/index.php\/wp-json\/wp\/v2\/posts\/3494","targetHints":{"allow":["GET"]}}],"collection":[{"href":"https:\/\/monde25.info\/index.php\/wp-json\/wp\/v2\/posts"}],"about":[{"href":"https:\/\/monde25.info\/index.php\/wp-json\/wp\/v2\/types\/post"}],"author":[{"embeddable":true,"href":"https:\/\/monde25.info\/index.php\/wp-json\/wp\/v2\/users\/1"}],"replies":[{"embeddable":true,"href":"https:\/\/monde25.info\/index.php\/wp-json\/wp\/v2\/comments?post=3494"}],"version-history":[{"count":0,"href":"https:\/\/monde25.info\/index.php\/wp-json\/wp\/v2\/posts\/3494\/revisions"}],"wp:featuredmedia":[{"embeddable":true,"href":"https:\/\/monde25.info\/index.php\/wp-json\/wp\/v2\/media\/3495"}],"wp:attachment":[{"href":"https:\/\/monde25.info\/index.php\/wp-json\/wp\/v2\/media?parent=3494"}],"wp:term":[{"taxonomy":"category","embeddable":true,"href":"https:\/\/monde25.info\/index.php\/wp-json\/wp\/v2\/categories?post=3494"},{"taxonomy":"post_tag","embeddable":true,"href":"https:\/\/monde25.info\/index.php\/wp-json\/wp\/v2\/tags?post=3494"}],"curies":[{"name":"wp","href":"https:\/\/api.w.org\/{rel}","templated":true}]}}