{"id":35,"date":"2024-11-13T22:38:08","date_gmt":"2024-11-13T21:38:08","guid":{"rendered":"https:\/\/monde25.info\/index.php\/2024\/11\/13\/la-france-accorde-des-quotas-de-peche-au-navire-de-lenfer\/"},"modified":"2024-11-13T22:38:08","modified_gmt":"2024-11-13T21:38:08","slug":"la-france-accorde-des-quotas-de-peche-au-navire-de-lenfer","status":"publish","type":"post","link":"https:\/\/monde25.info\/index.php\/2024\/11\/13\/la-france-accorde-des-quotas-de-peche-au-navire-de-lenfer\/","title":{"rendered":"La France accorde des quotas de p\u00eache au \u00ab\u00a0navire de l\u2019enfer\u00a0\u00bb"},"content":{"rendered":"<p> <br \/>\n<\/p>\n<div>\n        <span class=\"date\">13 novembre 2024  \u00e0 17h11<\/span><\/p>\n<p class=\"duree_lecture\">\n        Dur\u00e9e de lecture : 2 minutes\n      <\/p>\n<\/p><\/div>\n<div>\n<p>L\u2019<i>Annelies Ilena<\/i>, le <i>\u00ab<small class=\"fine d-inline\">\u00a0<\/small>navire de l\u2019enfer<small class=\"fine d-inline\">\u00a0<\/small>\u00bb<\/i> tel qu\u2019il est surnomm\u00e9 par les <span class=\"caps\">ONG<\/span> de d\u00e9fense de la mer, va commencer dans quelques jours sa campagne de p\u00eache dans les eaux europ\u00e9ennes. Alors qu\u2019on pensait que <a target=\"_blank\" href=\"https:\/\/reporterre.net\/La-plus-grande-machine-a-tuer-en-Bretagne-ils-manifestent-contre-un-chalutier-geant\">le projet port\u00e9<\/a> par la Compagnie des p\u00eaches Saint-Malo \u00e9tait enterr\u00e9, il n\u2019en est rien.<\/p>\n<p>Souvenez-vous, en mai dernier, Herv\u00e9 Berville, alors secr\u00e9taire d\u2019\u00c9tat charg\u00e9 de la mer, <a target=\"_blank\" href=\"https:\/\/reporterre.net\/Usine-a-surimi-victoire-contre-le-navire-de-l-enfer\">refusait de transf\u00e9rer<\/a> des quotas de p\u00eache de merlan bleu, principal poisson utilis\u00e9 pour fabriquer de la p\u00e2te \u00e0 surimi, vers la Pologne, pays dans lequel ce navire de 145 m de long, propri\u00e9t\u00e9 de la multinationale n\u00e9erlandaise Parlevliet &amp; van der Plas, est pavillonn\u00e9.<\/p>\n<h2 class=\"spip\">22 000 tonnes de merlan bleu \u00e9chang\u00e9es<\/h2>\n<p>Mais cette victoire des <span class=\"caps\">ONG<\/span> fut de courte dur\u00e9e. Fabrice Loher, le nouveau ministre charg\u00e9 de la Mer et de la P\u00eache, a finalement act\u00e9 le transfert de ces quotas. Bloom a r\u00e9v\u00e9l\u00e9 un nouvel arr\u00eat\u00e9 minist\u00e9riel en date du 6\u00a0novembre, qui modifie la r\u00e9partition des quotas de p\u00eache.<\/p>\n<p><i>\u00ab<small class=\"fine d-inline\">\u00a0<\/small>[Le ministre] a reconnu que les 22 000 tonnes de merlan bleu avaient \u00e9t\u00e9 \u00e9chang\u00e9es avec la Pologne en mars et en septembre avant qu\u2019il ne prenne ses fonctions, mais sans pr\u00e9ciser les contreparties exactes ni les b\u00e9n\u00e9ficiaires de ces quotas<small class=\"fine d-inline\">\u00a0<\/small>\u00bb<\/i>, rapporte l\u2019association dans <a target=\"_blank\" href=\"https:\/\/bloomassociation.org\/le-nouveau-ministre-de-la-peche-pris-dans-les-filets-du-plus-grand-chalutier-pelagique-du-monde\/\" class=\"spip_out\" rel=\"external\">un communiqu\u00e9 du 13\u00a0novembre<\/a>.\u00a0<\/p>\n<h2 class=\"spip\">Retomb\u00e9es pour la fili\u00e8re fran\u00e7aise <\/h2>\n<p>L\u2019apr\u00e8s-midi m\u00eame, c\u2019est au tour du minist\u00e8re de publier un communiqu\u00e9 dans lequel le ministre justifie cet \u00e9change de quotas en raison <i>\u00ab<small class=\"fine d-inline\">\u00a0<\/small>des retomb\u00e9es suffisantes pour la fili\u00e8re fran\u00e7aise<small class=\"fine d-inline\">\u00a0<\/small>\u00bb<\/i>. Selon lui, <i>\u00ab<small class=\"fine d-inline\">\u00a0<\/small>le stock de merlan bleu est en bon \u00e9tat de conservation, et fait l\u2019objet d\u2019une exploitation ma\u00eetris\u00e9e, sur la base d\u2019avis scientifiques<small class=\"fine d-inline\">\u00a0<\/small>\u00bb<\/i>.<\/p>\n<p>Bloom d\u00e9plore, quant \u00e0 elle, que ces 22 000 tonnes de poisson, qui revenaient de droit aux p\u00eacheurs fran\u00e7ais, aient \u00e9t\u00e9 c\u00e9d\u00e9es \u00e0 la Pologne. <i>\u00ab<small class=\"fine d-inline\">\u00a0<\/small>\u00c0 l\u2019heure de l\u2019urgence climatique et de l\u2019effondrement de la biodiversit\u00e9, le gouvernement fran\u00e7ais choisit de se soumettre aux exigences des lobbies de la p\u00eache industrielle n\u00e9erlandaise, au d\u00e9triment des \u00e9cosyst\u00e8mes et des animaux marins qui vont voir fondre sur eux ce monstre marin qui avalera tout sur son passage<small class=\"fine d-inline\">\u00a0<\/small>\u00bb<\/i>, estime L\u00e6titia Bisiaux, charg\u00e9e de projet chez Bloom.<\/p>\n<aside class=\"boite_encarts\">\n<div class=\"encart encart_gris noprint\">\n<p><strong>Il est de retour.<\/strong><\/p>\n<p>Dans quelques semaines, Donald Trump se r\u00e9-installera \u00e0 la Maison Blanche.<\/p>\n<p>Un milliardaire, pour qui le r\u00e9chauffement climatique est \u00ab<small class=\"fine d-inline\">\u00a0<\/small>un canular<small class=\"fine d-inline\">\u00a0<\/small>\u00bb, sera \u00e0 la t\u00eate de la plus grande puissance mondiale.<\/p>\n<p>Dans une d\u00e9cennie cruciale pour l\u2019\u00e9cologie, nous ne pouvons pas nous permettre de perdre plus de temps.<\/p>\n<p>La soci\u00e9t\u00e9 civile doit continuer de se soulever, de se mobiliser et de faire pression sur les puissants.<\/p>\n<p>Mais pour agir, il faut savoir.<\/p>\n<p><strong>Depuis 11 ans, nous publions des articles de qualit\u00e9 sur l\u2019\u00e9cologie, en acc\u00e8s libre et sans publicit\u00e9, pour tous.<\/strong><\/p>\n<p>Nous avons la conviction que l\u2019urgence \u00e9cologique est l\u2019enjeu majeur de notre \u00e9poque.<br class=\"autobr\"\/><br \/>\n Et comme plus de 2 millions de lectrices et lecteurs chaque mois, vous partagez sans doute cette conviction&#8230;<\/p>\n<p>Alors si vous en avez les moyens, sachez qu\u2019un don, m\u00eame d\u20191\u20ac, est un acte de soutien fort pour l\u2019\u00e9cologie et le journalisme ind\u00e9pendant.<br class=\"autobr\"\/><br \/>\n (Et \u00e7a vous prendra moins de temps que la lecture de ce texte).<\/p>\n<p><strong>Si vous le pouvez, choisissez un soutien mensuel. Merci.<\/strong><\/p>\n<p><a target=\"_blank\" href=\"https:\/\/reporterre.net\/dons\" class=\"bt_soutenir\">Je soutiens <i>Reporterre<\/i><\/a><\/p>\n<\/p><\/div>\n<div class=\"encart encart_vert noprint montre_1023\">\n<div class=\"infolettre-form-container noprint\">\n<p>Abonnez-vous \u00e0 la lettre d\u2019info de Reporterre<\/p>\n<\/div><\/div>\n<\/aside>\n<aside class=\"boite_apresarticle encart_note\">\n<h4>Apr\u00e8s cet article<\/h4>\n<p>      <a target=\"_blank\" href=\"https:\/\/reporterre.net\/La-plus-grande-machine-a-tuer-en-Bretagne-ils-manifestent-contre-un-chalutier-geant\" class=\"lien_article\">\n      <picture class=\"vignette_gauche\"><source type=\"image\/webp\" srcset=\"https:\/\/reporterre.net\/local\/cache-gd2\/15\/534b80f8f422f337f1ee47a1a0d89a.jpg@.webp?1730140023\"><img decoding=\"async\" src=\"https:\/\/reporterre.net\/local\/cache-gd2\/15\/534b80f8f422f337f1ee47a1a0d89a.jpg?1730140023\" width=\"450\" height=\"300\" alt=\"\" class=\"marge12\" loading=\"lazy\"\/><br \/>\n<\/source><\/picture>\n<p class=\"libelle\">\n<p>          Reportage \u2014<\/p>\n<p>      P\u00eache\n    <\/p>\n<p class=\"titre pol20\">\u00ab<small class=\"fine d-inline\">\u00a0<\/small>La plus grande machine \u00e0 tuer<small class=\"fine d-inline\">\u00a0<\/small>\u00bb\u00a0: en Bretagne, ils manifestent contre un chalutier g\u00e9ant<\/p>\n<p>      <\/a><br \/>\n    <\/aside>\n<aside class=\"boite_complement texte\">\n<p>      <!-- zone_forum --><br \/>\n          <\/aside>\n<aside class=\"boite_lireaussi noprint\">\n<\/aside>\n<aside class=\"colonne\">\n<div class=\"article_info cache_1023 noprint\">\n        <span class=\"date\">13 novembre 2024  \u00e0 17h11<\/span><\/p>\n<p class=\"duree_lecture\">\n        Dur\u00e9e de lecture : 2 minutes\n      <\/p>\n<\/p><\/div>\n<div class=\"bloc_infolettre\">\n<div class=\"infolettre-form-container noprint\">\n<p>Abonnez-vous \u00e0 la lettre d\u2019info de Reporterre<\/p>\n<\/div><\/div>\n<\/aside>\n<div id=\"galerie\">\n  <img decoding=\"async\" src=\"\" class=\"principale\" id=\"principale\"\/><\/p>\n<p id=\"legende\">legende<\/p>\n<\/div>\n<footer class=\"noprint\">\n<\/footer>\n<\/div>\n<p><br \/>\n<br \/><a href=\"https:\/\/reporterre.net\/La-France-accorde-des-quotas-de-peche-au-navire-de-l-enfer\" target=\"_blank\"\">Source link <\/a><\/p>\n","protected":false},"excerpt":{"rendered":"<p>13 novembre 2024 \u00e0 17h11 Dur\u00e9e de lecture : 2 minutes L\u2019Annelies Ilena, le \u00ab\u00a0navire de l\u2019enfer\u00a0\u00bb tel qu\u2019il est surnomm\u00e9 par les ONG de d\u00e9fense de la mer, va&hellip; <\/p>\n","protected":false},"author":1,"featured_media":36,"comment_status":"open","ping_status":"open","sticky":false,"template":"","format":"standard","meta":{"footnotes":""},"categories":[1],"tags":[],"class_list":["post-35","post","type-post","status-publish","format-standard","has-post-thumbnail","hentry","category-non-classe"],"_links":{"self":[{"href":"https:\/\/monde25.info\/index.php\/wp-json\/wp\/v2\/posts\/35","targetHints":{"allow":["GET"]}}],"collection":[{"href":"https:\/\/monde25.info\/index.php\/wp-json\/wp\/v2\/posts"}],"about":[{"href":"https:\/\/monde25.info\/index.php\/wp-json\/wp\/v2\/types\/post"}],"author":[{"embeddable":true,"href":"https:\/\/monde25.info\/index.php\/wp-json\/wp\/v2\/users\/1"}],"replies":[{"embeddable":true,"href":"https:\/\/monde25.info\/index.php\/wp-json\/wp\/v2\/comments?post=35"}],"version-history":[{"count":0,"href":"https:\/\/monde25.info\/index.php\/wp-json\/wp\/v2\/posts\/35\/revisions"}],"wp:featuredmedia":[{"embeddable":true,"href":"https:\/\/monde25.info\/index.php\/wp-json\/wp\/v2\/media\/36"}],"wp:attachment":[{"href":"https:\/\/monde25.info\/index.php\/wp-json\/wp\/v2\/media?parent=35"}],"wp:term":[{"taxonomy":"category","embeddable":true,"href":"https:\/\/monde25.info\/index.php\/wp-json\/wp\/v2\/categories?post=35"},{"taxonomy":"post_tag","embeddable":true,"href":"https:\/\/monde25.info\/index.php\/wp-json\/wp\/v2\/tags?post=35"}],"curies":[{"name":"wp","href":"https:\/\/api.w.org\/{rel}","templated":true}]}}