{"id":350,"date":"2024-11-17T22:48:47","date_gmt":"2024-11-17T21:48:47","guid":{"rendered":"https:\/\/monde25.info\/index.php\/2024\/11\/17\/cette-loi-espagnole-pourrait-inspirer-la-france\/"},"modified":"2024-11-17T22:48:47","modified_gmt":"2024-11-17T21:48:47","slug":"cette-loi-espagnole-pourrait-inspirer-la-france","status":"publish","type":"post","link":"https:\/\/monde25.info\/index.php\/2024\/11\/17\/cette-loi-espagnole-pourrait-inspirer-la-france\/","title":{"rendered":"cette loi espagnole pourrait inspirer la France"},"content":{"rendered":"<p> <br \/>\n<\/p>\n<div>\n<p>Des prix r\u00e9mun\u00e9rateurs<small class=\"fine d-inline\">\u00a0<\/small>! Cette revendication lancinante des agriculteurs de toute l\u2019Europe refait surface avec les manifestations paysannes pr\u00e9vues la semaine du 18\u00a0novembre.<\/p>\n<p>En France, la loi Egalim pr\u00e9voit depuis 2018 un <i>\u00ab<small class=\"fine d-inline\">\u00a0<\/small>tunnel de prix<small class=\"fine d-inline\">\u00a0<\/small>\u00bb<\/i> (ou une fourchette), en dessous duquel un acheteur ne peut pas descendre lors d\u2019une transaction. Mais <a target=\"_blank\" href=\"https:\/\/www.pleinchamp.com\/actualite\/egalim-1-2-et-3-couts-de-production-trop-bas-certains-acteurs-ont-invente-leurs-propres-references\" class=\"spip_out\" rel=\"external\">de l\u2019avis g\u00e9n\u00e9ral<\/a>, ces prix ne prennent pas suffisamment en compte les co\u00fbts r\u00e9els de production et les contr\u00f4les sont <a target=\"_blank\" href=\"https:\/\/www.lemonde.fr\/economie\/article\/2024\/02\/14\/la-cour-des-comptes-pointe-l-absence-de-sanction-dans-le-cadre-des-contrats-egalim_6216468_3234.html\" class=\"spip_out\" rel=\"external\">insuffisants<\/a>. La vente \u00e0 perte reste une r\u00e9alit\u00e9 pour de nombreux agriculteurs.<\/p>\n<p>De son c\u00f4t\u00e9, l\u2019Espagne a l\u00e9gif\u00e9r\u00e9 d\u00e8s 2013 avec la loi <i>\u00ab<small class=\"fine d-inline\">\u00a0<\/small>cha\u00eene alimentaire<small class=\"fine d-inline\">\u00a0<\/small>\u00bb<\/i>, qui a \u00e9t\u00e9 renforc\u00e9e en 2021 et permet d\u00e9sormais de fixer des prix \u00e9quitables, exploitation par exploitation. \u00c1lvaro Areta Garc\u00eda, membre de la Coordination europ\u00e9enne Via campesina et responsable technique au Comit\u00e9 de l\u2019agriculture (<span class=\"caps\">COAG<\/span>), l\u2019un des organes directeurs de l\u2019Organisation des Nations unies pour l\u2019alimentation et l\u2019agriculture, nous l\u2019explique.<br class=\"autobr\"\/><br \/>\n<br class=\"autobr\"\/><br \/>\n<strong>Reporterre \u2014 Comment fonctionne concr\u00e8tement la loi \u00ab<small class=\"fine d-inline\">\u00a0<\/small>Cadena alimentaria<small class=\"fine d-inline\">\u00a0<\/small>\u00bb (cha\u00eene alimentaire)<small class=\"fine d-inline\">\u00a0<\/small>?<\/strong><\/p>\n<p>La loi espagnole sur la cha\u00eene alimentaire, en place depuis plus de dix ans, vise \u00e0 rendre les relations commerciales entre producteurs et acheteurs plus transparentes et \u00e9quitables. Elle impose la r\u00e9daction de contrats \u00e9crits, contenant des informations essentielles comme les conditions de livraison et les prix. Ce cadre contractuel a renforc\u00e9 la s\u00e9curit\u00e9 juridique et facilit\u00e9 les n\u00e9gociations. <a target=\"_blank\" href=\"https:\/\/www.boe.es\/eli\/es\/l\/2021\/12\/14\/16\/con\/20211215\" class=\"spip_out\" rel=\"external\">En d\u00e9cembre 2021<\/a>, cette loi a \u00e9t\u00e9 modifi\u00e9e pour introduire un changement majeur\u00a0: il est d\u00e9sormais interdit de <i>\u00ab<small class=\"fine d-inline\">\u00a0<\/small>d\u00e9truire la valeur<small class=\"fine d-inline\">\u00a0<\/small>\u00bb<\/i> dans la cha\u00eene alimentaire.<\/p>\n<p>Concr\u00e8tement, cela signifie que le prix n\u00e9goci\u00e9 entre les parties doit \u00eatre au moins sup\u00e9rieur aux co\u00fbts de production des agriculteurs. Cela marque un tournant culturel, car auparavant, les prix \u00e9taient fix\u00e9s en fonction du prix pay\u00e9 par les consommateurs, souvent au d\u00e9triment des producteurs.<\/p>\n<div class=\"spip_document_86159 spip_document spip_documents spip_document_image spip_documents_center spip_document_center spip_document_avec_legende\" data-legende-len=\"105\" data-legende-lenx=\"xx\">\n<figure class=\"spip_doc_inner\">\n      <picture><source type=\"image\/webp\" srcset=\"https:\/\/reporterre.net\/local\/cache-vignettes\/L1050xH700\/afp__20240321__aa_21032024_1589714__v1__highres__animalfarmingincataloniaamidtheextr-8807d.jpg@.webp?1731594856\"><img decoding=\"async\" src=\"https:\/\/reporterre.net\/IMG\/jpg\/afp__20240321__aa_21032024_1589714__v1__highres__animalfarmingincataloniaamidtheextr.jpg\" width=\"1200\" height=\"800\" loading=\"lazy\" alt=\"\"\/><br \/>\n    <\/source><\/picture><figcaption class=\"spip_doc_legende\">\n<p>Un agriculteur en Catalogne, en pleine s\u00e9cheresse de mars 2024.<br \/>\n<i>\u00a9 Lorena Sopena Lopez \/ Anadolu via <span class=\"caps\">AFP<\/span><br \/>\n<\/i><\/p>\n<\/figcaption><\/figure>\n<\/p><\/div>\n<p>Cette nouvelle approche oblige \u00e0 r\u00e9organiser la cha\u00eene de valeur de mani\u00e8re plus juste, en partant des co\u00fbts des producteurs. Ce changement est difficile \u00e0 appliquer et suscite des r\u00e9sistances, mais il vise \u00e0 instaurer une r\u00e9mun\u00e9ration \u00e9quitable \u00e0 chaque maillon de la cha\u00eene.<br class=\"autobr\"\/><br \/>\n<br class=\"autobr\"\/><br \/>\n<strong>Comment les prix sont-ils calcul\u00e9s<small class=\"fine d-inline\">\u00a0<\/small>?<\/strong><\/p>\n<p>La loi exige que le prix de vente couvre les co\u00fbts de production sp\u00e9cifiques de chaque producteur. Cela implique que les producteurs connaissent leurs co\u00fbts de production. C\u2019est un effort suppl\u00e9mentaire pour eux, mais en fin de compte, cela leur permet d\u2019\u00eatre clair sur leur niveau de rentabilit\u00e9\u00a0: \u00e0 partir de quel prix commencent-ils \u00e0 gagner ou \u00e0 perdre de l\u2019argent<small class=\"fine d-inline\">\u00a0<\/small>? Cette question, qui devrait \u00eatre naturelle dans toute entreprise, n\u2019\u00e9tait parfois pas si claire dans le cas du secteur de la production.<br class=\"autobr\"\/><br \/>\n<br class=\"autobr\"\/><br \/>\n<strong>Que se passe-t-il si le prix propos\u00e9 par l\u2019acheteur reste inf\u00e9rieur aux co\u00fbts de production<small class=\"fine d-inline\">\u00a0<\/small>?<\/strong><\/p>\n<p>Si un producteur estime \u00eatre pay\u00e9 en dessous de ses co\u00fbts, il peut d\u00e9poser une plainte, mais il doit fournir des preuves comptables, comme des factures, pour \u00e9tayer sa r\u00e9clamation. Cela permet d\u2019\u00e9viter une confrontation parole contre parole. Les plaintes peuvent \u00e9galement \u00eatre anonymes. Des organisations agricoles comme le <span class=\"caps\">COAG<\/span> peuvent d\u00e9poser une plainte au nom des producteurs, tout en garantissant la confidentialit\u00e9 des informations fournies.<\/p>\n<p>Une fois la plainte re\u00e7ue, l\u2019autorit\u00e9 comp\u00e9tente m\u00e8ne une enqu\u00eate d\u2019office pour v\u00e9rifier les faits et, si n\u00e9cessaire, ouvre un dossier, tout en pr\u00e9servant l\u2019anonymat du plaignant.<br class=\"autobr\"\/><br \/>\n<br class=\"autobr\"\/><br \/>\n<strong>Y a-t-il des cas d\u2019infraction majeure et quelle est la mani\u00e8re dont les autorit\u00e9s comp\u00e9tentes les traitent<small class=\"fine d-inline\">\u00a0<\/small>?<\/strong><\/p>\n<p>Les infractions majeures dans le secteur agroalimentaire en Espagne sont principalement li\u00e9es \u00e0 des hausses de co\u00fbts provoqu\u00e9es par des facteurs g\u00e9opolitiques, comme la guerre en Ukraine, plut\u00f4t qu\u2019\u00e0 l\u2019application de la loi de la cha\u00eene. Ces augmentations de co\u00fbts ont \u00e9t\u00e9 r\u00e9percut\u00e9es dans la cha\u00eene, causant une inflation ind\u00e9pendante de la loi.<\/p>\n<p>Pour y r\u00e9pondre, les autorit\u00e9s espagnoles ont mis en place des mesures de soutien, telles que des subventions pour les co\u00fbts de production, des r\u00e9ductions de <span class=\"caps\">TVA<\/span> sur certains produits de base et des aides pour compenser l\u2019augmentation des co\u00fbts de production.<br class=\"autobr\"\/><br \/>\n<br class=\"autobr\"\/><br \/>\n<strong>Dans quel contexte a \u00e9t\u00e9 \u00e9tabli cette loi<small class=\"fine d-inline\">\u00a0<\/small>?<\/strong><\/p>\n<p>Le secteur agricole a connu des difficult\u00e9s \u00e9conomiques persistantes, principalement en raison de la d\u00e9r\u00e9gulation des march\u00e9s et de la suppression de m\u00e9canismes li\u00e9s \u00e0 la Politique agricole commune, qui contribuaient \u00e0 stabiliser les prix. Combin\u00e9 \u00e0 la concurrence accrue des importations \u00e0 bas prix, cela a fragilis\u00e9 les revenus des producteurs locaux. Beaucoup d\u2019agriculteurs sont menac\u00e9s de faillite.<\/p>\n<p>Face \u00e0 cette situation, de nombreuses mobilisations ont \u00e9clat\u00e9 en 2020, avant la pand\u00e9mie, exigeant des prix \u00e9quitables au-dessus des co\u00fbts de production. Ces pressions ont conduit le gouvernement \u00e0 adopter des mesures protectrices, dont la loi sur la cha\u00eene alimentaire, malgr\u00e9 l\u2019interruption des manifestations en raison de la crise sanitaire. Cette l\u00e9gislation r\u00e9pond \u00e9galement \u00e0 la directive europ\u00e9enne sur les pratiques commerciales d\u00e9loyales, qui impose des r\u00e8gles g\u00e9n\u00e9rales pour tous les \u00c9tats membres, tout en permettant des mesures plus strictes pour ceux qui le souhaitent.<\/p>\n<p>Un consensus existe au sein du secteur agricole, bien que des divergences apparaissent sur l\u2019application pratique de cette mesure et la mani\u00e8re de calculer pr\u00e9cis\u00e9ment les co\u00fbts.<\/p>\n<p>L\u2019adoption de la loi a \u00e9t\u00e9 rendue possible gr\u00e2ce \u00e0 une large majorit\u00e9 parlementaire. La plupart des groupes politiques \u2014 y compris ceux du gouvernement, ses partenaires, et m\u00eame certains membres de l\u2019opposition \u2014 \u00e9taient favorables et sinon, se sont abstenus sans manifester d\u2019opposition g\u00e9n\u00e9ralis\u00e9e.<br class=\"autobr\"\/><br \/>\n<br class=\"autobr\"\/><br \/>\n<strong>Les agriculteurs espagnols sont-ils, ainsi, mieux prot\u00e9g\u00e9s que les agriculteurs fran\u00e7ais<small class=\"fine d-inline\">\u00a0<\/small>?<\/strong><\/p>\n<p>Les agriculteurs espagnols semblent mieux prot\u00e9g\u00e9s, mais il est encore trop t\u00f4t pour \u00e9valuer pleinement l\u2019efficacit\u00e9 de cette loi. D\u00e9sormais, dans certaines n\u00e9gociations, les producteurs peuvent mettre en avant leurs co\u00fbts et s\u2019appuyer sur des \u00e9tudes publiques pour justifier des prix de vente, facilitant ainsi une v\u00e9ritable n\u00e9gociation. Les premi\u00e8res sanctions ont \u00e9t\u00e9 impos\u00e9es \u00e0 des entreprises pour achat en dessous du co\u00fbt de production, montrant un d\u00e9but d\u2019application concr\u00e8te de la loi. Des p\u00e9nalit\u00e9s importantes ont d\u00e9j\u00e0 \u00e9t\u00e9 impos\u00e9es.<\/p>\n<blockquote class=\"spip\">\n<p>\u00ab<small class=\"fine d-inline\">\u00a0<\/small>L\u2019agriculture espagnole reste comp\u00e9titive<small class=\"fine d-inline\">\u00a0<\/small>\u00bb<\/p>\n<\/blockquote>\n<p>On assiste \u00e0 un changement de mentalit\u00e9 dans le secteur producteur. Il prend davantage conscience de ses co\u00fbts de production, gagne en capacit\u00e9 de n\u00e9gociation et a la possibilit\u00e9 de d\u00e9noncer les abus, m\u00eame si la mesure n\u2019a pas r\u00e9solu tous les probl\u00e8mes.<br class=\"autobr\"\/><br \/>\n<br class=\"autobr\"\/><br \/>\n<strong>Dans une \u00e9conomie mondialis\u00e9e, les acheteurs ne risquent-ils pas d\u2019aller se fournir ailleurs<small class=\"fine d-inline\">\u00a0<\/small>?<\/strong><\/p>\n<p>Une critique estime que des prix trop \u00e9lev\u00e9s pourraient inciter les acheteurs \u00e0 se tourner vers d\u2019autres pays. La question est plut\u00f4t\u00a0: pourquoi les co\u00fbts de production sont plus bas dans d\u2019autres pays<small class=\"fine d-inline\">\u00a0<\/small>? Pour une concurrence \u00e9quitable, les produits import\u00e9s devraient respecter les m\u00eames standards. Pour autant, les chiffres ne confirment pas une perte de comp\u00e9titivit\u00e9 pour les producteurs espagnols. Les exportations agroalimentaires espagnoles atteignent des records chaque ann\u00e9e, ce qui indique que l\u2019agriculture espagnole reste comp\u00e9titive malgr\u00e9 la loi de la cha\u00eene.<br class=\"autobr\"\/><br \/>\n<br class=\"autobr\"\/><br \/>\n<strong>Cette loi pourrait-elle contribuer \u00e0 s\u2019\u00e9loigner du mod\u00e8le productiviste, en int\u00e9grant des enjeux \u00e9cologiques, ou risque-t-elle au contraire de conforter ce mod\u00e8le<small class=\"fine d-inline\">\u00a0<\/small>?<\/strong><\/p>\n<p>Cette loi n\u2019int\u00e8gre pas directement d\u2019objectifs \u00e9cologiques. Cependant, elle prot\u00e8ge les co\u00fbts de production des agriculteurs, ce qui pourrait encourager les types d\u2019agricultures soucieuses de l\u2019environnement. Indirectement, elle peut donc \u00eatre b\u00e9n\u00e9fique pour l\u2019\u00e9cologie, m\u00eame si son objectif premier n\u2019est pas sp\u00e9cifiquement environnemental mais plut\u00f4t la rentabilit\u00e9 des producteurs.<br class=\"autobr\"\/>\n<\/p>\n<p class=\"indication_lieu\"><strong><span class=\"caps\">VIF<\/span> D\u00c9<span class=\"caps\">BAT<\/span> <span class=\"caps\">EN<\/span> <span class=\"caps\">FRANCE<\/span> <span class=\"caps\">SUR<\/span> <span class=\"caps\">LE<\/span> \u00ab<small class=\"fine d-inline\">\u00a0<\/small><span class=\"caps\">PRIX<\/span> <span class=\"caps\">PLANCHER<\/span><small class=\"fine d-inline\">\u00a0<\/small>\u00bb<\/strong><\/p>\n<p>Le d\u00e9bat fran\u00e7ais sur les moyens d\u2019am\u00e9liorer le revenu des agriculteurs tourne notamment autour de l\u2019id\u00e9e d\u2019un <i>\u00ab<small class=\"fine d-inline\">\u00a0<\/small>prix plancher<small class=\"fine d-inline\">\u00a0<\/small>\u00bb<\/i>, qui serait fix\u00e9 par l\u2019\u00c9tat. Les syndicats de petits producteurs, comme <a target=\"_blank\" href=\"https:\/\/www.confederationpaysanne.fr\/mc_nos_positions.php?mc=36\" class=\"spip_out\" rel=\"external\">la Conf\u00e9d\u00e9ration paysanne<\/a> et le Modef, et <a target=\"_blank\" href=\"https:\/\/www.assemblee-nationale.fr\/dyn\/16\/textes\/l16b1776_proposition-loi#\" class=\"spip_out\" rel=\"external\">les partis de gauche<\/a>, portent depuis plusieurs ann\u00e9es cette revendication, rejet\u00e9e par la <span class=\"caps\">FNSEA<\/span> et la Coordination rurale, syndicats agricoles conventionnels.<\/p>\n<p>Emmanuel Macron l\u2019a reprise oralement \u00e0 son compte en f\u00e9vrier 2024, en pleine crise agricole, <a target=\"_blank\" href=\"https:\/\/reporterre.net\/PFAS-interdits-et-prix-planchers-agricoles-les-deux-victoires-arrachees-par-les\">mais s\u2019y est finalement oppos\u00e9<\/a> lors de son examen au Parlement au printemps.<\/p>\n<aside class=\"boite_encarts\">\n<div class=\"encart encart_gris noprint\">\n<p><strong>Il est de retour.<\/strong><\/p>\n<p>Dans quelques semaines, Donald Trump se r\u00e9-installera \u00e0 la Maison Blanche.<\/p>\n<p>Un milliardaire, pour qui le r\u00e9chauffement climatique est \u00ab<small class=\"fine d-inline\">\u00a0<\/small>un canular<small class=\"fine d-inline\">\u00a0<\/small>\u00bb, sera \u00e0 la t\u00eate de la plus grande puissance mondiale.<\/p>\n<p>Dans une d\u00e9cennie cruciale pour l\u2019\u00e9cologie, nous ne pouvons pas nous permettre de perdre plus de temps.<\/p>\n<p>La soci\u00e9t\u00e9 civile doit continuer de se soulever, de se mobiliser et de faire pression sur les puissants.<\/p>\n<p>Mais pour agir, il faut savoir.<\/p>\n<p><strong>Depuis 11 ans, nous publions des articles de qualit\u00e9 sur l\u2019\u00e9cologie, en acc\u00e8s libre et sans publicit\u00e9, pour tous.<\/strong><\/p>\n<p>Nous avons la conviction que l\u2019urgence \u00e9cologique est l\u2019enjeu majeur de notre \u00e9poque.<br class=\"autobr\"\/><br \/>\n Et comme plus de 2 millions de lectrices et lecteurs chaque mois, vous partagez sans doute cette conviction&#8230;<\/p>\n<p>Alors si vous en avez les moyens, sachez qu\u2019un don, m\u00eame d\u20191\u20ac, est un acte de soutien fort pour l\u2019\u00e9cologie et le journalisme ind\u00e9pendant.<br class=\"autobr\"\/><br \/>\n (Et \u00e7a vous prendra moins de temps que la lecture de ce texte).<\/p>\n<p><strong>Si vous le pouvez, choisissez un soutien mensuel. Merci.<\/strong><\/p>\n<p><a target=\"_blank\" href=\"https:\/\/reporterre.net\/dons\" class=\"bt_soutenir\">Je soutiens <i>Reporterre<\/i><\/a><\/p>\n<\/p><\/div>\n<div class=\"encart encart_vert noprint montre_1023\">\n<div class=\"infolettre-form-container noprint\">\n<p>Abonnez-vous \u00e0 la lettre d\u2019info de Reporterre<\/p>\n<\/div><\/div>\n<\/aside>\n<aside class=\"boite_apresarticle encart_note\">\n<h4>Apr\u00e8s cet article<\/h4>\n<p>      <a target=\"_blank\" href=\"https:\/\/reporterre.net\/Un-coup-de-poignard-les-agriculteurs-denoncent-le-traite-UE-Mercosur\" class=\"lien_article\">\n      <picture class=\"vignette_gauche\"><source type=\"image\/webp\" srcset=\"https:\/\/reporterre.net\/https:\/\/reporterre.net\/local\/cache-gd2\/7d\/6a13bedd2de45f742dc90aff34a1d6.jpg@.webp?1731512054\"><img decoding=\"async\" src=\"https:\/\/reporterre.net\/local\/cache-gd2\/7d\/6a13bedd2de45f742dc90aff34a1d6.jpg?1731512054\" width=\"450\" height=\"300\" alt=\"\" class=\"marge12\" loading=\"lazy\"\/><br \/>\n<\/source><\/picture>\n<p class=\"libelle\">\n<p>          Reportage \u2014<\/p>\n<p>      Agriculture\n    <\/p>\n<p class=\"titre pol20\">\u00ab<small class=\"fine d-inline\">\u00a0<\/small>Un coup de poignard<small class=\"fine d-inline\">\u00a0<\/small>\u00bb\u00a0: les agriculteurs d\u00e9noncent le trait\u00e9 <span class=\"caps\">UE<\/span>-Mercosur<\/p>\n<p>      <\/a><br \/>\n    <\/aside>\n<aside class=\"boite_complement texte\">\n<p>      <!-- zone_forum --><br \/>\n          <\/aside>\n<aside class=\"boite_lireaussi noprint\">\n<\/aside>\n<aside class=\"colonne\">\n<div class=\"article_info cache_1023 noprint\">\n<p>    <span class=\"date\">15 novembre 2024  \u00e0 15h35<\/span><\/p>\n<p>    <span class=\"date_modif\">Mis \u00e0 jour le 16 novembre 2024 \u00e0 09h09<\/span>      <\/p>\n<p class=\"duree_lecture\">\n        Dur\u00e9e de lecture : 7 minutes\n      <\/p>\n<\/p><\/div>\n<div class=\"bloc_infolettre\">\n<div class=\"infolettre-form-container noprint\">\n<p>Abonnez-vous \u00e0 la lettre d\u2019info de Reporterre<\/p>\n<\/div><\/div>\n<\/aside>\n<div id=\"galerie\">\n  <img decoding=\"async\" src=\"\" class=\"principale\" id=\"principale\"\/><\/p>\n<p id=\"legende\">legende<\/p>\n<\/div>\n<footer class=\"noprint\">\n<\/footer>\n<\/div>\n<p><br \/>\n<br \/><a href=\"https:\/\/reporterre.net\/Revenu-des-agriculteurs-cette-loi-espagnole-pourrait-inspirer-la-France\" target=\"_blank\"\">Source link <\/a><\/p>\n","protected":false},"excerpt":{"rendered":"<p>Des prix r\u00e9mun\u00e9rateurs\u00a0! Cette revendication lancinante des agriculteurs de toute l\u2019Europe refait surface avec les manifestations paysannes pr\u00e9vues la semaine du 18\u00a0novembre. En France, la loi Egalim pr\u00e9voit depuis 2018&hellip; <\/p>\n","protected":false},"author":1,"featured_media":351,"comment_status":"open","ping_status":"open","sticky":false,"template":"","format":"standard","meta":{"footnotes":""},"categories":[1],"tags":[],"class_list":["post-350","post","type-post","status-publish","format-standard","has-post-thumbnail","hentry","category-non-classe"],"_links":{"self":[{"href":"https:\/\/monde25.info\/index.php\/wp-json\/wp\/v2\/posts\/350","targetHints":{"allow":["GET"]}}],"collection":[{"href":"https:\/\/monde25.info\/index.php\/wp-json\/wp\/v2\/posts"}],"about":[{"href":"https:\/\/monde25.info\/index.php\/wp-json\/wp\/v2\/types\/post"}],"author":[{"embeddable":true,"href":"https:\/\/monde25.info\/index.php\/wp-json\/wp\/v2\/users\/1"}],"replies":[{"embeddable":true,"href":"https:\/\/monde25.info\/index.php\/wp-json\/wp\/v2\/comments?post=350"}],"version-history":[{"count":0,"href":"https:\/\/monde25.info\/index.php\/wp-json\/wp\/v2\/posts\/350\/revisions"}],"wp:featuredmedia":[{"embeddable":true,"href":"https:\/\/monde25.info\/index.php\/wp-json\/wp\/v2\/media\/351"}],"wp:attachment":[{"href":"https:\/\/monde25.info\/index.php\/wp-json\/wp\/v2\/media?parent=350"}],"wp:term":[{"taxonomy":"category","embeddable":true,"href":"https:\/\/monde25.info\/index.php\/wp-json\/wp\/v2\/categories?post=350"},{"taxonomy":"post_tag","embeddable":true,"href":"https:\/\/monde25.info\/index.php\/wp-json\/wp\/v2\/tags?post=350"}],"curies":[{"name":"wp","href":"https:\/\/api.w.org\/{rel}","templated":true}]}}