{"id":3506,"date":"2025-02-28T07:16:09","date_gmt":"2025-02-28T06:16:09","guid":{"rendered":"https:\/\/monde25.info\/index.php\/2025\/02\/28\/retour-en-fanfares-par-antoine-pecqueur-le-monde-diplomatique-mars-2025\/"},"modified":"2025-02-28T07:16:09","modified_gmt":"2025-02-28T06:16:09","slug":"retour-en-fanfares-par-antoine-pecqueur-le-monde-diplomatique-mars-2025","status":"publish","type":"post","link":"https:\/\/monde25.info\/index.php\/2025\/02\/28\/retour-en-fanfares-par-antoine-pecqueur-le-monde-diplomatique-mars-2025\/","title":{"rendered":"Retour en fanfares, par Antoine Pecqueur (Le Monde diplomatique, mars 2025)"},"content":{"rendered":"<p> <br \/>\n<\/p>\n<div>\n<figure class=\"spip_document_34216 spip_documents spip_documents_center justecol\" style=\"width:650px;\">\n<div class=\"limage\">\n<p>\t\t\t<img loading=\"lazy\" decoding=\"async\" src=\"https:\/\/www.monde-diplomatique.fr\/\/local\/cache-vignettes\/L650xH925\/img027-72-f2c8d.jpg?1740499444\" width=\"650\" height=\"925\" class=\"spip_logos\" alt=\"JPEG - 153.5\u00a0ko\"\/><\/p><\/div><figcaption>\n<p>G\u00fcnther Kieser. \u2013 Affiche pour une exposition, Berlin, 2017<\/p>\n<p>\u00a9 G\u00fcnther Kieser\n<\/p>\n<\/figcaption><\/figure>\n<p><span class=\"mot-lettrine\"><span class=\"lettrine\">D<\/span>\u00e9mod\u00e9es<\/span>, folkloriques, franchement ringardes\u00a0: les fanfares, jusqu\u2019\u00e0 il y a peu, n\u2019\u00e9taient pas exactement tendance. D\u00e9sormais, elles sont partout, ou presque, et suscitent une forte sympathie. L\u2019une des performances les plus remarqu\u00e9es de la c\u00e9r\u00e9monie d\u2019ouverture des Jeux olympiques de Paris, fin juillet\u00a02024, fut celle de la chanteuse Aya Nakamura, accompagn\u00e9e par la musique de la garde r\u00e9publicaine, une formation militaire. Sorti quelques mois plus tard, le film <i>En fanfare<\/i> d\u2019Emmanuel Courcol met en sc\u00e8ne deux fr\u00e8res, un chef d\u2019orchestre prestigieux et un tromboniste dans une harmonie du nord de la France\u00a0: il obtient un large succ\u00e8s public et critique. En mars\u00a02025, Meute, une fanfare allemande techno habitu\u00e9e des grands festivals et \u00e0 la riche discographie, fera la tourn\u00e9e des Z\u00e9nith de France. Le compositeur Olivier Calmel, pr\u00e9sident de l\u2019Association fran\u00e7aise pour l\u2019essor des ensembles \u00e0 vent (Afeev), se f\u00e9licite de voir <i>\u00ab<small class=\"fine\">\u00a0<\/small>une nouvelle dynamique, et enfin une reconnaissance de ces ensembles<small class=\"fine\">\u00a0<\/small>\u00bb.<\/i><\/p>\n<p>Selon le musicologue Patrick P\u00e9ronnet, dans le film <i>de<\/i> Courcol, <i>\u00ab<small class=\"fine\">\u00a0<\/small>il est en fait question d\u2019une harmonie. Car la fanfare se limite aux cuivres, alors que l\u2019harmonie comprend aussi des bois. \u00c0 cela s\u2019ajoutent les<\/i> brass bands, <i>qui ont un r\u00e9pertoire diff\u00e9rent<\/i> [avec la pr\u00e9sence de percussions]. <i>Toutes ces formations se retrouvent sous le terme g\u00e9n\u00e9rique d\u2019\u201censemble \u00e0 vent\u201d<small class=\"fine\">\u00a0<\/small>\u00bb.<\/i> D\u00e8s l\u2019\u00e9poque baroque, des compositeurs comme Georg Friedrich H\u00e4ndel (1685-1759) ou Andr\u00e9 Danican Philidor (1652-1730) \u00e9crivent, pour des phalanges d\u2019instruments \u00e0 vent, des pi\u00e8ces festives ou solennelles. La fanfare est alors \u00ab<small class=\"fine\">\u00a0<\/small>mondaine<small class=\"fine\">\u00a0<\/small>\u00bb. \u00c0 partir de la seconde moiti\u00e9 du <span class=\"siecle\">XVIII<sup>e<\/sup><\/span>\u00a0si\u00e8cle, les harmonies, en particulier en Europe centrale, deviennent ce qu\u2019on appellerait aujourd\u2019hui des outils de d\u00e9mocratisation culturelle. Tandis que les maisons d\u2019op\u00e9ra sont r\u00e9serv\u00e9es \u00e0 une \u00e9lite, ces ensembles, le plus souvent des octuors \u00e0 vent constitu\u00e9s de solistes d\u2019orchestre, jouent dans les kiosques des\u00a0(&#8230;)<\/p>\n<\/p><\/div>\n<p>Taille de l\u2019article complet\u00a0:\u00a0<span>1\u00a0715<\/span>\u00a0mots.<\/p>\n<p><br \/>\n<br \/><a href=\"https:\/\/www.monde-diplomatique.fr\/2025\/03\/PECQUEUR\/68139\" target=\"_blank\"\">Source link <\/a><\/p>\n","protected":false},"excerpt":{"rendered":"<p>G\u00fcnther Kieser. \u2013 Affiche pour une exposition, Berlin, 2017 \u00a9 G\u00fcnther Kieser D\u00e9mod\u00e9es, folkloriques, franchement ringardes\u00a0: les fanfares, jusqu\u2019\u00e0 il y a peu, n\u2019\u00e9taient pas exactement tendance. D\u00e9sormais, elles sont&hellip; <\/p>\n","protected":false},"author":1,"featured_media":3507,"comment_status":"open","ping_status":"open","sticky":false,"template":"","format":"standard","meta":{"footnotes":""},"categories":[1],"tags":[],"class_list":["post-3506","post","type-post","status-publish","format-standard","has-post-thumbnail","hentry","category-non-classe"],"_links":{"self":[{"href":"https:\/\/monde25.info\/index.php\/wp-json\/wp\/v2\/posts\/3506","targetHints":{"allow":["GET"]}}],"collection":[{"href":"https:\/\/monde25.info\/index.php\/wp-json\/wp\/v2\/posts"}],"about":[{"href":"https:\/\/monde25.info\/index.php\/wp-json\/wp\/v2\/types\/post"}],"author":[{"embeddable":true,"href":"https:\/\/monde25.info\/index.php\/wp-json\/wp\/v2\/users\/1"}],"replies":[{"embeddable":true,"href":"https:\/\/monde25.info\/index.php\/wp-json\/wp\/v2\/comments?post=3506"}],"version-history":[{"count":0,"href":"https:\/\/monde25.info\/index.php\/wp-json\/wp\/v2\/posts\/3506\/revisions"}],"wp:featuredmedia":[{"embeddable":true,"href":"https:\/\/monde25.info\/index.php\/wp-json\/wp\/v2\/media\/3507"}],"wp:attachment":[{"href":"https:\/\/monde25.info\/index.php\/wp-json\/wp\/v2\/media?parent=3506"}],"wp:term":[{"taxonomy":"category","embeddable":true,"href":"https:\/\/monde25.info\/index.php\/wp-json\/wp\/v2\/categories?post=3506"},{"taxonomy":"post_tag","embeddable":true,"href":"https:\/\/monde25.info\/index.php\/wp-json\/wp\/v2\/tags?post=3506"}],"curies":[{"name":"wp","href":"https:\/\/api.w.org\/{rel}","templated":true}]}}