{"id":3538,"date":"2025-02-28T19:58:54","date_gmt":"2025-02-28T18:58:54","guid":{"rendered":"https:\/\/monde25.info\/index.php\/2025\/02\/28\/philosophie-de-la-nature-ou-sciences-de-la-terre-par-franck-poupeau-le-monde-diplomatique-mars-2025\/"},"modified":"2025-02-28T19:58:54","modified_gmt":"2025-02-28T18:58:54","slug":"philosophie-de-la-nature-ou-sciences-de-la-terre-par-franck-poupeau-le-monde-diplomatique-mars-2025","status":"publish","type":"post","link":"https:\/\/monde25.info\/index.php\/2025\/02\/28\/philosophie-de-la-nature-ou-sciences-de-la-terre-par-franck-poupeau-le-monde-diplomatique-mars-2025\/","title":{"rendered":"Philosophie de la nature ou sciences de la terre, par Franck Poupeau (Le Monde diplomatique, mars 2025)"},"content":{"rendered":"<p> <br \/>\n<\/p>\n<div couleurfade=\"e9ebe5\" couleurclaire=\"e6e9e1\" couleurpale=\"d4e4b3\" couleurmi=\"6b7655\" couleurfoncee=\"597325\" couleursombre=\"1a1d15\" couleurfond=\"54574c\" couleurtexte=\"ffffff\">\n<p><span class=\"mot-lettrine\"><span class=\"lettrine\">L\u2019<\/span>historien<\/span> des sciences S\u00e9bastien Dutreuil consacre un imposant ouvrage \u00e0 \u00ab<small class=\"fine\">\u00a0<\/small>Ga\u00efa<small class=\"fine\">\u00a0<\/small>\u00bb<span class=\"spip_note_ref\">\u00a0(<a target=\"_blank\" href=\"http:\/\/www.monde-diplomatique.fr\/2025\/03\/POUPEAU\/68128#nb1\" class=\"spip_note\" rel=\"appendix\" title=\"S\u00e9bastien Dutreuil, Ga\u00efa, Terre vivante. Histoire d\u2019une nouvelle conception de\u00a0(...)\" id=\"nh1\">1<\/a>)<\/span>. Empruntant son nom \u00e0 la d\u00e9esse grecque de la Terre, cette notion est utilis\u00e9e pour d\u00e9signer le syst\u00e8me autor\u00e9gul\u00e9 regroupant l\u2019ensemble des interactions entre les \u00eatres vivants et leur environnement global. <i>\u00ab<small class=\"fine\">\u00a0<\/small>L\u2019histoire de Ga\u00efa est celle de la constitution de cette nouvelle plan\u00e8te et de ses effets scientifiques, philosophiques, culturels et politiques<small class=\"fine\">\u00a0<\/small>\u00bb.<\/i><\/p>\n<figure class=\"spip_document_34191 spip_documents spip_documents_right\" style=\"float:right; width:200px;\">\n<div class=\"limage\">\n<p>            <img loading=\"lazy\" decoding=\"async\" src=\"https:\/\/www.monde-diplomatique.fr\/\/local\/cache-vignettes\/L200xH312\/gaiaterrevivante-1fa12.jpg?1740501486\" width=\"200\" alt=\"\" height=\"312\"\/><\/p><\/div>\n<\/figure>\n<p>La \u00ab<small class=\"fine\">\u00a0<\/small>Terre vivante<small class=\"fine\">\u00a0<\/small>\u00bb, expose Dutreuil, est autant une hypoth\u00e8se qu\u2019un nouveau programme de recherche ancr\u00e9 depuis plusieurs d\u00e9cennies au c\u0153ur des sciences du syst\u00e8me Terre (SST). Au-del\u00e0 de la figure parfois ambigu\u00eb de l\u2019un de ses principaux th\u00e9oriciens, James Lovelock, \u00e0 la fois entrepreneur et savant, Dutreuil reconstitue minutieusement les nombreuses controverses scientifiques qui ont permis de promouvoir Ga\u00efa comme une <i>\u00ab<small class=\"fine\">\u00a0<\/small>philosophie de la nature alternative \u00e0 une modernit\u00e9 responsable de la crise contemporaine<small class=\"fine\">\u00a0<\/small>\u00bb<\/i>\u00a0: la science moderne est ainsi rendue coupable d\u2019une vision m\u00e9canique de la nature, qu\u2019il s\u2019agirait seulement de dominer et de g\u00e9rer comme une ressource. Si l\u2019hypoth\u00e8se Ga\u00efa \u2014 \u00e0 l\u2019origine de l\u2019International Geosphere Biosphere Programme (IGBP, 1987-2015), d\u2019o\u00f9 na\u00eetront les th\u00e8ses de l\u2019anthropoc\u00e8ne et du point de bascule \u2014 a eu une influence sur les fa\u00e7ons de penser l\u2019environnement et en particulier sur la vision d\u2019un nouveau r\u00e9gime climatique, le livre de Dutreuil permet surtout de mesurer l\u2019ampleur du bouleversement des savoirs dans le domaine des sciences de la Terre.<\/p>\n<p>Le recours \u00e0 Ga\u00efa peut ainsi \u00eatre articul\u00e9 \u00e0 la notion de zone critique\u00a0: issue de la transformation des min\u00e9raux au contact de l\u2019oxyg\u00e8ne, du dioxyde de carbone et de l\u2019eau \u00e0 la surface de la Terre, la zone critique est en quelque sorte le si\u00e8ge de la vie, au sens o\u00f9 elle d\u00e9finit des conditions d\u2019habitabilit\u00e9 tr\u00e8s sp\u00e9cifiques, qui sont expos\u00e9es avec clart\u00e9 et pr\u00e9cision par le g\u00e9ochimiste J\u00e9r\u00f4me Gaillardet<span class=\"spip_note_ref\">\u00a0(<a target=\"_blank\" href=\"http:\/\/www.monde-diplomatique.fr\/2025\/03\/POUPEAU\/68128#nb2\" class=\"spip_note\" rel=\"appendix\" title=\"J\u00e9r\u00f4me Gaillardet, La Terre habitable. Ou l\u2019\u00e9pop\u00e9e de la zone critique, La\u00a0(...)\" id=\"nh2\">2<\/a>)<\/span>. La mise \u00e0 disposition de ces savoirs r\u00e9v\u00e8le que l\u2019\u00e9cologie a sans doute moins besoin de m\u00e9taphores \u00ab<small class=\"fine\">\u00a0<\/small>terrestres<small class=\"fine\">\u00a0<\/small>\u00bb que d\u2019une autre diffusion des sciences de la Terre, susceptible d\u2019alimenter des r\u00e9flexions collectives sur les politiques du vivant \u00e0 partir de la compr\u00e9hension des cycles biog\u00e9ochimiques.<\/p>\n<figure class=\"spip_document_34192 spip_documents spip_documents_left\" style=\"float:left; width:200px;\">\n<div class=\"limage\">\n<p>            <img loading=\"lazy\" decoding=\"async\" src=\"https:\/\/www.monde-diplomatique.fr\/\/local\/cache-vignettes\/L200xH327\/laterrehabitable-b353b.jpg?1740501486\" width=\"200\" alt=\"\" height=\"327\"\/><\/p><\/div>\n<\/figure>\n<p>Plut\u00f4t qu\u2019une remise en cause de l\u2019objectivit\u00e9 scientifique telle qu\u2019elle est pratiqu\u00e9e dans certaines pens\u00e9es de l\u2019\u00e9cologie, ces deux livres rappellent la n\u00e9cessit\u00e9 de d\u00e9fendre des infrastructures de recherche communes contre la science pratiqu\u00e9e de fa\u00e7on individuelle et concurrentielle, pour explorer cette interface instable, en permanente transformation et pourtant indispensable \u00e0 l\u2019habitabilit\u00e9 de la plan\u00e8te, con\u00e7ue comme un effet des interactions du vivant et des milieux abiotiques (c\u2019est-\u00e0-dire o\u00f9 la vie est impossible) au sein de la zone critique. Au moment o\u00f9 les institutions de recherche font l\u2019objet d\u2019attaques sans pr\u00e9c\u00e9dent contre leur autonomie, les politiques du savoir et de leur diffusion se r\u00e9v\u00e8lent plus que jamais un point d\u2019ancrage indispensable des politiques \u00e9cologiques.<\/p>\n<\/p><\/div>\n<p><br \/>\n<br \/><a href=\"https:\/\/www.monde-diplomatique.fr\/2025\/03\/POUPEAU\/68128\" target=\"_blank\"\">Source link <\/a><\/p>\n","protected":false},"excerpt":{"rendered":"<p>L\u2019historien des sciences S\u00e9bastien Dutreuil consacre un imposant ouvrage \u00e0 \u00ab\u00a0Ga\u00efa\u00a0\u00bb\u00a0(1). Empruntant son nom \u00e0 la d\u00e9esse grecque de la Terre, cette notion est utilis\u00e9e pour d\u00e9signer le syst\u00e8me autor\u00e9gul\u00e9&hellip; <\/p>\n","protected":false},"author":1,"featured_media":3539,"comment_status":"open","ping_status":"open","sticky":false,"template":"","format":"standard","meta":{"footnotes":""},"categories":[1],"tags":[],"class_list":["post-3538","post","type-post","status-publish","format-standard","has-post-thumbnail","hentry","category-non-classe"],"_links":{"self":[{"href":"https:\/\/monde25.info\/index.php\/wp-json\/wp\/v2\/posts\/3538","targetHints":{"allow":["GET"]}}],"collection":[{"href":"https:\/\/monde25.info\/index.php\/wp-json\/wp\/v2\/posts"}],"about":[{"href":"https:\/\/monde25.info\/index.php\/wp-json\/wp\/v2\/types\/post"}],"author":[{"embeddable":true,"href":"https:\/\/monde25.info\/index.php\/wp-json\/wp\/v2\/users\/1"}],"replies":[{"embeddable":true,"href":"https:\/\/monde25.info\/index.php\/wp-json\/wp\/v2\/comments?post=3538"}],"version-history":[{"count":0,"href":"https:\/\/monde25.info\/index.php\/wp-json\/wp\/v2\/posts\/3538\/revisions"}],"wp:featuredmedia":[{"embeddable":true,"href":"https:\/\/monde25.info\/index.php\/wp-json\/wp\/v2\/media\/3539"}],"wp:attachment":[{"href":"https:\/\/monde25.info\/index.php\/wp-json\/wp\/v2\/media?parent=3538"}],"wp:term":[{"taxonomy":"category","embeddable":true,"href":"https:\/\/monde25.info\/index.php\/wp-json\/wp\/v2\/categories?post=3538"},{"taxonomy":"post_tag","embeddable":true,"href":"https:\/\/monde25.info\/index.php\/wp-json\/wp\/v2\/tags?post=3538"}],"curies":[{"name":"wp","href":"https:\/\/api.w.org\/{rel}","templated":true}]}}