{"id":354,"date":"2024-11-17T23:54:43","date_gmt":"2024-11-17T22:54:43","guid":{"rendered":"https:\/\/monde25.info\/index.php\/2024\/11\/17\/une-proposition-de-loi-pour-empecher-les-greves-sncf-a-noel\/"},"modified":"2024-11-17T23:54:43","modified_gmt":"2024-11-17T22:54:43","slug":"une-proposition-de-loi-pour-empecher-les-greves-sncf-a-noel","status":"publish","type":"post","link":"https:\/\/monde25.info\/index.php\/2024\/11\/17\/une-proposition-de-loi-pour-empecher-les-greves-sncf-a-noel\/","title":{"rendered":"Une proposition de loi pour emp\u00eacher les gr\u00e8ves SNCF \u00e0 No\u00ebl"},"content":{"rendered":"<p> <br \/>\n<\/p>\n<div>\n<p><strong>Un No\u00ebl avec des trains ? C\u2019est le v\u0153u pieux de certains \u00e9lus, bien d\u00e9cid\u00e9s \u00e0 restreindre le droit de gr\u00e8ve dans les transports. Alors que les syndicats de la SNCF envisagent de nouveaux pr\u00e9avis pour d\u00e9noncer l\u2019ouverture des lignes r\u00e9gionales \u00e0 la concurrence, le s\u00e9nateur LR Philippe Tabarot a exhort\u00e9 le gouvernement \u00e0 adopter une proposition de loi qui vise \u00e0 interdire la gr\u00e8ve durant certaines p\u00e9riodes strat\u00e9giques.<\/strong><\/p>\n<p>Il faut \u00ab\u202fbriser le tabou\u202f\u00bb, selon Tabarot. Comme le rapporte <em>Public S\u00e9nat<\/em>, \u00ab\u00a0la proposition de loi donne la possibilit\u00e9 au gouvernement de d\u00e9finir par d\u00e9cret 30 jours par an, durant lesquels les personnels des services publics de transport n\u2019auraient pas la possibilit\u00e9 de faire gr\u00e8ve. Cette interdiction est limit\u00e9e \u00e0 sept jours glissants.\u00a0\u00bb L&rsquo;id\u00e9e est simple : faire en sorte que des p\u00e9riodes telles que celle de No\u00ebl soient \u00ab\u202fsanctuaris\u00e9es\u202f\u00bb.\u00a0<\/p>\n<p>Port\u00e9e par le s\u00e9nateur centriste Herv\u00e9 Marseille, la mesure est applaudie par les d\u00e9fenseurs d\u2019une continuit\u00e9 des services publics, mais h\u00e9risse la gauche, pour qui cela \u00ab\u202fporte atteinte \u00e0 un droit fondamental\u202f\u00bb. <em>Public S\u00e9nat<\/em> rappelle que m\u00eame le gouvernement, prudent face \u00e0 d\u2019\u00e9ventuels recours constitutionnels, n\u2019avait pas inscrit ce texte \u00e0 l\u2019Assembl\u00e9e nationale.<\/p>\n<p>Le ministre des Transports, Fran\u00e7ois Durovray, s&rsquo;est d\u00e9fil\u00e9 en se reposant sur \u00ab\u202fla capacit\u00e9 de dialogue des syndicats\u202f\u00bb. Entre les partisans de la libert\u00e9 syndicale et ceux qui pr\u00f4nent la protection des usagers, le d\u00e9bat d\u00e9passe la simple logistique ferroviaire : il touche au droit de gr\u00e8ve, constitutionnel, et quelque part, \u00e0 la libert\u00e9 de circulation, et \u00e0 la solidarit\u00e9.<\/p>\n<\/div>\n<p><script>(function(d, s, id) {  var js, fjs = d.getElementsByTagName(s)[0];  if (d.getElementById(id)) return;  js = d.createElement(s); js.id = id;  js.src = \"\/\/connect.facebook.net\/fr_FR\/sdk.js#xfbml=1&version=v2.3\";  fjs.parentNode.insertBefore(js, fjs);}(document, \"script\", \"facebook-jssdk\"));<\/script><br \/>\n<br \/><br \/>\n<br \/><a href=\"https:\/\/www.francesoir.fr\/politique-france\/une-proposition-de-loi-pour-empecher-les-greves-sncf-noel\" target=\"_blank\"\">Source link <\/a><\/p>\n","protected":false},"excerpt":{"rendered":"<p>Un No\u00ebl avec des trains ? C\u2019est le v\u0153u pieux de certains \u00e9lus, bien d\u00e9cid\u00e9s \u00e0 restreindre le droit de gr\u00e8ve dans les transports. Alors que les syndicats de la&hellip; <\/p>\n","protected":false},"author":1,"featured_media":355,"comment_status":"open","ping_status":"open","sticky":false,"template":"","format":"standard","meta":{"footnotes":""},"categories":[1],"tags":[],"class_list":["post-354","post","type-post","status-publish","format-standard","has-post-thumbnail","hentry","category-non-classe"],"_links":{"self":[{"href":"https:\/\/monde25.info\/index.php\/wp-json\/wp\/v2\/posts\/354","targetHints":{"allow":["GET"]}}],"collection":[{"href":"https:\/\/monde25.info\/index.php\/wp-json\/wp\/v2\/posts"}],"about":[{"href":"https:\/\/monde25.info\/index.php\/wp-json\/wp\/v2\/types\/post"}],"author":[{"embeddable":true,"href":"https:\/\/monde25.info\/index.php\/wp-json\/wp\/v2\/users\/1"}],"replies":[{"embeddable":true,"href":"https:\/\/monde25.info\/index.php\/wp-json\/wp\/v2\/comments?post=354"}],"version-history":[{"count":0,"href":"https:\/\/monde25.info\/index.php\/wp-json\/wp\/v2\/posts\/354\/revisions"}],"wp:featuredmedia":[{"embeddable":true,"href":"https:\/\/monde25.info\/index.php\/wp-json\/wp\/v2\/media\/355"}],"wp:attachment":[{"href":"https:\/\/monde25.info\/index.php\/wp-json\/wp\/v2\/media?parent=354"}],"wp:term":[{"taxonomy":"category","embeddable":true,"href":"https:\/\/monde25.info\/index.php\/wp-json\/wp\/v2\/categories?post=354"},{"taxonomy":"post_tag","embeddable":true,"href":"https:\/\/monde25.info\/index.php\/wp-json\/wp\/v2\/tags?post=354"}],"curies":[{"name":"wp","href":"https:\/\/api.w.org\/{rel}","templated":true}]}}