{"id":3540,"date":"2025-02-28T20:31:37","date_gmt":"2025-02-28T19:31:37","guid":{"rendered":"https:\/\/monde25.info\/index.php\/2025\/02\/28\/ladministration-trump-licencie-pres-de-900-employes-de-lagence-pour-le-climat\/"},"modified":"2025-02-28T20:31:37","modified_gmt":"2025-02-28T19:31:37","slug":"ladministration-trump-licencie-pres-de-900-employes-de-lagence-pour-le-climat","status":"publish","type":"post","link":"https:\/\/monde25.info\/index.php\/2025\/02\/28\/ladministration-trump-licencie-pres-de-900-employes-de-lagence-pour-le-climat\/","title":{"rendered":"L\u2019administration Trump licencie pr\u00e8s de 900 employ\u00e9s de l\u2019agence pour le climat"},"content":{"rendered":"<p> <br \/>\n<\/p>\n<div style=\"position:relative;\">\n        <picture><source type=\"image\/webp\" srcset=\"https:\/\/reporterre.net\/local\/cache-vignettes\/L720xH480\/usdead-94373.jpg@.webp?1740760972\"><img loading=\"lazy\" decoding=\"async\" src=\"https:\/\/reporterre.net\/local\/cache-vignettes\/L720xH480\/usdead-94373.jpg?1740760972\" width=\"720\" height=\"480\" alt=\"L'administration Trump licencie pr\u00e8s de 900 employ\u00e9s de l'agence pour le climat\" class=\"image_logo voir_logo\"\/><\/p>\n<p><\/source><\/picture>\n<p class=\"legende_logo\">Centre national de pr\u00e9vision m\u00e9t\u00e9orologique et climatique <span class=\"copyright_logo\">&#8211; National Oceanic and Atmospheric Administration \/ Domaine public<\/span><\/p>\n<p class=\"legende_logo_480\">Centre national de pr\u00e9vision m\u00e9t\u00e9orologique et climatique <span class=\"copyright_logo\">&#8211; National Oceanic and Atmospheric Administration \/ Domaine public<\/span><\/p>\n<\/p><\/div>\n<div>\n        <span class=\"date\">28 f\u00e9vrier 2025  \u00e0 17h42<\/span><\/p>\n<p class=\"duree_lecture\">\n        Dur\u00e9e de lecture : 1 minute\n      <\/p>\n<\/p><\/div>\n<div>\n<p>La campagne de licenciements massifs de fonctionnaires \u00e9tasuniens n\u2019en finit plus. Apr\u00e8s les <a target=\"_blank\" href=\"https:\/\/reporterre.net\/Trump-supprime-des-milliers-d-emplois-dans-les-parcs-nationaux-et-les-forets\">employ\u00e9s des parcs nationaux<\/a>, ceux de la s\u00fbret\u00e9 nucl\u00e9aire ou de l\u2019agence d\u2019aide au d\u00e9veloppement (<span class=\"caps\">USAID<\/span>), cette fois, l\u2019administration de Donald Trump s\u2019en prend \u00e0 l\u2019Administration oc\u00e9anique et atmosph\u00e9rique nationale (<span class=\"caps\">NOAA<\/span>), l\u2019instance qui traque les ouragans et autres catastrophes m\u00e9t\u00e9orologiques.<\/p>\n<p><a target=\"_blank\" href=\"https:\/\/www.cbsnews.com\/news\/noaa-layoffs-trump-musk-doge\/\" class=\"spip_out\" rel=\"external\">Plus de 880\u00a0travailleurs<\/a> de l\u2019agence ont \u00e9t\u00e9 licenci\u00e9s jeudi 27\u00a0f\u00e9vrier, selon la cha\u00eene <span class=\"caps\">CBS<\/span> News. Avant les r\u00e9ductions, la <span class=\"caps\">NOAA<\/span>, qui est l\u2019une des agences de recherche scientifique les plus importantes au monde, comptait environ 12\u00a0000 employ\u00e9s, dont 6\u00a0773 scientifiques et ing\u00e9nieurs.<\/p>\n<h2 class=\"spip\">Une purge qui \u00ab<small class=\"fine d-inline\">\u00a0<\/small>co\u00fbtera des vies<small class=\"fine d-inline\">\u00a0<\/small>\u00bb<\/h2>\n<p>Au sein des diff\u00e9rents services, ils travaillent sur le climat, les sciences de l\u2019atmosph\u00e8re, les oc\u00e9ans, l\u2019Arctique ou encore les feux de for\u00eat et collaborent r\u00e9guli\u00e8rement avec le Giec. L\u2019agence abrite \u00e9galement le National Weather Service (<span class=\"caps\">NWS<\/span>), le service de pr\u00e9visions m\u00e9t\u00e9orologiques \u00e9tasunien qui fournit des pr\u00e9visions pr\u00e9cises, des alertes m\u00e9t\u00e9orologiques et des informations d\u2019urgence.<\/p>\n<p><i>\u00ab<small class=\"fine d-inline\">\u00a0<\/small>Purger le gouvernement des scientifiques, des experts et des fonctionnaires de carri\u00e8re et r\u00e9duire les programmes fondamentaux co\u00fbtera des vies<small class=\"fine d-inline\">\u00a0<\/small>\u00bb<\/i>, a d\u00e9nonc\u00e9 Jared Huffman.<\/p>\n<aside class=\"boite_encarts\">\n<div class=\"encart encart_gris noprint\">\n<p><strong>Puisque vous \u00eates l\u00e0&#8230;<\/strong><\/p>\n<p>&#8230; nous avons un petit service \u00e0 vous demander.<br class=\"autobr\"\/><br \/>\nEntre la pr\u00e9sence d\u2019un climatosceptique \u00e0 la t\u00eate de la premi\u00e8re puissance mondiale, un gouvernement fran\u00e7ais qui flirte avec l\u2019extr\u00eame-droite, et les catastrophes climatiques qui s\u2019enchainent&#8230; Faire vivre l\u2019\u00e9cologie dans le d\u00e9bat public est un enjeu crucial.<\/p>\n<p>Personne ne modifie ce que nous publions. Nous n\u2019avons ni actionnaire, ni propri\u00e9taire milliardaire \u2014 seulement une \u00e9quipe d\u2019irr\u00e9ductibles journalistes, pleine de d\u00e9termination.<\/p>\n<p>Nous avons la conviction que l\u2019urgence \u00e9cologique est l\u2019enjeu majeur de notre \u00e9poque. Et comme plus de 2 millions de lectrices et lecteurs chaque mois, vous partagez sans doute cette conviction&#8230;<\/p>\n<p><strong>Depuis 12 ans, nous publions des articles de qualit\u00e9 sur l\u2019\u00e9cologie, en acc\u00e8s libre et sans publicit\u00e9, pour tous.<\/strong><br class=\"autobr\"\/><br \/>\nMais ce travail demande beaucoup de temps et de ressources.<\/p>\n<p>Alors, si vous en avez les moyens, sachez qu\u2019un don, m\u00eame d\u20191\u20ac, est un acte de soutien fort pour l\u2019\u00e9cologie et le journalisme ind\u00e9pendant.<br class=\"autobr\"\/><br \/>\n(Et \u00e7a vous prendra moins de temps que la lecture de ce texte).<\/p>\n<p><strong>Si vous le pouvez, choisissez un soutien mensuel. Merci.<\/strong><\/p>\n<p><a target=\"_blank\" href=\"https:\/\/reporterre.net\/dons\" class=\"bt_soutenir\">Je soutiens <i>Reporterre<\/i><\/a><\/p>\n<\/p><\/div>\n<div class=\"encart encart_vert noprint montre_1023\">\n<div class=\"infolettre-form-container noprint\">\n<p>Abonnez-vous \u00e0 la lettre d\u2019info de Reporterre<\/p>\n<\/div><\/div>\n<\/aside>\n<aside class=\"boite_apresarticle encart_note\">\n<h4>Apr\u00e8s cet article<\/h4>\n<p>      <a target=\"_blank\" href=\"https:\/\/reporterre.net\/Trump-veut-relancer-les-travaux-de-l-oleoduc-Keystone-XL\" class=\"lien_article\">\n      <picture class=\"vignette_gauche\"><source type=\"image\/webp\" srcset=\"https:\/\/reporterre.net\/local\/cache-vignettes\/L450xH300\/8737199795_345b28f3ed_k_1_-6db03.jpg@.webp?1740586380\"><img decoding=\"async\" src=\"https:\/\/reporterre.net\/local\/cache-vignettes\/L450xH300\/8737199795_345b28f3ed_k_1_-6db03.jpg?1740586380\" width=\"450\" height=\"300\" alt=\"\" class=\"marge12\" loading=\"lazy\"\/><br \/>\n<\/source><\/picture>\n<p class=\"libelle\">\n<p>      \u00c9nergie\n    <\/p>\n<p class=\"titre pol20\">Trump veut relancer les travaux de l\u2019ol\u00e9oduc Keystone <span class=\"caps\">XL<\/span><\/p>\n<p>      <\/a><br \/>\n    <\/aside>\n<aside class=\"boite_complement texte\">\n<p>      <!-- zone_forum --><br \/>\n          <\/aside>\n<aside class=\"boite_lireaussi noprint\">\n<\/aside>\n<aside class=\"colonne\">\n<div class=\"article_info cache_1023 noprint\">\n        <span class=\"date\">28 f\u00e9vrier 2025  \u00e0 17h42<\/span><\/p>\n<p class=\"duree_lecture\">\n        Dur\u00e9e de lecture : 1 minute\n      <\/p>\n<\/p><\/div>\n<div class=\"bloc_infolettre\">\n<div class=\"infolettre-form-container noprint\">\n<p>Abonnez-vous \u00e0 la lettre d\u2019info de Reporterre<\/p>\n<\/div><\/div>\n<\/aside>\n<div id=\"galerie\">\n  <img decoding=\"async\" src=\"\" class=\"principale\" id=\"principale\"\/><\/p>\n<p id=\"legende\">legende<\/p>\n<\/div>\n<footer class=\"noprint\">\n<\/footer>\n<\/div>\n<p><br \/>\n<br \/><a href=\"https:\/\/reporterre.net\/L-administration-Trump-licencie-pres-de-900-employes-de-l-agence-pour-le-climat\" target=\"_blank\"\">Source link <\/a><\/p>\n","protected":false},"excerpt":{"rendered":"<p>Centre national de pr\u00e9vision m\u00e9t\u00e9orologique et climatique &#8211; National Oceanic and Atmospheric Administration \/ Domaine public Centre national de pr\u00e9vision m\u00e9t\u00e9orologique et climatique &#8211; National Oceanic and Atmospheric Administration \/&hellip; <\/p>\n","protected":false},"author":1,"featured_media":3541,"comment_status":"open","ping_status":"open","sticky":false,"template":"","format":"standard","meta":{"footnotes":""},"categories":[1],"tags":[],"class_list":["post-3540","post","type-post","status-publish","format-standard","has-post-thumbnail","hentry","category-non-classe"],"_links":{"self":[{"href":"https:\/\/monde25.info\/index.php\/wp-json\/wp\/v2\/posts\/3540","targetHints":{"allow":["GET"]}}],"collection":[{"href":"https:\/\/monde25.info\/index.php\/wp-json\/wp\/v2\/posts"}],"about":[{"href":"https:\/\/monde25.info\/index.php\/wp-json\/wp\/v2\/types\/post"}],"author":[{"embeddable":true,"href":"https:\/\/monde25.info\/index.php\/wp-json\/wp\/v2\/users\/1"}],"replies":[{"embeddable":true,"href":"https:\/\/monde25.info\/index.php\/wp-json\/wp\/v2\/comments?post=3540"}],"version-history":[{"count":0,"href":"https:\/\/monde25.info\/index.php\/wp-json\/wp\/v2\/posts\/3540\/revisions"}],"wp:featuredmedia":[{"embeddable":true,"href":"https:\/\/monde25.info\/index.php\/wp-json\/wp\/v2\/media\/3541"}],"wp:attachment":[{"href":"https:\/\/monde25.info\/index.php\/wp-json\/wp\/v2\/media?parent=3540"}],"wp:term":[{"taxonomy":"category","embeddable":true,"href":"https:\/\/monde25.info\/index.php\/wp-json\/wp\/v2\/categories?post=3540"},{"taxonomy":"post_tag","embeddable":true,"href":"https:\/\/monde25.info\/index.php\/wp-json\/wp\/v2\/tags?post=3540"}],"curies":[{"name":"wp","href":"https:\/\/api.w.org\/{rel}","templated":true}]}}