{"id":3542,"date":"2025-02-28T21:04:51","date_gmt":"2025-02-28T20:04:51","guid":{"rendered":"https:\/\/monde25.info\/index.php\/2025\/02\/28\/ou-en-sont-les-femmes-afghanes\/"},"modified":"2025-02-28T21:04:51","modified_gmt":"2025-02-28T20:04:51","slug":"ou-en-sont-les-femmes-afghanes","status":"publish","type":"post","link":"https:\/\/monde25.info\/index.php\/2025\/02\/28\/ou-en-sont-les-femmes-afghanes\/","title":{"rendered":"o\u00f9 en sont les femmes afghanes ?"},"content":{"rendered":"<p> <br \/>\n<\/p>\n<div>\n<h4><b style=\"color: var(--td_text_color, #111111); font-size: 19px;\">En Afghanistan, depuis la prise de Kaboul tr\u00e8s m\u00e9diatis\u00e9e de 2021, les femmes afghanes font face aux r\u00e9pressions des talibans. Or, le sujet semble avoir disparu des plateaux TV. Le point sur leur condition en 2025.\u00a0<\/b><\/h4>\n<p>En Afghanistan, dans le silence international, les femmes continuent de se battre pour conserver <a target=\"_blank\" href=\"https:\/\/mrmondialisation.org\/afghanistan-femme\/\">le peu de droits qui leur restent,<\/a> adh\u00e9rant activement \u00e0 <strong>des mouvements de contestation.<\/strong><\/p>\n<p>Alors que sonne 2025, les am\u00e9liorations demand\u00e9es par les femmes sont encore <a target=\"_blank\" href=\"https:\/\/mrmondialisation.org\/afghanistan-la-condition-des-femmes-saggrave\/\">bien loin d\u2019\u00eatre entendues.<\/a> Pour leur donner plus de visibilit\u00e9, entretien crois\u00e9 avec les porte-paroles <strong>Marwan Marof Arwin de <a target=\"_blank\" href=\"https:\/\/awcswo.org\/\">Women\u2019s and Children Strengthen Welfare Organization<\/a><\/strong> et<strong> Sabira Abkhari de <a target=\"_blank\" href=\"https:\/\/www.instagram.com\/afghanwomensjustice\/reels\/\">l\u2019Afghan Women for justice movement.\u00a0<\/a><\/strong><\/p>\n<h2><strong>Entretiens<\/strong><\/h2>\n<h4><b>Mr Mondialisation : Quels sont vos objectifs en 2024, o\u00f9 les r\u00e9pressions et violences continuent d\u2019avoir lieu \u00e0 l\u2019encontre des femmes afghanes ?<\/b><\/h4>\n<figure id=\"attachment_715709\" aria-describedby=\"caption-attachment-715709\" style=\"width: 2000px\" class=\"wp-caption alignnone\"><img fetchpriority=\"high\" decoding=\"async\" class=\"size-full wp-image-715709\" src=\"https:\/\/mrmondialisation.org\/wp-content\/uploads\/2025\/02\/1-1.jpg\" alt=\"\" width=\"2000\" height=\"2459\" srcset=\"https:\/\/mrmondialisation.org\/wp-content\/uploads\/2025\/02\/1-1.jpg 2000w, https:\/\/mrmondialisation.org\/wp-content\/uploads\/2025\/02\/1-1-833x1024.jpg 833w, https:\/\/mrmondialisation.org\/wp-content\/uploads\/2025\/02\/1-1-1240x1524.jpg 1240w, https:\/\/mrmondialisation.org\/wp-content\/uploads\/2025\/02\/1-1-768x944.jpg 768w, https:\/\/mrmondialisation.org\/wp-content\/uploads\/2025\/02\/1-1-1249x1536.jpg 1249w, https:\/\/mrmondialisation.org\/wp-content\/uploads\/2025\/02\/1-1-1666x2048.jpg 1666w, https:\/\/mrmondialisation.org\/wp-content\/uploads\/2025\/02\/1-1-696x856.jpg 696w, https:\/\/mrmondialisation.org\/wp-content\/uploads\/2025\/02\/1-1-1068x1313.jpg 1068w, https:\/\/mrmondialisation.org\/wp-content\/uploads\/2025\/02\/1-1-342x420.jpg 342w\" sizes=\"(max-width: 2000px) 100vw, 2000px\"\/><figcaption id=\"caption-attachment-715709\" class=\"wp-caption-text\">@Marwan Marof\/Partag\u00e9e avec toutes autorisations<\/figcaption><\/figure>\n<p><b>Women\u2019s and Children Strengthen Welfare Organization : <\/b><em><span style=\"font-weight: 400;\">Je m\u2019appelle Marwan Marof Arwin. Je suis pr\u00e9sidente de l\u2019Organisation Afghane de renforcement du bien-\u00eatre des femmes et des enfants (AWCSWO) prodiguant <strong>des services aux personnes souffrantes, violent\u00e9es et priv\u00e9es de leurs droits et libert\u00e9s.<\/strong> Afin de renforcer le bien-\u00eatre et le confort des femmes et des enfants touch\u00e9s par la violence, nous n\u2019avons \u00e9pargn\u00e9 aucun effort.<\/span><\/em><\/p>\n<blockquote>\n<p><strong><em>\u00ab\u00a0Depuis l\u2019ann\u00e9e derni\u00e8re, nous nous sommes engag\u00e9s encore plus en multipliant les manifestations non violentes\u00a0\u00bb<\/em><\/strong><\/p>\n<\/blockquote>\n<p><em><span style=\"font-weight: 400;\">Nous d\u00e9fendons<strong> le droit \u00e0 une \u00e9galit\u00e9 exempte de discrimination dans tous les domaines de la vie : \u00e9galit\u00e9, de genre, familiale, sociale, \u00e9conomique et politique.<\/strong> Les femmes et les enfants afghans, part vuln\u00e9rable de la soci\u00e9t\u00e9, ont toujours \u00e9t\u00e9 touch\u00e9s par la guerre et la violence dans l\u2019indiff\u00e9rence. Depuis l\u2019ann\u00e9e derni\u00e8re, nous nous sommes engag\u00e9s encore plus<strong> en multipliant les manifestations non violentes.<\/strong> Je continue \u00e0 communiquer sur toutes mes actions sur les r\u00e9seaux sociaux locaux tout en agissant au quotidien aupr\u00e8s des femmes en situation de fragilit\u00e9.<\/span><\/em><\/p>\n<figure id=\"attachment_715715\" aria-describedby=\"caption-attachment-715715\" style=\"width: 945px\" class=\"wp-caption alignnone\"><img loading=\"lazy\" decoding=\"async\" class=\"size-full wp-image-715715\" src=\"https:\/\/mrmondialisation.org\/wp-content\/uploads\/2025\/02\/2.jpg\" alt=\"\" width=\"945\" height=\"572\" srcset=\"https:\/\/mrmondialisation.org\/wp-content\/uploads\/2025\/02\/2.jpg 945w, https:\/\/mrmondialisation.org\/wp-content\/uploads\/2025\/02\/2-768x465.jpg 768w, https:\/\/mrmondialisation.org\/wp-content\/uploads\/2025\/02\/2-696x421.jpg 696w, https:\/\/mrmondialisation.org\/wp-content\/uploads\/2025\/02\/2-694x420.jpg 694w\" sizes=\"auto, (max-width: 945px) 100vw, 945px\"\/><figcaption id=\"caption-attachment-715715\" class=\"wp-caption-text\">@Marwan Marof\/Partag\u00e9e avec toutes autorisations<\/figcaption><\/figure>\n<p><b>Afghan women for justice movement : <\/b><em><span style=\"font-weight: 400;\">Je suis Sabira Abkari, militante des droits des femmes, ancienne activiste \u00e9conomique et ancienne entrepreneuse de la province de Daykundi en Afghanistan. En 2016, je suis devenue membre de <strong>la Chambre de Commerce et d\u2019Industrie des Femmes Afghanes (AWCCI).<\/strong> <\/span><\/em><\/p>\n<p><em><span style=\"font-weight: 400;\">J\u2019ai progressivement voulu<strong> autonomiser les femmes<\/strong> et les aider dans cette d\u00e9marche. Je crois que toutes les femmes doivent gagner en puissance par le biais de <strong>l\u2019autosuffisance \u00e9conomique.<\/strong> Lorsque les talibans ont pris le contr\u00f4le de l\u2019Afghanistan, en ao\u00fbt 2021, j\u2019ai rejoint les manifestations de femmes contre leur prise de pouvoir.\u00a0<\/span><\/em><\/p>\n<p><em><span style=\"font-weight: 400;\">Un certain nombre de femmes qui m\u2019entouraient ont cr\u00e9\u00e9 un mouvement dirig\u00e9 par des femmes qui s\u2019appelle <strong>le Mouvement des femmes afghanes pour la justice (AWJM)<\/strong> dont j\u2019ai rapidement fait partie. Maintenant, je suis<\/span><span style=\"font-weight: 400;\"> membre <\/span><span style=\"font-weight: 400;\">du conseil de direction de l\u2019AWJM. <strong>J\u2019ai organis\u00e9 de nombreuses<\/strong> <strong>manifestations ext\u00e9rieures et int\u00e9rieures contre les talibans en Afghanistan et au Pakistan.<\/strong> Je r\u00e9colte de l\u2019informations sur toutes les manifestations de femmes pour les relayer.<\/span><\/em><\/p>\n<blockquote>\n<p><strong><em>\u00ab\u00a0En plus de nombreuses manifestations, nous avons ouvert plusieurs \u00e9coles secr\u00e8tes pour les filles qui ne sont pas autoris\u00e9es \u00e0 \u00e9tudier\u00a0\u00bb<\/em><\/strong><\/p>\n<\/blockquote>\n<p><em><span style=\"font-weight: 400;\">Entre ao\u00fbt 2021 et f\u00e9vrier 2022, j\u2019ai particip\u00e9 \u00e0 toutes les manifestations de femmes contre les talibans en \u00e9tant l\u2019une des principales organisatrices de ces manifestations. Malheureusement en mars 2022, <strong>j\u2019ai d\u00fb quitter le pays en raison de la menace grandissante des talibans.<\/strong> En plus de nombreuses manifestations de rue et \u00e0 domicile, nous avons ouvert<strong> plusieurs \u00e9coles secr\u00e8tes pour les filles<\/strong> qui ne sont pas autoris\u00e9es \u00e0 \u00e9tudier. Nous avons \u00e9galement organis\u00e9 plusieurs<strong> distributions de nourriture et d\u2019argent<\/strong> pour les familles n\u00e9cessiteuses.<\/span>\u00a0<\/em><\/p>\n<blockquote>\n<p><em><span style=\"font-weight: 400;\"><strong>\u00ab\u00a0En 2024, les femmes \u00e9taient toujours priv\u00e9es de travail, d\u2019universit\u00e9, d\u2019\u00e9cole et de gymnase\u00a0\u00bb<\/strong><\/span><\/em><\/p>\n<\/blockquote>\n<p><em><span style=\"font-weight: 400;\">2024 n\u2019a pas \u00e9t\u00e9 une bonne ann\u00e9e pour le peuple afghan, en particulier pour les femmes. <strong>Les femmes \u00e9taient toujours priv\u00e9es de travail, d\u2019universit\u00e9, d\u2019\u00e9cole et de gymnase.<\/strong> Pire encore, les m\u00e9decins et les sages-femmes sont toujours plus cibl\u00e9es. R\u00e9cemment, un certain nombre de manifestants et d\u2019activistes ont \u00e9t\u00e9 <strong>emprisonn\u00e9s et gravement tortur\u00e9s.<\/strong> Nous avons lanc\u00e9 en r\u00e9ponse une entreprise de sensibilisation \u00e0 la s\u00e9curit\u00e9 pour soutenir et \u00e9duquer les filles enceintes en Afghanistan afin que nous puissions <strong>\u00e9duquer les filles mineures sur le mariage dont le mariage forc\u00e9.<\/strong><\/span><\/em><\/p>\n<div class=\"td-a-rec td-a-rec-id-content_inline  tdi_1 td_block_template_1\">\n<span class=\"td-adspot-title\">&#8211; Pour une information libre ! &#8211;<\/span><a target=\"_blank\" href=\"https:\/\/fr.tipeee.com\/mr-mondialisation\" class=\"tipeee-project-small\">Soutenir Mr Japanization sur Tipeee<\/a>\n<\/div>\n<figure id=\"attachment_715710\" aria-describedby=\"caption-attachment-715710\" style=\"width: 1500px\" class=\"wp-caption alignnone\"><img loading=\"lazy\" decoding=\"async\" class=\"size-full wp-image-715710\" src=\"https:\/\/mrmondialisation.org\/wp-content\/uploads\/2025\/02\/3-1.jpg\" alt=\"\" width=\"1500\" height=\"1126\" srcset=\"https:\/\/mrmondialisation.org\/wp-content\/uploads\/2025\/02\/3-1.jpg 1500w, https:\/\/mrmondialisation.org\/wp-content\/uploads\/2025\/02\/3-1-1024x769.jpg 1024w, https:\/\/mrmondialisation.org\/wp-content\/uploads\/2025\/02\/3-1-768x577.jpg 768w, https:\/\/mrmondialisation.org\/wp-content\/uploads\/2025\/02\/3-1-696x522.jpg 696w, https:\/\/mrmondialisation.org\/wp-content\/uploads\/2025\/02\/3-1-1068x802.jpg 1068w, https:\/\/mrmondialisation.org\/wp-content\/uploads\/2025\/02\/3-1-560x420.jpg 560w, https:\/\/mrmondialisation.org\/wp-content\/uploads\/2025\/02\/3-1-80x60.jpg 80w, https:\/\/mrmondialisation.org\/wp-content\/uploads\/2025\/02\/3-1-265x198.jpg 265w\" sizes=\"auto, (max-width: 1500px) 100vw, 1500px\"\/><figcaption id=\"caption-attachment-715710\" class=\"wp-caption-text\">@awsco<\/figcaption><\/figure>\n<h4><b>Mr M : Pourquoi les talibans visent-ils particuli\u00e8rement sur les femmes et d\u2019autres populations plus fragilis\u00e9es ?\u00a0<\/b><\/h4>\n<p><b>Women\u2019s and children strengthen welfare organization : <\/b><em><span style=\"font-weight: 400;\">Les Talibans consid\u00e8rent les femmes comme <strong>subordonn\u00e9es aux hommes<\/strong> et responsables de la pr\u00e9servation de l\u2019honneur de leurs familles en adh\u00e9rant \u00e0 un code de conduite tr\u00e8s strict. <strong>Ils croient qu\u2019en restreignant la libert\u00e9 des femmes et en les maintenant dans l\u2019isolement, ils peuvent ainsi s\u2019assurer que les familles ne seront pas d\u00e9shonor\u00e9es.<\/strong> De plus, ils cherchent \u00e0 contr\u00f4ler les femmes pour mieux maintenir leur pouvoir.<\/span><\/em><\/p>\n<figure id=\"attachment_715711\" aria-describedby=\"caption-attachment-715711\" style=\"width: 1300px\" class=\"wp-caption alignnone\"><img loading=\"lazy\" decoding=\"async\" class=\"size-full wp-image-715711\" src=\"https:\/\/mrmondialisation.org\/wp-content\/uploads\/2025\/02\/4-1.jpg\" alt=\"\" width=\"1300\" height=\"675\" srcset=\"https:\/\/mrmondialisation.org\/wp-content\/uploads\/2025\/02\/4-1.jpg 1300w, https:\/\/mrmondialisation.org\/wp-content\/uploads\/2025\/02\/4-1-1024x532.jpg 1024w, https:\/\/mrmondialisation.org\/wp-content\/uploads\/2025\/02\/4-1-768x399.jpg 768w, https:\/\/mrmondialisation.org\/wp-content\/uploads\/2025\/02\/4-1-696x361.jpg 696w, https:\/\/mrmondialisation.org\/wp-content\/uploads\/2025\/02\/4-1-1068x555.jpg 1068w, https:\/\/mrmondialisation.org\/wp-content\/uploads\/2025\/02\/4-1-809x420.jpg 809w\" sizes=\"auto, (max-width: 1300px) 100vw, 1300px\"\/><figcaption id=\"caption-attachment-715711\" class=\"wp-caption-text\">@Afghan women for justice movement<\/figcaption><\/figure>\n<p><b>Afghan women for justice movement : <\/b><em><span style=\"font-weight: 400;\">En Afghanistan, sous le r\u00e9gime des talibans, les femmes n\u2019ont aucune libert\u00e9 et sont priv\u00e9es de leurs droits les plus \u00e9l\u00e9mentaires. Elles n\u2019ont pas acc\u00e8s \u00e0 <strong>l\u2019\u00e9ducation, au travail et \u00e0 la participation politique et sociale.<\/strong> <\/span><\/em><\/p>\n<blockquote>\n<p><strong><em>\u00ab\u00a0Ils consid\u00e8rent les femmes comme la propri\u00e9t\u00e9 des hommes\u00a0\u00bb<\/em><\/strong><\/p>\n<\/blockquote>\n<p><em><span style=\"font-weight: 400;\">\u00c0 mon avis, il y a deux raisons pour lesquelles les femmes sont des cibles pour les talibans. <strong>Premi\u00e8rement, les talibans forment un groupe ethnique et religieux extr\u00e9miste et fondamentaliste. <\/strong>Ils consid\u00e8rent les femmes comme la propri\u00e9t\u00e9 des hommes. Ils sont analphab\u00e8tes et extr\u00eamement traditionnels. Et la deuxi\u00e8me raison est que<strong> le r\u00e9gime taliban change les droits des femmes et les droits de l\u2019homme en fonction de leur n\u00e9gociations politiques<\/strong> gagnant de cette mani\u00e8re des points dans l\u2019ar\u00e8ne politique.\u00a0<\/span><\/em><\/p>\n<figure id=\"attachment_715712\" aria-describedby=\"caption-attachment-715712\" style=\"width: 1000px\" class=\"wp-caption alignnone\"><img loading=\"lazy\" decoding=\"async\" class=\"size-full wp-image-715712\" src=\"https:\/\/mrmondialisation.org\/wp-content\/uploads\/2025\/02\/5-1.jpg\" alt=\"\" width=\"1000\" height=\"665\" srcset=\"https:\/\/mrmondialisation.org\/wp-content\/uploads\/2025\/02\/5-1.jpg 1000w, https:\/\/mrmondialisation.org\/wp-content\/uploads\/2025\/02\/5-1-768x511.jpg 768w, https:\/\/mrmondialisation.org\/wp-content\/uploads\/2025\/02\/5-1-696x463.jpg 696w, https:\/\/mrmondialisation.org\/wp-content\/uploads\/2025\/02\/5-1-632x420.jpg 632w\" sizes=\"auto, (max-width: 1000px) 100vw, 1000px\"\/><figcaption id=\"caption-attachment-715712\" class=\"wp-caption-text\">@afghan women for justice movement<\/figcaption><\/figure>\n<h4><b>Mr M : En 2025, o\u00f9 en \u00eates-vous face \u00e0 l\u2019escalade r\u00e9pressive impos\u00e9e par les talibans ?<\/b><\/h4>\n<p><strong>Women\u2019s and children strengthen welfare organization : <\/strong><em><span style=\"font-weight: 400;\">Les restrictions impos\u00e9es par les talibans sont extr\u00eamement oppressives et injustes. Elles emp\u00eachent les gens de vivre leur vie librement et les privent de droits humains fondamentaux telles que la libert\u00e9 d\u2019expression, l\u2019\u00e9ducation et la s\u00e9curit\u00e9.<strong> Ces restrictions ont des cons\u00e9quences sur le long terme sur les personnes qui y vivent, car elles ne sont pas autoris\u00e9es \u00e0 se d\u00e9velopper, \u00e0 grandir et \u00e0 prendre des d\u00e9cisions par elles-m\u00eames.<\/strong><\/span><\/em><\/p>\n<p><em><span style=\"font-weight: 400;\"> Malheureusement, leurs chances de retrouver leur libert\u00e9 pour les femmes emprisonn\u00e9es d\u00e9pendent du pays dans lequel elles se trouvent et des lois qui r\u00e9gissent ce pays. De mani\u00e8re g\u00e9n\u00e9rale, elles peuvent faire appel de leur condamnation. <strong>Elles peuvent purger leur peine et \u00eatre lib\u00e9r\u00e9s apr\u00e8s un certain laps de temps.\u00a0<\/strong><\/span><\/em><\/p>\n<blockquote>\n<p><em><span style=\"font-weight: 400;\"><strong>\u00ab\u00a0Les talibans n\u2019ont pas leur place dans le \u00ab monde moderne \u00bb !\u00a0\u00bb<\/strong><\/span><\/em><\/p>\n<\/blockquote>\n<p><b>Afghan women for justice movement : <\/b><em><span style=\"font-weight: 400;\">Jamais les femmes ne se rendront. Nous lutterons toujours pour les droits des femmes et nous nous battrons pour obtenir un gouvernement l\u00e9gitime qui reconnaisse toutes nos revendications et tous les droits des femmes. <strong>Quand les talibans partiront, nous resterons l\u00e0 pour reconstruire un Afghanistan libre !<\/strong> Ce que les talibans appliquent comme restrictions contre les femmes n\u2019a \u00e9t\u00e9 vu dans aucun pays du monde, pas m\u00eame dans d\u2019autres pays islamiques. <strong>Les talibans n\u2019ont pas leur place dans le \u00ab\u00a0monde moderne\u00a0\u00bb\u00a0!\u00a0<\/strong><\/span><\/em><\/p>\n<h4><b>Mr M : Qu\u2019en est-il de ces organisations nationales et internationales de d\u00e9fense des droits des femmes afghanes affrontant les restrictions successives ?<\/b><\/h4>\n<p><b>Women\u2019s and children strengthen welfare organization : <\/b><em><span style=\"font-weight: 400;\">Le Conseil de s\u00e9curit\u00e9 des Nations-Unies a jou\u00e9 un r\u00f4le majeur en aidant \u00e0 ramener la paix et la stabilit\u00e9 en Afghanistan, tant \u00e0 l\u2019int\u00e9rieur qu\u2019\u00e0 l\u2019ext\u00e9rieur de ses fronti\u00e8res. Civicus et NRF sont deux organisations internationales de la soci\u00e9t\u00e9 civile qui \u0153uvrent pour am\u00e9liorer la vie du peuple afghan en promouvant <strong>la gouvernance d\u00e9mocratique et en renfor\u00e7ant la soci\u00e9t\u00e9 civile.<\/strong> Enfin, Zan Times, est une plateforme de m\u00e9dias num\u00e9riques Afghane qui \u0153uvre \u00e0 <strong>la promotion d\u2019un journalisme de haute qualit\u00e9 et ind\u00e9pendant.<\/strong> Ces organisations sont essentielles pour fournir des analyses et des commentaires sur les questions li\u00e9es \u00e0 la d\u00e9mocratie, \u00e0 la s\u00e9curit\u00e9 et aux droits de l\u2019homme en Afghanistan.<\/span><\/em><\/p>\n<figure id=\"attachment_715713\" aria-describedby=\"caption-attachment-715713\" style=\"width: 1000px\" class=\"wp-caption alignnone\"><img loading=\"lazy\" decoding=\"async\" class=\"size-full wp-image-715713\" src=\"https:\/\/mrmondialisation.org\/wp-content\/uploads\/2025\/02\/image-7-1.jpg\" alt=\"\" width=\"1000\" height=\"1530\" srcset=\"https:\/\/mrmondialisation.org\/wp-content\/uploads\/2025\/02\/image-7-1.jpg 1000w, https:\/\/mrmondialisation.org\/wp-content\/uploads\/2025\/02\/image-7-1-669x1024.jpg 669w, https:\/\/mrmondialisation.org\/wp-content\/uploads\/2025\/02\/image-7-1-996x1524.jpg 996w, https:\/\/mrmondialisation.org\/wp-content\/uploads\/2025\/02\/image-7-1-768x1175.jpg 768w, https:\/\/mrmondialisation.org\/wp-content\/uploads\/2025\/02\/image-7-1-696x1065.jpg 696w, https:\/\/mrmondialisation.org\/wp-content\/uploads\/2025\/02\/image-7-1-275x420.jpg 275w\" sizes=\"auto, (max-width: 1000px) 100vw, 1000px\"\/><figcaption id=\"caption-attachment-715713\" class=\"wp-caption-text\">@awfjm<\/figcaption><\/figure>\n<blockquote>\n<p><b><em><span style=\"font-weight: 400;\"><strong>\u00ab\u00a0d\u00e9sormais seules les organisations qui travaillent en \u00e9troite collaboration avec les talibans sont actives en Afghanistan\u00a0\u00bb<\/strong><\/span><\/em><\/b><\/p>\n<\/blockquote>\n<p><b>Afghan women for justice movement : <\/b><em><span style=\"font-weight: 400;\">Les organisations de d\u00e9fense des droits de l\u2019homme ont toutes quitt\u00e9 l\u2019Afghanistan. <strong>Le pire est que d\u00e9sormais seules les organisations qui travaillent en \u00e9troite collaboration avec les talibans sont actives en Afghanistan.<\/strong> Il existe de nombreuses organisations en dehors de l\u2019Afghanistan qui fournissent une assistance aux militants civils enregistr\u00e9s qui ont fui l\u2019Afghanistan. Le probl\u00e8me majeur est que ceux qui s\u2019opposent aux talibans sont aujourd\u2019hui, souvent au sein m\u00eame des fronti\u00e8res, et ceux-l\u00e0 ne sont pas officiellement enregistr\u00e9s. C\u2019est pour cette raison que<strong> la plupart des femmes qui protestent sont toutes plus ou moins priv\u00e9es de l\u2019aide de ces organisations.\u00a0<\/strong><\/span><\/em><\/p>\n<h4><b>Mr M : Quelle \u00e9tait la situation des femmes avant la prise de Kaboul ?<\/b><\/h4>\n<p><b>Women\u2019s and children strengthen welfare organization : <\/b><em><span style=\"font-weight: 400;\">Avant que les talibans ne commencent \u00e0 gouverner l\u2019Afghanistan d\u00e8s le 15 ao\u00fbt 2021, les femmes du pays jouissaient <strong>d\u2019un niveau de libert\u00e9 et de droits plus \u00e9lev\u00e9 qu\u2019aujourd\u2019hui.<\/strong> Les femmes avaient pleinement acc\u00e8s \u00e0 l\u2019\u00e9ducation et aux soins de sant\u00e9, ainsi qu\u2019\u00e0 l\u2019emploi et \u00e0 la participation politique. Elles n\u2019avaient pas \u00e0 adh\u00e9rer aux codes vestimentaires restrictifs impos\u00e9s par les talibans, ni \u00e0 subir les m\u00eames punitions s\u00e9v\u00e8res pour violation des codes sociaux<strong>. Le r\u00e9gime oppressif des talibans a restreint les libert\u00e9s des femmes de mani\u00e8re incroyablement oppressive, notamment en leur interdisant m\u00eame d\u2019aller \u00e0 l\u2019\u00e9cole ou de quitter leur domicile\u00a0 non accompagn\u00e9es.<\/strong><\/span><\/em><\/p>\n<figure id=\"attachment_715714\" aria-describedby=\"caption-attachment-715714\" style=\"width: 1600px\" class=\"wp-caption alignnone\"><img loading=\"lazy\" decoding=\"async\" class=\"size-full wp-image-715714\" src=\"https:\/\/mrmondialisation.org\/wp-content\/uploads\/2025\/02\/image-8-1.jpg\" alt=\"\" width=\"1600\" height=\"1706\" srcset=\"https:\/\/mrmondialisation.org\/wp-content\/uploads\/2025\/02\/image-8-1.jpg 1600w, https:\/\/mrmondialisation.org\/wp-content\/uploads\/2025\/02\/image-8-1-960x1024.jpg 960w, https:\/\/mrmondialisation.org\/wp-content\/uploads\/2025\/02\/image-8-1-1429x1524.jpg 1429w, https:\/\/mrmondialisation.org\/wp-content\/uploads\/2025\/02\/image-8-1-768x819.jpg 768w, https:\/\/mrmondialisation.org\/wp-content\/uploads\/2025\/02\/image-8-1-1441x1536.jpg 1441w, https:\/\/mrmondialisation.org\/wp-content\/uploads\/2025\/02\/image-8-1-696x742.jpg 696w, https:\/\/mrmondialisation.org\/wp-content\/uploads\/2025\/02\/image-8-1-1068x1139.jpg 1068w, https:\/\/mrmondialisation.org\/wp-content\/uploads\/2025\/02\/image-8-1-394x420.jpg 394w\" sizes=\"auto, (max-width: 1600px) 100vw, 1600px\"\/><figcaption id=\"caption-attachment-715714\" class=\"wp-caption-text\">@awfjm<\/figcaption><\/figure>\n<p><b>Afghan women for justice movement : <\/b><em><span style=\"font-weight: 400;\">Si vous voulez dire pendant le gouvernement pr\u00e9c\u00e9dent, les femmes afghanes n\u2019ont pas vu leur prise en consid\u00e9ration s\u2019am\u00e9liorer non plus nettement pendant les vingt ans qui se sont \u00e9coul\u00e9s entre les deux p\u00e9riodes de r\u00e8gne des talibans.<strong> Des postes d\u2019\u00c9tat ont \u00e9t\u00e9 attribu\u00e9s \u00e0 certaines femmes symboliquement ou sur la base de relations personnelles.<\/strong> De nombreux fonds ont \u00e9t\u00e9 pr\u00e9lev\u00e9s au nom des droits de l\u2019homme et des droits des femmes aupr\u00e8s des institutions des droits de l\u2019homme et des pays donateurs mais <strong>en raison de la corruption et des pots-de-vin, peu d\u2019argent a v\u00e9ritablement \u00e9t\u00e9 utilis\u00e9 pour d\u00e9velopper les droits des femmes.<\/strong> <\/span><\/em><\/p>\n<p><em><span style=\"font-weight: 400;\">Au cours des derni\u00e8res ann\u00e9es, lorsque les talibans sont arriv\u00e9s au pouvoir, toutes les questions relatives aux femmes ont cependant \u00e9t\u00e9 restreintes par les talibans. Elles ne peuvent pas voyager sans Muharram <\/span><\/em><span style=\"font-weight: 400;\">(ndlr \u2013 <\/span><span style=\"font-weight: 400;\">un homme de la famille qui doit s\u2019assurer de la s\u00e9curit\u00e9 mais surtout de l\u2019honneur d\u2019une femme). <\/span><em><span style=\"font-weight: 400;\">Elles sont priv\u00e9es d\u2019universit\u00e9 et de Lyc\u00e9e. Il leur est interdit de travailler. <strong>On peut dire que les femmes sont compl\u00e8tement exclues de tous les domaines.<\/strong><\/span><\/em><\/p>\n<h4><b>Mr M : Comment tenez-vous dans un tel climat oppressif en tant que femme ?<\/b><\/h4>\n<p><b>Women\u2019s and children strengthen welfare organization : <\/b><em><span style=\"font-weight: 400;\">Je crois que la meilleure fa\u00e7on pour une femme de survivre en Afghanistan est de bien s\u2019entourer\u00a0: <strong>d\u2019avoir un fort soutien de sa famille pour obtenir de l\u2019aide dans les t\u00e2ches quotidiennes, \u00eatre soutenu et nouer des relations solides avec d\u2019autres femmes de la famille.<\/strong> Il faut rester inform\u00e9 de tout changement dans les coutumes et les lois locales qui pourrait affecter les droits des femmes. <\/span><\/em><\/p>\n<p><em><span style=\"font-weight: 400;\">Enfin, dans la mesure du possible, ces femmes doivent acc\u00e9der \u00e0 <strong>des ressources telles que l\u2019aide juridique, les programmes d\u2019alphab\u00e9tisation et les services de microfinance,<\/strong> qui peuvent aider \u00e0 les autonomiser et leur fournir les outils dont elles ont besoin pour prendre des d\u00e9cisions \u00e9clair\u00e9es sur leur avenir. La majorit\u00e9 des femmes afghanes qui se sont \u00e9chapp\u00e9es ne sont pas en s\u00e9curit\u00e9\u00a0! La plupart restent dans leur pays par manque de ressources et de connaissances sur la situation \u00e0 l\u2019\u00e9tranger. Il existe \u00e9galement<strong> un manque de structures de soutien pour les femmes qui ont \u00e9migr\u00e9 loin de leur pays d\u2019origine,<\/strong> ainsi qu\u2019une peur de l\u2019inconnu en termes d\u2019attentes juridiques, culturelles et soci\u00e9tales.<\/span><\/em><\/p>\n<figure id=\"attachment_715716\" aria-describedby=\"caption-attachment-715716\" style=\"width: 1900px\" class=\"wp-caption alignnone\"><img loading=\"lazy\" decoding=\"async\" class=\"size-full wp-image-715716\" src=\"https:\/\/mrmondialisation.org\/wp-content\/uploads\/2025\/02\/image-9.jpg\" alt=\"\" width=\"1900\" height=\"1061\" srcset=\"https:\/\/mrmondialisation.org\/wp-content\/uploads\/2025\/02\/image-9.jpg 1900w, https:\/\/mrmondialisation.org\/wp-content\/uploads\/2025\/02\/image-9-1024x572.jpg 1024w, https:\/\/mrmondialisation.org\/wp-content\/uploads\/2025\/02\/image-9-1524x851.jpg 1524w, https:\/\/mrmondialisation.org\/wp-content\/uploads\/2025\/02\/image-9-768x429.jpg 768w, https:\/\/mrmondialisation.org\/wp-content\/uploads\/2025\/02\/image-9-1536x858.jpg 1536w, https:\/\/mrmondialisation.org\/wp-content\/uploads\/2025\/02\/image-9-696x389.jpg 696w, https:\/\/mrmondialisation.org\/wp-content\/uploads\/2025\/02\/image-9-1068x596.jpg 1068w, https:\/\/mrmondialisation.org\/wp-content\/uploads\/2025\/02\/image-9-752x420.jpg 752w\" sizes=\"auto, (max-width: 1900px) 100vw, 1900px\"\/><figcaption id=\"caption-attachment-715716\" class=\"wp-caption-text\">@awfjm<\/figcaption><\/figure>\n<blockquote>\n<p><b><em><span style=\"font-weight: 400;\"><strong>\u00ab\u00a0L\u2019Afghanistan est comme une grande prison pour femmes\u00a0\u00bb<\/strong><\/span><\/em><\/b><\/p>\n<\/blockquote>\n<p><b>Afghan women for justice movement : <\/b><em><span style=\"font-weight: 400;\">Certaines manifestantes ont \u00e9t\u00e9 forc\u00e9es de quitter l\u2019Afghanistan en raison de menaces directes des talibans. Un certain nombre de ces femmes se trouvent <strong>au Pakistan,<\/strong> un pays peu s\u00e9curis\u00e9 pour les femmes Afghanes. La plupart des femmes qui protestent sont toujours en Afghanistan et poursuivent leurs luttes et leurs protestations contre les talibans. <strong>L\u2019Afghanistan est comme une grande prison pour femmes. Mais les femmes, elles, n\u2019abandonneront jamais\u00a0!<\/strong><\/span><\/em><\/p>\n<h4><b>Mr M : D\u2019autres figures marquantes vous inspirent-elles en tant que membres d\u2019organisation de d\u00e9fense des droits des femmes ?<\/b><\/h4>\n<p><b>Women\u2019s and children strengthen welfare organization : <\/b><em><span style=\"font-weight: 400;\"><a target=\"_blank\" href=\"https:\/\/fr.wikipedia.org\/wiki\/Malalai_Joya\">Malalai Joya<\/a>, sans h\u00e9siter. C\u2019est une \u00e9minente f\u00e9ministe afghane et militante des droits de l\u2019homme qui a pass\u00e9 une grande partie de sa vie \u00e0 d\u00e9fendre les droits des femmes afghanes. Elle a \u00e9t\u00e9 qualifi\u00e9e de <strong>\u00ab\u00a0femme la plus courageuse d\u2019Afghanistan\u00a0\u00bb<\/strong> pour son franc plaidoyer pour plus de droits de la population afghane tout en militant contre ces seigneurs de la guerre. <\/span><\/em><\/p>\n<p><em><span style=\"font-weight: 400;\">Elle continue de se battre pour les droits des femmes afghanes, aujourd\u2019hui encore, m\u00eame en exil. Elle est un excellent exemple du courage et de <strong>la r\u00e9silience dont les femmes afghanes ont fait preuve<\/strong> lorsqu\u2019il s\u2019agit de d\u00e9fendre leurs convictions malgr\u00e9 d\u2019immenses difficult\u00e9s. Ces femmes courageuses ont apport\u00e9 d\u2019\u00e9normes contributions \u00e0 leurs communaut\u00e9s en s\u2019opposant aux politiques oppressives des talibans. <strong>Elles ont risqu\u00e9 leur vie pour fournir une \u00e9ducation, lutter pour les droits des femmes et d\u00e9noncer les injustices.\u00a0<\/strong><\/span><\/em><\/p>\n<figure id=\"attachment_715740\" aria-describedby=\"caption-attachment-715740\" style=\"width: 800px\" class=\"wp-caption alignnone\"><img loading=\"lazy\" decoding=\"async\" class=\"size-full wp-image-715740\" src=\"https:\/\/mrmondialisation.org\/wp-content\/uploads\/2025\/02\/malalai-joya-afghan-mp.jpg\" alt=\"\" width=\"800\" height=\"655\" srcset=\"https:\/\/mrmondialisation.org\/wp-content\/uploads\/2025\/02\/malalai-joya-afghan-mp.jpg 800w, https:\/\/mrmondialisation.org\/wp-content\/uploads\/2025\/02\/malalai-joya-afghan-mp-768x629.jpg 768w, https:\/\/mrmondialisation.org\/wp-content\/uploads\/2025\/02\/malalai-joya-afghan-mp-696x570.jpg 696w, https:\/\/mrmondialisation.org\/wp-content\/uploads\/2025\/02\/malalai-joya-afghan-mp-513x420.jpg 513w\" sizes=\"auto, (max-width: 800px) 100vw, 800px\"\/><figcaption id=\"caption-attachment-715740\" class=\"wp-caption-text\">@Wikicommons. Malalai Joya, 8 mars 2007, Australie<\/figcaption><\/figure>\n<p><strong>Merci \u00e0 Marwan Marof Arwin <a target=\"_blank\" href=\"https:\/\/awcswo.org\/\">(Awsco) <\/a><\/strong>et<strong> Sabira Abkhari <a target=\"_blank\" href=\"https:\/\/www.instagram.com\/afghanwomensjustice\/reels\/\">(Awfjm)<\/a><a target=\"_blank\" href=\"https:\/\/www.instagram.com\/afghanwomensjustice\/reels\/\">\u00a0<\/a>pour leur temps et combat pr\u00e9cieux.\u00a0<\/strong><\/p>\n<p style=\"text-align: right;\"><em>\u2013 Propos recueillis par Audrey Poussines.<\/em><\/p>\n<div class=\"td-a-rec td-a-rec-id-content_bottom  tdi_2 td_block_template_1\">\n<span class=\"td-adspot-title\">&#8211; Cet article gratuit et ind\u00e9pendant existe gr\u00e2ce \u00e0 vous &#8211;<\/span><\/p>\n<div class=\"td-all-devices\">\n    <a target=\"_blank\" href=\"https:\/\/mrmondialisation.org\/donation\/\" title=\"Faire_un_don\"><img decoding=\"async\" class=\"donationArticle\" src=\"https:\/\/mrmondialisation.org\/wp-content\/uploads\/2022\/12\/220405-flikalicious-final.jpg\" alt=\"Donation\"\/><\/a>\n<\/div>\n<\/div><\/div>\n<p><script async defer src=\"https:\/\/platform.instagram.com\/en_US\/embeds.js\"><\/script><br \/>\n<br \/><br \/>\n<br \/><a href=\"https:\/\/mrmondialisation.org\/kaboul-talibans-femmes-afghanistan-2025\/\" target=\"_blank\"\">Source link <\/a><\/p>\n","protected":false},"excerpt":{"rendered":"<p>En Afghanistan, depuis la prise de Kaboul tr\u00e8s m\u00e9diatis\u00e9e de 2021, les femmes afghanes font face aux r\u00e9pressions des talibans. Or, le sujet semble avoir disparu des plateaux TV. Le&hellip; <\/p>\n","protected":false},"author":1,"featured_media":3543,"comment_status":"open","ping_status":"open","sticky":false,"template":"","format":"standard","meta":{"footnotes":""},"categories":[1],"tags":[],"class_list":["post-3542","post","type-post","status-publish","format-standard","has-post-thumbnail","hentry","category-non-classe"],"_links":{"self":[{"href":"https:\/\/monde25.info\/index.php\/wp-json\/wp\/v2\/posts\/3542","targetHints":{"allow":["GET"]}}],"collection":[{"href":"https:\/\/monde25.info\/index.php\/wp-json\/wp\/v2\/posts"}],"about":[{"href":"https:\/\/monde25.info\/index.php\/wp-json\/wp\/v2\/types\/post"}],"author":[{"embeddable":true,"href":"https:\/\/monde25.info\/index.php\/wp-json\/wp\/v2\/users\/1"}],"replies":[{"embeddable":true,"href":"https:\/\/monde25.info\/index.php\/wp-json\/wp\/v2\/comments?post=3542"}],"version-history":[{"count":0,"href":"https:\/\/monde25.info\/index.php\/wp-json\/wp\/v2\/posts\/3542\/revisions"}],"wp:featuredmedia":[{"embeddable":true,"href":"https:\/\/monde25.info\/index.php\/wp-json\/wp\/v2\/media\/3543"}],"wp:attachment":[{"href":"https:\/\/monde25.info\/index.php\/wp-json\/wp\/v2\/media?parent=3542"}],"wp:term":[{"taxonomy":"category","embeddable":true,"href":"https:\/\/monde25.info\/index.php\/wp-json\/wp\/v2\/categories?post=3542"},{"taxonomy":"post_tag","embeddable":true,"href":"https:\/\/monde25.info\/index.php\/wp-json\/wp\/v2\/tags?post=3542"}],"curies":[{"name":"wp","href":"https:\/\/api.w.org\/{rel}","templated":true}]}}