{"id":3557,"date":"2025-03-01T02:57:36","date_gmt":"2025-03-01T01:57:36","guid":{"rendered":"https:\/\/monde25.info\/index.php\/2025\/03\/01\/le-baroque-bleu-de-lisbonne-par-marina-da-silva-le-monde-diplomatique-mars-2025\/"},"modified":"2025-03-01T02:57:36","modified_gmt":"2025-03-01T01:57:36","slug":"le-baroque-bleu-de-lisbonne-par-marina-da-silva-le-monde-diplomatique-mars-2025","status":"publish","type":"post","link":"https:\/\/monde25.info\/index.php\/2025\/03\/01\/le-baroque-bleu-de-lisbonne-par-marina-da-silva-le-monde-diplomatique-mars-2025\/","title":{"rendered":"Le baroque bleu de Lisbonne, par Marina Da Silva (Le Monde diplomatique, mars 2025)"},"content":{"rendered":"<p> <br \/>\n<\/p>\n<div couleurfade=\"e5f2f6\" couleurclaire=\"d8ecf2\" couleurpale=\"a8dfef\" couleurmi=\"338198\" couleurfoncee=\"136c85\" couleursombre=\"0c2026\" couleurfond=\"4c666e\" couleurtexte=\"ffffff\">\n<figure class=\"spip_document_34173 spip_documents spip_documents_center xl\" style=\"width:890px;\">\n<div class=\"limage\">\n<p>            <img loading=\"lazy\" decoding=\"async\" src=\"https:\/\/www.monde-diplomatique.fr\/\/local\/cache-vignettes\/L890xH457\/img025-2-64-1d0d4.jpg?1740501479\" width=\"890\" alt=\"\" height=\"457\"\/><\/p><\/div>\n<\/figure>\n<p><span class=\"mot-lettrine\"><span class=\"lettrine\">S<\/span>e<\/span> d\u00e9ployant d\u2019Alc\u00e2ntara \u00e0 Xabregas, passant du march\u00e9 de la Ribeira \u00e0 la tour de Bel\u00e9m, du ch\u00e2teau Saint-Georges au funiculaire de Bica, l\u2019architecture lisbo\u00e8te est un enchantement c\u00e9l\u00e8bre, et c\u00e9l\u00e9br\u00e9. Entre les parcs et les jardins, les \u00e9glises et les mus\u00e9es, les places et les palais \u2014 ou encore le monast\u00e8re gothique manu\u00e9lin des Hi\u00e9ronymites\u00a0\u2014, le tout compose un patrimoine flamboyant, dont une part fut perdue apr\u00e8s le s\u00e9isme de 1755.<\/p>\n<p>Le livre accord\u00e9on qui para\u00eet aux \u00e9ditions Chandeigne<span class=\"spip_note_ref\">\u00a0(<a target=\"_blank\" href=\"http:\/\/www.monde-diplomatique.fr\/2025\/03\/DA_SILVA\/68126#nb1\" class=\"spip_note\" rel=\"appendix\" title=\"Le Grand Panorama de Lisbonne, Chandeigne, Paris, 2024, 52 pages, 20\u00a0(...)\" id=\"nh1\">1<\/a>)<\/span> donne \u00e0 voir de fa\u00e7on \u00e9tonnante une \u0153uvre d\u2019art monumentale abrit\u00e9e au Mus\u00e9e national de l\u2019azulejo, \u00e9crin des fa\u00efences merveilleusement inventives qui caract\u00e9risent le pays. Attribu\u00e9e au peintre d\u2019origine espagnole Gabriel del Barco, elle se d\u00e9ploie sur vingt-trois m\u00e8tres pour \u00e9voquer pr\u00e8s de quatorze kilom\u00e8tres de c\u00f4tes et offrir une vue d\u2019ensemble de la grandeur de la capitale portugaise, du nord au sud, d\u2019est en ouest, de la terre et du ciel, telle qu\u2019elle \u00e9tait avant le tremblement de terre. Au fil du d\u00e9pliement, sur les deux faces de ce leporello, on peut, pour la joie du regard, plonger dans le dessin-paysage d\u2019azulejos qui exaltent avec intensit\u00e9 les profondeurs du bleu et du blanc, ou d\u00e9chiffrer la carte de la ville par ses tr\u00e9sors rep\u00e9r\u00e9s, document\u00e9s et contextualis\u00e9s. Dans ces deux moments, o\u00f9 l\u2019exaltation de la repr\u00e9sentation le dispute parfois au r\u00e9el, on aimera se perdre ou alors recomposer les itin\u00e9raires d\u2019un voyageur \u00e9bloui.<\/p>\n<\/p><\/div>\n<p><br \/>\n<br \/><a href=\"https:\/\/www.monde-diplomatique.fr\/2025\/03\/DA_SILVA\/68126\" target=\"_blank\"\">Source link <\/a><\/p>\n","protected":false},"excerpt":{"rendered":"<p>Se d\u00e9ployant d\u2019Alc\u00e2ntara \u00e0 Xabregas, passant du march\u00e9 de la Ribeira \u00e0 la tour de Bel\u00e9m, du ch\u00e2teau Saint-Georges au funiculaire de Bica, l\u2019architecture lisbo\u00e8te est un enchantement c\u00e9l\u00e8bre, et&hellip; <\/p>\n","protected":false},"author":1,"featured_media":3558,"comment_status":"open","ping_status":"open","sticky":false,"template":"","format":"standard","meta":{"footnotes":""},"categories":[1],"tags":[],"class_list":["post-3557","post","type-post","status-publish","format-standard","has-post-thumbnail","hentry","category-non-classe"],"_links":{"self":[{"href":"https:\/\/monde25.info\/index.php\/wp-json\/wp\/v2\/posts\/3557","targetHints":{"allow":["GET"]}}],"collection":[{"href":"https:\/\/monde25.info\/index.php\/wp-json\/wp\/v2\/posts"}],"about":[{"href":"https:\/\/monde25.info\/index.php\/wp-json\/wp\/v2\/types\/post"}],"author":[{"embeddable":true,"href":"https:\/\/monde25.info\/index.php\/wp-json\/wp\/v2\/users\/1"}],"replies":[{"embeddable":true,"href":"https:\/\/monde25.info\/index.php\/wp-json\/wp\/v2\/comments?post=3557"}],"version-history":[{"count":0,"href":"https:\/\/monde25.info\/index.php\/wp-json\/wp\/v2\/posts\/3557\/revisions"}],"wp:featuredmedia":[{"embeddable":true,"href":"https:\/\/monde25.info\/index.php\/wp-json\/wp\/v2\/media\/3558"}],"wp:attachment":[{"href":"https:\/\/monde25.info\/index.php\/wp-json\/wp\/v2\/media?parent=3557"}],"wp:term":[{"taxonomy":"category","embeddable":true,"href":"https:\/\/monde25.info\/index.php\/wp-json\/wp\/v2\/categories?post=3557"},{"taxonomy":"post_tag","embeddable":true,"href":"https:\/\/monde25.info\/index.php\/wp-json\/wp\/v2\/tags?post=3557"}],"curies":[{"name":"wp","href":"https:\/\/api.w.org\/{rel}","templated":true}]}}