{"id":3559,"date":"2025-03-01T03:30:35","date_gmt":"2025-03-01T02:30:35","guid":{"rendered":"https:\/\/monde25.info\/index.php\/2025\/03\/01\/500-000-afghans-ont-ete-deplaces-a-cause-du-changement-climatique-en-2024\/"},"modified":"2025-03-01T03:30:35","modified_gmt":"2025-03-01T02:30:35","slug":"500-000-afghans-ont-ete-deplaces-a-cause-du-changement-climatique-en-2024","status":"publish","type":"post","link":"https:\/\/monde25.info\/index.php\/2025\/03\/01\/500-000-afghans-ont-ete-deplaces-a-cause-du-changement-climatique-en-2024\/","title":{"rendered":"500 000 Afghans ont \u00e9t\u00e9 d\u00e9plac\u00e9s \u00e0 cause du changement climatique en 2024"},"content":{"rendered":"<p> <br \/>\n<br \/><img loading=\"lazy\" decoding=\"async\" src=\"https:\/\/reporterre.net\/local\/cache-vignettes\/L700xH467\/afgh-3d443.jpg?1740760115\" class=\"spip_logo\" width=\"700\" height=\"467\" alt=\"\" \/><\/p>\n<p>C&rsquo;est l&rsquo;un des pays les plus pauvres et les plus vuln\u00e9rables aux effets du changement climatique. D&rsquo;apr\u00e8s un rapport de l&rsquo;Organisation internationale des migrations publi\u00e9 ce jeudi 27\u00a0f\u00e9vrier, plus de 500\u00a0000 Afghanes et Afghans ont \u00e9t\u00e9 d\u00e9plac\u00e9es \u00e0 cause du changement climatique en 2024. <br class=\"autobr\" \/><br \/>\nDans le d\u00e9tail, cette agence de l&rsquo;<span class=\"caps\">ONU<\/span> cite notamment la s\u00e9cheresse, les inondations parmi les facteurs les plus aggravants touchant ce pays en proie aux temp\u00eates et aux crues soudaines. Au total, \u00ab<small class=\"fine d-inline\">\u00a0<\/small>pr\u00e8s de\u00a0(\u2026)<\/p>\n<p>                    <a target=\"_blank\" href=\"https:\/\/reporterre.net\/500-000-Afghans-ont-ete-deplaces-a-cause-du-changement-climatique-en-2024?utm_source=RSS&amp;utm_medium=RSS\">Lire la suite<\/a><\/p>\n<p>                    &#8211;<br \/>\n                        <a target=\"_blank\" href=\"https:\/\/reporterre.net\/Breves-20\" rel=\"directory\">En bref<\/a><\/p>\n<p>                    \/<br \/>\n                        <a target=\"_blank\" href=\"https:\/\/reporterre.net\/Climat-18\" rel=\"tag\">Climat <\/a><br \/>\n                    ,<br \/>\n                        <a target=\"_blank\" href=\"https:\/\/reporterre.net\/International\" rel=\"tag\">Monde<\/a><br \/>\n<br \/><br \/>\n<br \/><a href=\"https:\/\/reporterre.net\/500-000-Afghans-ont-ete-deplaces-a-cause-du-changement-climatique-en-2024\" target=\"_blank\"\">Source link <\/a><\/p>\n","protected":false},"excerpt":{"rendered":"<p>C&rsquo;est l&rsquo;un des pays les plus pauvres et les plus vuln\u00e9rables aux effets du changement climatique. D&rsquo;apr\u00e8s un rapport de l&rsquo;Organisation internationale des migrations publi\u00e9 ce jeudi 27\u00a0f\u00e9vrier, plus de&hellip; <\/p>\n","protected":false},"author":1,"featured_media":3560,"comment_status":"open","ping_status":"open","sticky":false,"template":"","format":"standard","meta":{"footnotes":""},"categories":[1],"tags":[],"class_list":["post-3559","post","type-post","status-publish","format-standard","has-post-thumbnail","hentry","category-non-classe"],"_links":{"self":[{"href":"https:\/\/monde25.info\/index.php\/wp-json\/wp\/v2\/posts\/3559","targetHints":{"allow":["GET"]}}],"collection":[{"href":"https:\/\/monde25.info\/index.php\/wp-json\/wp\/v2\/posts"}],"about":[{"href":"https:\/\/monde25.info\/index.php\/wp-json\/wp\/v2\/types\/post"}],"author":[{"embeddable":true,"href":"https:\/\/monde25.info\/index.php\/wp-json\/wp\/v2\/users\/1"}],"replies":[{"embeddable":true,"href":"https:\/\/monde25.info\/index.php\/wp-json\/wp\/v2\/comments?post=3559"}],"version-history":[{"count":0,"href":"https:\/\/monde25.info\/index.php\/wp-json\/wp\/v2\/posts\/3559\/revisions"}],"wp:featuredmedia":[{"embeddable":true,"href":"https:\/\/monde25.info\/index.php\/wp-json\/wp\/v2\/media\/3560"}],"wp:attachment":[{"href":"https:\/\/monde25.info\/index.php\/wp-json\/wp\/v2\/media?parent=3559"}],"wp:term":[{"taxonomy":"category","embeddable":true,"href":"https:\/\/monde25.info\/index.php\/wp-json\/wp\/v2\/categories?post=3559"},{"taxonomy":"post_tag","embeddable":true,"href":"https:\/\/monde25.info\/index.php\/wp-json\/wp\/v2\/tags?post=3559"}],"curies":[{"name":"wp","href":"https:\/\/api.w.org\/{rel}","templated":true}]}}