{"id":3573,"date":"2025-03-01T09:17:53","date_gmt":"2025-03-01T08:17:53","guid":{"rendered":"https:\/\/monde25.info\/index.php\/2025\/03\/01\/a-la-cop16-les-etats-trouvent-enfin-un-accord-financier-pour-la-biodiversite\/"},"modified":"2025-03-01T09:17:53","modified_gmt":"2025-03-01T08:17:53","slug":"a-la-cop16-les-etats-trouvent-enfin-un-accord-financier-pour-la-biodiversite","status":"publish","type":"post","link":"https:\/\/monde25.info\/index.php\/2025\/03\/01\/a-la-cop16-les-etats-trouvent-enfin-un-accord-financier-pour-la-biodiversite\/","title":{"rendered":"\u00c0 la COP16, les \u00c9tats trouvent enfin un accord financier pour la biodiversit\u00e9"},"content":{"rendered":"<p> <br \/>\n<\/p>\n<div>\n<p>    <span class=\"date\">28 f\u00e9vrier 2025  \u00e0 16h33<\/span><\/p>\n<p>    <span class=\"date_modif\">Mis \u00e0 jour le 28 f\u00e9vrier 2025 \u00e0 17h41<\/span>      <\/p>\n<p class=\"duree_lecture\">\n        Dur\u00e9e de lecture : 4 minutes\n      <\/p>\n<\/p><\/div>\n<div>\n<p>En octobre dernier, la communaut\u00e9 internationale r\u00e9unie \u00e0 Cali, en Colombie, n\u2019avait pas r\u00e9ussi <a target=\"_blank\" href=\"https:\/\/reporterre.net\/COP16-biodiversite-les-Etats-echouent-a-trouver-un-accord-sur-le-financement\">\u00e0 trouver un accord financier<\/a> lors du sommet mondial pour la biodiversit\u00e9 (<span class=\"caps\">COP16<\/span>). Quatre mois plus tard, c\u2019est chose faite \u00e0 Rome\u00a0: le 27\u00a0f\u00e9vrier, les 154\u00a0pays pr\u00e9sents sont parvenus apr\u00e8s deux jours de discussions \u00e0 des compromis pour la d\u00e9fense de la nature.<\/p>\n<p>Adopt\u00e9 au sein du si\u00e8ge de l\u2019Organisation des Nations unies pour l\u2019alimentation et l\u2019agriculture (<span class=\"caps\">FAO<\/span>), l\u2019accord entend notamment \u00e9tablir un plan de travail sur cinq ans, d\u00e9bloquer les fonds n\u00e9cessaires et mieux distribuer l\u2019argent aux pays en d\u00e9veloppement. Le but \u00e0 terme est de mobiliser au moins 200\u00a0milliards de dollars (191\u00a0milliards d\u2019euros) par an d\u2019ici 2040, dont 30 seraient destin\u00e9s aux pays en d\u00e9veloppement.<\/p>\n<p>Il s\u2019agit d\u2019un \u00e9l\u00e9ment crucial pour atteindre les objectifs fix\u00e9s par le <a target=\"_blank\" href=\"https:\/\/www.unep.org\/fr\/resources\/cadre-mondial-de-la-biodiversite-de-kunming-montreal\" class=\"spip_out\" rel=\"external\">cadre mondial pour la biodiversit\u00e9 Kunming-Montr\u00e9al<\/a> d\u2019ici \u00e0 2030. Parmi ceux-ci, figurent la protection de 30<small class=\"fine d-inline\">\u00a0<\/small>% des mers et des terres ainsi que la restauration d\u2019un tiers des \u00e9cosyst\u00e8mes d\u00e9grad\u00e9s. <i>\u00ab<small class=\"fine d-inline\">\u00a0<\/small>Nous avons donn\u00e9 des bras, des jambes et des muscles \u00e0 l\u2019accord de Montr\u00e9al<small class=\"fine d-inline\">\u00a0<\/small>\u00bb<\/i> sign\u00e9 en 2022, a salu\u00e9 Susana Muhamad, la pr\u00e9sidente de la <span class=\"caps\">COP16<\/span> et ministre colombienne de l\u2019Environnement sortante, en frappant le coup de marteau final.<\/p>\n<h2 class=\"spip\">Frictions entre pays<\/h2>\n<p>En France, Agn\u00e8s Pannier-Runacher, ministre de la Transition \u00e9cologique, a fait part de sa satisfaction, \u00e9voquant <i>\u00ab<small class=\"fine d-inline\">\u00a0<\/small>une victoire politique contre tous ceux qui veulent nous faire croire que la coop\u00e9ration internationale ne fonctionne pas pour d\u00e9fendre l\u2019environnement. C\u2019est tout le contraire, cette coop\u00e9ration internationale produit des accords et des r\u00e9sultats<small class=\"fine d-inline\">\u00a0<\/small>\u00bb<\/i>.<\/p>\n<div class=\"spip_document_89081 spip_document spip_documents spip_document_image spip_documents_center spip_document_center spip_document_avec_legende\" data-legende-len=\"121\" data-legende-lenx=\"xx\">\n<figure class=\"spip_doc_inner\">\n      <picture><source type=\"image\/webp\" srcset=\"https:\/\/reporterre.net\/local\/cache-vignettes\/L1050xH700\/pexels-sascha-thiele-221815-747016_1_-1d4f5.jpg@.webp?1740737044\"><img decoding=\"async\" src=\"https:\/\/reporterre.net\/IMG\/jpg\/pexels-sascha-thiele-221815-747016_1_.jpg\" width=\"1200\" height=\"800\" loading=\"lazy\" alt=\"\"\/><br \/>\n    <\/source><\/picture><figcaption class=\"spip_doc_legende\">\n<p>L\u2019un des objectifs des \u00c9tats membres est la protection de 30<small class=\"fine d-inline\">\u00a0<\/small>% des mers et des terres.<br \/>\n<i>Flickr\/<span class=\"caps\">CC<\/span> <span class=\"caps\">BY<\/span>&#8211;<span class=\"caps\">NC<\/span>&#8211;<span class=\"caps\">SA<\/span> 2.0\/Ouistitis<br \/>\n<\/i><\/p>\n<\/figcaption><\/figure>\n<\/p><\/div>\n<p>Difficile, toutefois, de savoir si les contributions \u00e0 ce fonds, uniquement volontaires, seront significatives. Cette d\u00e9cision financi\u00e8re, \u00e9l\u00e9ment central de cette deuxi\u00e8me session \u00e0 Rome, a une fois encore suscit\u00e9 des frictions entre pays riches et pays en d\u00e9veloppement. Men\u00e9s par l\u2019Union europ\u00e9enne, le Japon et le Canada, les premiers restaient profond\u00e9ment hostiles \u00e0 la cr\u00e9ation d\u2019un nouveau fonds, alors que les seconds, repr\u00e9sent\u00e9s par le groupe Afrique et le Br\u00e9sil, d\u00e9fendaient cette solution depuis les premi\u00e8res discussions \u00e0 Cali.<\/p>\n<p>Cependant, l\u2019accord permet de <i>\u00ab<small class=\"fine d-inline\">\u00a0<\/small>s\u00e9curiser le multilat\u00e9ralisme dans un monde fragment\u00e9 et polaris\u00e9<small class=\"fine d-inline\">\u00a0<\/small>\u00bb<\/i>, s\u2019est r\u00e9joui Juliette Landry, sp\u00e9cialiste de la gouvernance et des n\u00e9gociations internationales sur la biodiversit\u00e9 \u00e0 l\u2019Institut du d\u00e9veloppement durable et des relations internationales (Iddri).<\/p>\n<p>Pour elle, cette victoire devrait \u00eatre <i>\u00ab<small class=\"fine d-inline\">\u00a0<\/small>soulign\u00e9e<small class=\"fine d-inline\">\u00a0<\/small>\u00bb<\/i> et <i>\u00ab<small class=\"fine d-inline\">\u00a0<\/small>d\u00e9fendue<small class=\"fine d-inline\">\u00a0<\/small>\u00bb<\/i>, tant elle montre une <i>\u00ab<small class=\"fine d-inline\">\u00a0<\/small>attitude de compromis<small class=\"fine d-inline\">\u00a0<\/small>\u00bb<\/i>. Un compromis qui ne fait que reporter \u00e0 2028, lors de la <span class=\"caps\">COP18<\/span>, le soin de d\u00e9cider si la cr\u00e9ation de ce fonds r\u00e9clam\u00e9 par les pays du Sud est une initiative viable.<\/p>\n<h2 class=\"spip\">Une lueur d\u2019espoir<\/h2>\n<p>L\u2019autre point qui devait \u00eatre tranch\u00e9 \u00e0 Rome est le m\u00e9canisme de suivi, cens\u00e9 assurer que les pays remplissent les engagements pris \u00e0 Montr\u00e9al pour sauver la nature. Les pourparlers ont d\u00e9bouch\u00e9 sur l\u2019instauration d\u2019indicateurs permettant de mesurer les progr\u00e8s accomplis par les \u00c9tats membres de la Convention sur la diversit\u00e9 biologique, un trait\u00e9 international dont les signataires s\u2019engagent \u00e0 la protection de la biodiversit\u00e9, d\u2019ici \u00e0 la <span class=\"caps\">COP<\/span> qui se d\u00e9roulera en Arm\u00e9nie en 2026.<\/p>\n<p>Ainsi, dans un an, il s\u2019agira d\u2019\u00e9valuer les engagements pris \u00e0 Montr\u00e9al et les avanc\u00e9es de chaque \u00c9tat signataire. Pour l\u2019instant, cela semble mal embarqu\u00e9\u00a0: nombreux \u00e9taient les pays r\u00e9unis \u00e0 Rome n\u2019ayant toujours pas remis leur plan d\u2019action national \u2014 une obligation depuis la <span class=\"caps\">COP15<\/span> en 2022 \u2014 visant la protection des terres et des mers.<\/p>\n<div class=\"spip_document_89097 spip_document spip_documents spip_document_image spip_documents_center spip_document_center spip_document_avec_legende\" data-legende-len=\"139\" data-legende-lenx=\"xxx\">\n<figure class=\"spip_doc_inner\">\n      <picture><source type=\"image\/webp\" srcset=\"https:\/\/reporterre.net\/local\/cache-vignettes\/L1050xH974\/30x30-bubbles-5-07b27.jpg@.webp?1740753909\"><img decoding=\"async\" src=\"https:\/\/reporterre.net\/IMG\/jpg\/30x30-bubbles-5.jpg\" width=\"1500\" height=\"1392\" loading=\"lazy\" alt=\"\"\/><br \/>\n    <\/source><\/picture><figcaption class=\"spip_doc_legende\">\n<p>Pr\u00e8s de la moiti\u00e9 des pays membres de la <span class=\"caps\"><span class=\"caps\">COP16<\/span><\/span> n\u2019ont toujours pas \u00e9tabli de strat\u00e9gie pour la protection de la biodiversit\u00e9.<br \/>\n<i>Carbon Brief<br \/>\n<\/i><\/p>\n<\/figcaption><\/figure>\n<\/p><\/div>\n<p>Juliette Landry rel\u00e8ve ainsi le r\u00f4le <i>\u00ab<small class=\"fine d-inline\">\u00a0<\/small>important<small class=\"fine d-inline\">\u00a0<\/small>\u00bb<\/i> de la communaut\u00e9 de la recherche et de la soci\u00e9t\u00e9 civile pour <i>\u00ab<small class=\"fine d-inline\">\u00a0<\/small>demander des comptes aux pays qui n\u2019ont pas soumis de strat\u00e9gie nationale<small class=\"fine d-inline\">\u00a0<\/small>\u00bb<\/i>. Apr\u00e8s les difficult\u00e9s rencontr\u00e9es lors des divers sommets environnementaux <a target=\"_blank\" href=\"https:\/\/reporterre.net\/COP29-vingt-quatre-heures-dans-les-coulisses-du-fiasco\" class=\"spip_in\">comme la <span class=\"caps\">COP29<\/span><\/a> sur le climat, le projet d\u2019accord final avait renforc\u00e9 les frictions entre les pays du Nord et du Sud, notamment sur la pollution plastique ou encore la d\u00e9sertification. Les avanc\u00e9es \u00e0 Rome donnent un brin d\u2019espoir pour les prochaines \u00e9ch\u00e9ances, dont la <span class=\"caps\">COP30<\/span> sur le climat, qui se d\u00e9roulera en novembre au Br\u00e9sil.<\/p>\n<aside class=\"boite_encarts\">\n<div class=\"encart encart_gris noprint\">\n<p><strong>Puisque vous \u00eates l\u00e0&#8230;<\/strong><\/p>\n<p>&#8230; nous avons un petit service \u00e0 vous demander.<br class=\"autobr\"\/><br \/>\nEntre la pr\u00e9sence d\u2019un climatosceptique \u00e0 la t\u00eate de la premi\u00e8re puissance mondiale, un gouvernement fran\u00e7ais qui flirte avec l\u2019extr\u00eame-droite, et les catastrophes climatiques qui s\u2019enchainent&#8230; Faire vivre l\u2019\u00e9cologie dans le d\u00e9bat public est un enjeu crucial.<\/p>\n<p>Personne ne modifie ce que nous publions. Nous n\u2019avons ni actionnaire, ni propri\u00e9taire milliardaire \u2014 seulement une \u00e9quipe d\u2019irr\u00e9ductibles journalistes, pleine de d\u00e9termination.<\/p>\n<p>Nous avons la conviction que l\u2019urgence \u00e9cologique est l\u2019enjeu majeur de notre \u00e9poque. Et comme plus de 2 millions de lectrices et lecteurs chaque mois, vous partagez sans doute cette conviction&#8230;<\/p>\n<p><strong>Depuis 12 ans, nous publions des articles de qualit\u00e9 sur l\u2019\u00e9cologie, en acc\u00e8s libre et sans publicit\u00e9, pour tous.<\/strong><br class=\"autobr\"\/><br \/>\nMais ce travail demande beaucoup de temps et de ressources.<\/p>\n<p>Alors, si vous en avez les moyens, sachez qu\u2019un don, m\u00eame d\u20191\u20ac, est un acte de soutien fort pour l\u2019\u00e9cologie et le journalisme ind\u00e9pendant.<br class=\"autobr\"\/><br \/>\n(Et \u00e7a vous prendra moins de temps que la lecture de ce texte).<\/p>\n<p><strong>Si vous le pouvez, choisissez un soutien mensuel. Merci.<\/strong><\/p>\n<p><a target=\"_blank\" href=\"https:\/\/reporterre.net\/dons\" class=\"bt_soutenir\">Je soutiens <i>Reporterre<\/i><\/a><\/p>\n<\/p><\/div>\n<div class=\"encart encart_vert noprint montre_1023\">\n<div class=\"infolettre-form-container noprint\">\n<p>Abonnez-vous \u00e0 la lettre d\u2019info de Reporterre<\/p>\n<\/div><\/div>\n<\/aside>\n<aside class=\"boite_apresarticle encart_note\">\n<h4>Apr\u00e8s cet article<\/h4>\n<p>      <a target=\"_blank\" href=\"https:\/\/reporterre.net\/COP16-biodiversite-les-Etats-echouent-a-trouver-un-accord-sur-le-financement\" class=\"lien_article\">\n      <picture class=\"vignette_gauche\"><source type=\"image\/webp\" srcset=\"https:\/\/reporterre.net\/https:\/\/reporterre.net\/local\/cache-vignettes\/L450xH300\/afp__20241102__36ld7zc__v1__highres__colombiauncop16biodiversityenvironment_1_-81857.jpg@.webp?1737373644\"><img decoding=\"async\" src=\"https:\/\/reporterre.net\/local\/cache-vignettes\/L450xH300\/afp__20241102__36ld7zc__v1__highres__colombiauncop16biodiversityenvironment_1_-81857.jpg?1737373644\" width=\"450\" height=\"300\" alt=\"\" class=\"marge12\" loading=\"lazy\"\/><br \/>\n<\/source><\/picture>\n<p class=\"libelle\">\n<p>          Reportage \u2014<\/p>\n<p>      COP16\n    <\/p>\n<p class=\"titre pol20\"><span class=\"caps\">COP16<\/span>\u00a0: un \u00e9chec cuisant sur le financement<\/p>\n<p>      <\/a><br \/>\n    <\/aside>\n<aside class=\"boite_complement texte\">\n<p>      <!-- zone_forum --><br \/>\n          <\/aside>\n<aside class=\"boite_lireaussi noprint\">\n<\/aside>\n<aside class=\"colonne\">\n<div class=\"article_info cache_1023 noprint\">\n<p>    <span class=\"date\">28 f\u00e9vrier 2025  \u00e0 16h33<\/span><\/p>\n<p>    <span class=\"date_modif\">Mis \u00e0 jour le 28 f\u00e9vrier 2025 \u00e0 17h41<\/span>      <\/p>\n<p class=\"duree_lecture\">\n        Dur\u00e9e de lecture : 4 minutes\n      <\/p>\n<\/p><\/div>\n<div class=\"bloc_infolettre\">\n<div class=\"infolettre-form-container noprint\">\n<p>Abonnez-vous \u00e0 la lettre d\u2019info de Reporterre<\/p>\n<\/div><\/div>\n<\/aside>\n<div id=\"galerie\">\n  <img decoding=\"async\" src=\"\" class=\"principale\" id=\"principale\"\/><\/p>\n<p id=\"legende\">legende<\/p>\n<\/div>\n<footer class=\"noprint\">\n<\/footer>\n<\/div>\n<p><br \/>\n<br \/><a href=\"https:\/\/reporterre.net\/A-la-COP16-les-Etats-trouvent-enfin-un-accord-financier-pour-la-biodiversite\" target=\"_blank\"\">Source link <\/a><\/p>\n","protected":false},"excerpt":{"rendered":"<p>28 f\u00e9vrier 2025 \u00e0 16h33 Mis \u00e0 jour le 28 f\u00e9vrier 2025 \u00e0 17h41 Dur\u00e9e de lecture : 4 minutes En octobre dernier, la communaut\u00e9 internationale r\u00e9unie \u00e0 Cali, en&hellip; <\/p>\n","protected":false},"author":1,"featured_media":3574,"comment_status":"open","ping_status":"open","sticky":false,"template":"","format":"standard","meta":{"footnotes":""},"categories":[1],"tags":[],"class_list":["post-3573","post","type-post","status-publish","format-standard","has-post-thumbnail","hentry","category-non-classe"],"_links":{"self":[{"href":"https:\/\/monde25.info\/index.php\/wp-json\/wp\/v2\/posts\/3573","targetHints":{"allow":["GET"]}}],"collection":[{"href":"https:\/\/monde25.info\/index.php\/wp-json\/wp\/v2\/posts"}],"about":[{"href":"https:\/\/monde25.info\/index.php\/wp-json\/wp\/v2\/types\/post"}],"author":[{"embeddable":true,"href":"https:\/\/monde25.info\/index.php\/wp-json\/wp\/v2\/users\/1"}],"replies":[{"embeddable":true,"href":"https:\/\/monde25.info\/index.php\/wp-json\/wp\/v2\/comments?post=3573"}],"version-history":[{"count":0,"href":"https:\/\/monde25.info\/index.php\/wp-json\/wp\/v2\/posts\/3573\/revisions"}],"wp:featuredmedia":[{"embeddable":true,"href":"https:\/\/monde25.info\/index.php\/wp-json\/wp\/v2\/media\/3574"}],"wp:attachment":[{"href":"https:\/\/monde25.info\/index.php\/wp-json\/wp\/v2\/media?parent=3573"}],"wp:term":[{"taxonomy":"category","embeddable":true,"href":"https:\/\/monde25.info\/index.php\/wp-json\/wp\/v2\/categories?post=3573"},{"taxonomy":"post_tag","embeddable":true,"href":"https:\/\/monde25.info\/index.php\/wp-json\/wp\/v2\/tags?post=3573"}],"curies":[{"name":"wp","href":"https:\/\/api.w.org\/{rel}","templated":true}]}}