{"id":3581,"date":"2025-03-01T11:38:22","date_gmt":"2025-03-01T10:38:22","guid":{"rendered":"https:\/\/monde25.info\/index.php\/2025\/03\/01\/zelensky-sest-envole-pour-londres-apres-son-altercation-avec-trump-rt-en-francais\/"},"modified":"2025-03-01T11:38:22","modified_gmt":"2025-03-01T10:38:22","slug":"zelensky-sest-envole-pour-londres-apres-son-altercation-avec-trump-rt-en-francais","status":"publish","type":"post","link":"https:\/\/monde25.info\/index.php\/2025\/03\/01\/zelensky-sest-envole-pour-londres-apres-son-altercation-avec-trump-rt-en-francais\/","title":{"rendered":"Zelensky s&rsquo;est envol\u00e9 pour Londres apr\u00e8s son altercation avec Trump \u2014 RT en fran\u00e7ais"},"content":{"rendered":"<p> <br \/>\n<br \/><img decoding=\"async\" src=\"https:\/\/mf.b37mrtl.ru\/french\/images\/2025.03\/thumbnail\/67c2cbdd6f7ccc55e3381ab4.jpg\" \/><\/p>\n<div>\n<p class=\"text__summary\">\n                                        L&rsquo;avion du pr\u00e9sident ukrainien Volodymyr Zelensky s&rsquo;est envol\u00e9 pour l&rsquo;Angleterre apr\u00e8s sa dispute avec son homologue am\u00e9ricain Donald Trump le 28 f\u00e9vrier, selon FlightAware.\n                                    <\/p>\n<p>L&rsquo;avion des autorit\u00e9s ukrainiennes avec le pr\u00e9sident Volodymyr Zelensky \u00e0 son bord a quitt\u00e9\u00a0une base militaire am\u00e9ricaine \u00e0 6h53, heure de Moscou, ce 1er mars, et se dirige vers Londres, selon les donn\u00e9es de <a target=\"_blank\" href=\"https:\/\/www.flightaware.com\/live\/flight\/URABA\" target=\"_blank\" rel=\"noopener noreferrer\">FlightAware<\/a>. L&rsquo;avion A319 de la compagnie State Air Enterprise \u00abUkraine\u00bb, qui transporte les hauts fonctionnaires ukrainiens, devrait atterrir \u00e0 l&rsquo;a\u00e9roport de Stansted \u00e0 Londres \u00e0 13h42, heure de Moscou.<\/p>\n<p>Le dirigeant ukrainien a quitt\u00e9 Washington apr\u00e8s la r\u00e9union de la veille dans le bureau ovale, qui a tourn\u00e9 \u00e0 l&rsquo;altercation.\u00a0L&rsquo;Ukraine et les \u00c9tats-Unis devaient signer un accord sur les terres rares.<\/p>\n<p>Donald Trump\u00a0a lanc\u00e9 un ultimatum \u00e0 Volodymyr Zelensky, exigeant un accord de paix avec la Russie. Il a\u00a0<a target=\"_blank\" href=\"https:\/\/francais.rt.com\/news\/117417-zelensky-quitte-precipitamment-maison-blanche\">menac\u00e9<\/a>\u00a0de couper l&rsquo;aide am\u00e9ricaine, accusant Kiev de manquer de \u00abgratitude\u00bb et de de \u00abjouer avec la vie de millions de personnes\u00bb, risquant ainsi de provoquer une troisi\u00e8me guerre mondiale.<\/p>\n<p>Apr\u00e8s cela,\u00a0le dirigeant ukrainien a quitt\u00e9 Washington plus t\u00f4t que pr\u00e9vu, l&rsquo;accord et la conf\u00e9rence de presse ayant\u00a0\u00e9t\u00e9 annul\u00e9s.<\/p>\n<p>\u00abZelensky n&rsquo;est pas pr\u00eat pour la paix tant que l&rsquo;Am\u00e9rique est impliqu\u00e9e, car cela lui donne un avantage\u00bb, a <a target=\"_blank\" href=\"https:\/\/truthsocial.com\/@realDonaldTrump\/114082877976878390\" target=\"_blank\" rel=\"noopener noreferrer\">\u00e9crit<\/a>\u00a0plus tard Donald Trump sur son r\u00e9seau, Truth Social, soulignant que celui-ci\u00a0pouvait revenir aux \u00c9tats-Unis s&rsquo;il voulait vraiment la paix.<\/p>\n<p>Le 2 mars, des dirigeants europ\u00e9ens <a target=\"_blank\" href=\"https:\/\/www.barrons.com\/news\/starmer-invites-over-a-dozen-leaders-to-sunday-ukraine-summit-7b215ee4\" target=\"_blank\" rel=\"noopener noreferrer\">rencontreront<\/a>\u00a0Volodymyr Zelenski\u00a0\u00e0 Londres pour \u00abfaire avancer\u00bb l&rsquo;action sur l&rsquo;Ukraine et la s\u00e9curit\u00e9, a d\u00e9clar\u00e9 le bureau du Premier ministre britannique Keir Starmer. Un sommet de l&rsquo;UE devrait se tenir plus tard, le 6 mars, au cours duquel seront \u00e9galement discut\u00e9es les d\u00e9cisions relatives au soutien \u00e0 l&rsquo;Ukraine et au \u00abrenforcement de la d\u00e9fense europ\u00e9enne\u00bb, a <a target=\"_blank\" href=\"https:\/\/x.com\/eucopresident\/status\/1893707647565881651\" target=\"_blank\" rel=\"noopener noreferrer\">d\u00e9clar\u00e9<\/a>\u00a0sur\u00a0X le chef du Conseil europ\u00e9en, Antonio Costa.<\/p>\n<h2>Les dirigeants europ\u00e9ens soutiennent Zelensky<\/h2>\n<p>The <em>Independent<\/em> rapporte que le Premier ministre britannique Keir Starmer a <a target=\"_blank\" href=\"https:\/\/www.independent.co.uk\/news\/uk\/home-news\/donald-trump-volodymyr-zelensky-keir-starmer-oval-office-white-house-b2706979.html\" target=\"_blank\" rel=\"noopener noreferrer\">exprim\u00e9<\/a>\u00a0son \u00absoutien ind\u00e9fectible \u00e0 l&rsquo;Ukraine\u00bb apr\u00e8s l&rsquo;incident survenu \u00e0 la Maison Blanche.<\/p>\n<p>Le pr\u00e9sident fran\u00e7ais Emmanuel Macron s&rsquo;est \u00e9galement exprim\u00e9 en faveur du dirigeant ukrainien, notant que l&rsquo;Occident avait eu raison d&rsquo;imposer des sanctions anti-russes et va continuer de le faire.<\/p>\n<div class=\"rtcode\">\n<blockquote class=\"twitter-tweet\">\n<p lang=\"en\" dir=\"ltr\">There is an aggressor: Russia.<\/p>\n<p>There is a victim: Ukraine.<\/p>\n<p>We were right to help Ukraine and sanction Russia three years ago\u2014and to keep doing so.<\/p>\n<p>By \u201cwe,\u201d I mean the Americans, the Europeans, the Canadians, the Japanese, and many others.<\/p>\n<p>Thank you to\u2026<\/p>\n<p>\u2014 Emmanuel Macron (@EmmanuelMacron) <a target=\"_blank\" href=\"https:\/\/twitter.com\/EmmanuelMacron\/status\/1895582703556444404?ref_src=twsrc%5Etfw\">February 28, 2025<\/a><\/p><\/blockquote>\n<\/div>\n<p>Le chancelier allemand Olaf Scholz s&rsquo;est \u00e9galement exprim\u00e9, d\u00e9clarant notamment : \u00abPersonne ne veut la paix autant que les Ukrainiens.\u00bb<\/p>\n<div class=\"rtcode\">\n<blockquote class=\"twitter-tweet\">\n<p lang=\"en\" dir=\"ltr\">Nobody wants peace more than the Ukrainians do. Therefore we are working on a common path to a lasting and just peace. Ukraine can rely on Germany \u2013 and on Europe.<\/p>\n<p>\u2014 Bundeskanzler Olaf Scholz (@Bundeskanzler) <a target=\"_blank\" href=\"https:\/\/twitter.com\/Bundeskanzler\/status\/1895568931961913565?ref_src=twsrc%5Etfw\">February 28, 2025<\/a><\/p><\/blockquote>\n<\/div>\n<\/div>\n<p><script async src=\"\/\/platform.twitter.com\/widgets.js\" charset=\"utf-8\"><\/script><br \/>\n<br \/><br \/>\n<br \/><a href=\"https:\/\/francais.rt.com\/international\/117420-zelensky-sest-envole-pour-londres-apres-trump\" target=\"_blank\"\">Source link <\/a><\/p>\n","protected":false},"excerpt":{"rendered":"<p>L&rsquo;avion du pr\u00e9sident ukrainien Volodymyr Zelensky s&rsquo;est envol\u00e9 pour l&rsquo;Angleterre apr\u00e8s sa dispute avec son homologue am\u00e9ricain Donald Trump le 28 f\u00e9vrier, selon FlightAware. L&rsquo;avion des autorit\u00e9s ukrainiennes avec le&hellip; <\/p>\n","protected":false},"author":1,"featured_media":3582,"comment_status":"open","ping_status":"open","sticky":false,"template":"","format":"standard","meta":{"footnotes":""},"categories":[1],"tags":[],"class_list":["post-3581","post","type-post","status-publish","format-standard","has-post-thumbnail","hentry","category-non-classe"],"_links":{"self":[{"href":"https:\/\/monde25.info\/index.php\/wp-json\/wp\/v2\/posts\/3581","targetHints":{"allow":["GET"]}}],"collection":[{"href":"https:\/\/monde25.info\/index.php\/wp-json\/wp\/v2\/posts"}],"about":[{"href":"https:\/\/monde25.info\/index.php\/wp-json\/wp\/v2\/types\/post"}],"author":[{"embeddable":true,"href":"https:\/\/monde25.info\/index.php\/wp-json\/wp\/v2\/users\/1"}],"replies":[{"embeddable":true,"href":"https:\/\/monde25.info\/index.php\/wp-json\/wp\/v2\/comments?post=3581"}],"version-history":[{"count":0,"href":"https:\/\/monde25.info\/index.php\/wp-json\/wp\/v2\/posts\/3581\/revisions"}],"wp:featuredmedia":[{"embeddable":true,"href":"https:\/\/monde25.info\/index.php\/wp-json\/wp\/v2\/media\/3582"}],"wp:attachment":[{"href":"https:\/\/monde25.info\/index.php\/wp-json\/wp\/v2\/media?parent=3581"}],"wp:term":[{"taxonomy":"category","embeddable":true,"href":"https:\/\/monde25.info\/index.php\/wp-json\/wp\/v2\/categories?post=3581"},{"taxonomy":"post_tag","embeddable":true,"href":"https:\/\/monde25.info\/index.php\/wp-json\/wp\/v2\/tags?post=3581"}],"curies":[{"name":"wp","href":"https:\/\/api.w.org\/{rel}","templated":true}]}}