{"id":3591,"date":"2025-03-01T16:09:00","date_gmt":"2025-03-01T15:09:00","guid":{"rendered":"https:\/\/monde25.info\/index.php\/2025\/03\/01\/enquete-exclusive-les-dessous-pas-tres-propres-de-lagence-francaise-de-developpement-le-financement-partie-1\/"},"modified":"2025-03-01T16:09:00","modified_gmt":"2025-03-01T15:09:00","slug":"enquete-exclusive-les-dessous-pas-tres-propres-de-lagence-francaise-de-developpement-le-financement-partie-1","status":"publish","type":"post","link":"https:\/\/monde25.info\/index.php\/2025\/03\/01\/enquete-exclusive-les-dessous-pas-tres-propres-de-lagence-francaise-de-developpement-le-financement-partie-1\/","title":{"rendered":"Enqu\u00eate exclusive : les dessous pas tr\u00e8s propres de l&rsquo;Agence Fran\u00e7aise de D\u00e9veloppement &#8211; le financement. Partie 1"},"content":{"rendered":"<p> <br \/>\n<\/p>\n<div>\n<p><strong>L&rsquo;Agence fran\u00e7aise de d\u00e9veloppement\u00a0(AFD), qu&rsquo;est-ce ?<\/strong>\u00a0<\/p>\n<p>Selon Wikip\u00e9dia, l&rsquo;AFD est une \u00ab\u00a0institution financi\u00e8re publique\u00a0\u00bb qui met en \u0153uvre la politique de d\u00e9veloppement de la France, et agit pour combattre la pauvret\u00e9 et favoriser le d\u00e9veloppement durable. L&rsquo;AFD est pr\u00e9sente en\u00a0Afrique, en\u00a0Asie, au\u00a0Moyen-Orient, en\u00a0Am\u00e9rique latine, dans les Cara\u00efbes et l&rsquo;Outre-mer. Elle finance et accompagne des projets \u00ab\u00a0<em>qui am\u00e9liorent les conditions de vie des populations, soutiennent la croissance \u00e9conomique et prot\u00e8gent la plan\u00e8te.<\/em>\u00a0\u00bb<\/p>\n<p><strong>Voil\u00e0 pour la th\u00e9orie. Le c\u00f4t\u00e9 officiel. Mais, qu&rsquo;en est-il en pratique, dans la r\u00e9alit\u00e9 du terrain ?<\/strong><\/p>\n<p>Tout d&rsquo;abord, l&rsquo;AFD est une agence multiple, c&rsquo;est-\u00e0-dire un organisme financier qui se r\u00e9clame de la R\u00e9publique fran\u00e7aise. Sur tous les documents officiels de l&rsquo;AFD et partout sur son site internet, il y a le logo de la R\u00e9publique fran\u00e7aise. Voici quelques exemples\u00a0:<\/p>\n<p><img decoding=\"async\" data-entity-uuid=\"16a7cd84-ca9e-4990-88d3-dab1d0d1fb2e\" data-entity-type=\"file\" alt=\"Enqu\u00eate AFD - R\u00e9publique fran\u00e7aise\" width=\"1004\" height=\"518\" loading=\"lazy\" class=\"lazyload\" src=\"https:\/\/www.francesoir.fr\/sites\/default\/files\/inline-images\/image_90.png\"\/><\/p>\n<p>Mais, ce n\u2019est pas le cas de toutes les agences au service de la France, par exemple CFI ne met pas le logo R\u00e9publique fran\u00e7aise \u2013 je vous reparlerai prochainement de cette agence qui est une entreprise du groupe France M\u00e9dia Monde.\u00a0 La transparence ne fait pas l\u00e9gion l\u00e0-bas non plus\u00a0!\u00a0<\/p>\n<p><img decoding=\"async\" data-entity-uuid=\"b17db6d7-1b5a-4421-b027-bcea4a1641d1\" data-entity-type=\"file\" alt=\"Enqu\u00eate AFD - CFI\" width=\"1004\" height=\"557\" loading=\"lazy\" class=\"lazyload\" src=\"https:\/\/www.francesoir.fr\/sites\/default\/files\/inline-images\/image_91.png\"\/><\/p>\n<p>\u00a0<\/p>\n<p>En tant qu&rsquo;organisation estampill\u00e9e \u00ab R\u00e9publique fran\u00e7aise \u00bb, l&rsquo;AFD agit selon la formule consacr\u00e9e \u00ab\u00a0 au nom du peuple fran\u00e7ais.\u00a0\u00bb. En cela, l&rsquo;AFD est donc cens\u00e9e agir au nom des 68 millions de Fran\u00e7ais que nous sommes, et surtout pour notre compte, c&rsquo;est-\u00e0-dire <strong>dans le sens de l&rsquo;int\u00e9r\u00eat public<\/strong>, <strong>le bien commun<\/strong>. N\u00e9anmoins, comme pour chacune d&rsquo;autres organisations qui, officiellement, officient \u00ab\u00a0au nom du peuple fran\u00e7ais\u00a0\u00bb, entre la jolie th\u00e9orie des statuts et la triste r\u00e9alit\u00e9 de la pratique, la diff\u00e9rence est grande. Tr\u00e8s grande. Et, elle ne va aucunement dans le sens de l&rsquo;int\u00e9r\u00eat commun. Bien au contraire.<\/p>\n<p>D\u00e9j\u00e0, parmi les 68 millions de Fran\u00e7ais que nous sommes, seules tr\u00e8s, tr\u00e8s peu de personnes ont d\u00e9j\u00e0 entendu parler de l\u2019existence de cette organisation qui pourtant, soi-disant, agit en notre nom \u00e0 tous.\u00a0<\/p>\n<p>La plupart des personnes la confondent avec l&rsquo;AFP, l&rsquo;Agence France Presse, ou pour certains avec le parti politique allemand AfD. H\u00e9las, il n&rsquo;y a rien d&rsquo;\u00e9tonnant \u00e0 cela. La confusion ambiante est entretenue de main de ma\u00eetre avec l&rsquo;inversion des valeurs orchestr\u00e9e par nos hauts fonctionnaires et politiques, c\u2019est fameux \u00ab\u00a0diviseurs\u00a0\u00bb. Ces mystificateurs que dans sa grande majorit\u00e9 le peuple met un point d&rsquo;honneur \u00e0 ne pas vouloir comprendre qui ils sont. Il faut dire aussi que trop rares sont les journaux qui s&#8217;emploient \u00e0 les d\u00e9signer formellement, nos diviseurs. C&rsquo;est une fiert\u00e9 pour nous, France-Soir est en pole-position sur le sujet depuis des ann\u00e9es.<\/p>\n<p>Et nous appr\u00e9cions que nos enqu\u00eates et nos articles soient repris, sans \u00eatre cit\u00e9s, par des politiques tel que r\u00e9cemment, ce fut le cas par Guillaume Bigot et Sarah Knafo. Xavier Azalbert l\u2019a d\u2019ailleurs crois\u00e9 \u00e0 l\u2019a\u00e9roport de Dulles, Washington DC de son retour des \u00c9tats-Unis, quelque deux jours apr\u00e8s l\u2019inauguration du pr\u00e9sident Trump et de sa vague de d\u00e9crets dont le gel des financements de l\u2019USAID\u00a0! Il lui dira\u00a0: \u00ab<em>\u00a0vous savez, en France, nous avons notre USAID, avec l\u2019Agence Fran\u00e7aise du D\u00e9veloppement ou du D\u00e9tournement d\u2019attention sur laquelle j\u2019ai enqu\u00eat\u00e9<\/em>\u00a0\u00bb (depuis 2021). Quant \u00e0 Guillaume Bigot, il avait aussi re\u00e7u l\u2019enqu\u00eate sur la plainte visant Ursula von der Leyen, mais sauf erreur de notre part, il n\u2019a pas choisi d\u2019en parler.\u00a0<\/p>\n<blockquote class=\"twitter-tweet\">\n<p lang=\"fr\" dir=\"ltr\">\u270d\ufe0f EDITO \u2013 Soup\u00e7ons de d\u00e9tournements et d&rsquo;abus de confiance dans l\u2019affaire du fonds Marianne. Que pourrait-on trouver dans les comptes de la Dilcrah ou, mieux encore, de l&rsquo;AFD, dot\u00e9e de 13 milliards ? Touchez pas au grisbi ?\u00a0 Par <a target=\"_blank\" href=\"https:\/\/twitter.com\/xazalbert?ref_src=twsrc%5Etfw\">@xazalbert<\/a>. \ud83d\udc47<br \/><a target=\"_blank\" href=\"https:\/\/t.co\/RfRX0iQXAs\">https:\/\/t.co\/RfRX0iQXAs<\/a><\/p>\n<p>\u2014 France-Soir (@france_soir) <a target=\"_blank\" href=\"https:\/\/twitter.com\/france_soir\/status\/1726645427024642126?ref_src=twsrc%5Etfw\">November 20, 2023<\/a><\/p>\n<\/blockquote>\n<p>Mais, revenons \u00e0 l&rsquo;AFD.<\/p>\n<p>\u00a0<\/p>\n<p><strong>L&rsquo;Agence France D\u00e9veloppement\u00a0: une organisation avant tout financi\u00e8re.<\/strong><\/p>\n<p>Dans les faits, l&rsquo;Agence Fran\u00e7aise de D\u00e9veloppement est avant toute chose une organisation financi\u00e8re, et non pas une organisation humanitaire, comme le laissent faussement entendre l&rsquo;activit\u00e9 apparente de l&rsquo;AFD et les nombreux documents mis en ligne sur son site.<\/p>\n<p>Pour s&rsquo;en convaincre, reprenons l&rsquo;historique de L&rsquo;AFD, \u00e0 savoir fid\u00e8lement \u00e0 cet adage d&rsquo;origine Malgache\u00a0: \u00ab<em>\u00a0si tu ne sais pas d\u2019o\u00f9 tu viens, alors souviens-toi d\u2019o\u00f9 tu es parti.\u00a0<\/em>\u00bb<\/p>\n<p>Et d\u2019o\u00f9 l&rsquo;AFD est-elle partie,\u00a0justement ?<\/p>\n<p>Sa forme juridique\u00a0est tout \u00e0 fait r\u00e9v\u00e9latrice de la r\u00e9alit\u00e9 de sa vraie \u00ab\u00a0mission\u00a0\u00bb sur le terrain. En effet, voici les statuts de l&rsquo;AFD <a target=\"_blank\" href=\"https:\/\/www.afd.fr\/fr\/ressources\/statuts-de-lafd\">tels qu&rsquo;ils apparaissent sur le son site internet<\/a>\u00a0:<\/p>\n<p class=\"text-align-center\"><img decoding=\"async\" data-entity-uuid=\"56fb611a-3353-44cc-99c7-f9e5ac9beb7f\" data-entity-type=\"file\" alt=\"Enqu\u00eate AFD - statuts\" width=\"348\" height=\"421\" loading=\"lazy\" class=\"lazyload\" src=\"https:\/\/www.francesoir.fr\/sites\/default\/files\/inline-images\/image_92.png\"\/><\/p>\n<p>Oui\u00a0! L&rsquo;agence Fran\u00e7aise de d\u00e9veloppement est un \u00e9tablissement public de l&rsquo;\u00e9tat \u00e0 caract\u00e8re \u00ab\u00a0industriel et commercial\u00a0\u00bb, et non pas une ONG \u00ab\u00a0\u00e0 but non lucratif\u00a0\u00bb, comme semble le sugg\u00e9rer subtilement et insidieusement les nombreux articles de l&rsquo;AFD. Et, en tant qu&rsquo;\u00e9tablissement public, le financement de l&rsquo;AFD est enti\u00e8rement \u00e0 la charge du contribuable fran\u00e7ais.<\/p>\n<p>D\u2019ailleurs, il est int\u00e9ressant de regarder ce que l\u2019AFD dit d\u2019elle-m\u00eame dans un post r\u00e9cent sur X, pour donner suite aux nombreuses interrogations sur son r\u00f4le\u00a0: \u00ab <em>L\u2019AFD serait donc d\u2019abord une banque, car 85 % de notre activit\u00e9, ce sont des pr\u00eats que nous accordons<\/em>. \u00bb<\/p>\n<blockquote class=\"twitter-tweet\">\n<p lang=\"fr\" dir=\"ltr\">Face au flot d\u2019informations non-v\u00e9rifi\u00e9es lanc\u00e9es au sujet de nos activit\u00e9s, remettons les pendules \u00e0 l\u2019heure :<\/p>\n<p>\u2705 L\u2019AFD est d\u2019abord une banque car 85 % de notre activit\u00e9 ce sont des pr\u00eats que nous accordons.\u00a0<\/p>\n<p>\u2705 L\u2019AFD est une banque publique efficace et \u00e9conome, avec un effet\u2026 <a target=\"_blank\" href=\"https:\/\/t.co\/lwjkCDic2Q\">pic.twitter.com\/lwjkCDic2Q<\/a><\/p>\n<p>\u2014 Agence Fran\u00e7aise de #D\u00e9veloppement (AFD) \ud83c\uddeb\ud83c\uddf7 \ud83c\uddea\ud83c\uddfa (@AFD_France) <a target=\"_blank\" href=\"https:\/\/twitter.com\/AFD_France\/status\/1891949268623294507?ref_src=twsrc%5Etfw\">February 18, 2025<\/a><\/p>\n<\/blockquote>\n<p>\u00a0<\/p>\n<p>C\u2019est donc un EPIC, Etablissement public \u00e0 caract\u00e8re industriel et commercial, avec une autonomie financi\u00e8re et une mission d&rsquo;int\u00e9r\u00eat g\u00e9n\u00e9ral soumise \u00e0 des r\u00e8gles sp\u00e9cifiques aux \u00e9tablissements publics. Depuis le 30 juin 2017, l\u2019AFD a chang\u00e9 de statut pour devenir soci\u00e9t\u00e9 de financement aupr\u00e8s de la BCE (Banque centrale europ\u00e9enne), en remplacement de son pr\u00e9c\u00e9dent statut d&rsquo;\u00e9tablissement de cr\u00e9dit. Ce changement lui permet de mobiliser des ressources sur les march\u00e9s internationaux.<\/p>\n<p>Ses missions et objectifs fondamentaux sont de <strong>mettre en \u0153uvre la politique fran\u00e7aise de d\u00e9veloppement et de solidarit\u00e9 internationale<\/strong>, lutter contre la pauvret\u00e9, et promouvoir le d\u00e9veloppement durable sans que l\u2019on connaisse exactement selon quels crit\u00e8res\u00a0!<\/p>\n<p>\u00a0<\/p>\n<p><strong>Mais, qu&rsquo;est devenue l&rsquo;AFD\u00a0?<\/strong><\/p>\n<p>Quasiment, d\u00e8s sa cr\u00e9ation, l&rsquo;AFD est devenue un groupe financier qui aujourd&rsquo;hui d\u00e9tient des participations dans sept soci\u00e9t\u00e9s priv\u00e9es de premier rang, et qui elles, sont purement financi\u00e8res et affichent un but lucratif clairement effectif. Effectif et atteint gr\u00e2ce \u00e0 l&rsquo;argent public. Nous y reviendrons apr\u00e8s.<\/p>\n<p>L\u2019AFD (<a target=\"_blank\" href=\"https:\/\/x.com\/AFD_France\">@AFD_France<\/a>) agit donc comme une institution financi\u00e8re publique, avec des activit\u00e9s bancaires (pr\u00eats, subventions, garanties), un r\u00f4le d&rsquo;op\u00e9rateur pivot de l&rsquo;aide publique au d\u00e9veloppement (APD), sous la tutelle de plusieurs minist\u00e8res, le minist\u00e8re des Affaires \u00e9trang\u00e8res\u00a0 (<a target=\"_blank\" href=\"https:\/\/x.com\/francediplo\">@francediplo<\/a>) et le minist\u00e8re de l\u2019Economie et des Finances (<a target=\"_blank\" href=\"https:\/\/x.com\/Economie_Gouv\">@Economie_Gouv<\/a>).<\/p>\n<p>Voici les noms les sept soci\u00e9t\u00e9s priv\u00e9es dans lesquelles l&rsquo;AFD d\u00e9tient des participations. Tous ces noms sont extraits du\u00a0<a target=\"_blank\" href=\"https:\/\/www.afd.fr\/sites\/afd\/files\/2024-04-04-57-20\/AFD2023_URD_FR_240426_PDF_MEL_V2%20%281%29.pdf\">rapport financier du 31 d\u00e9cembre 2023 fourni par l&rsquo;AFD elle-m\u00eame<\/a> :<\/p>\n<p><img decoding=\"async\" data-entity-uuid=\"87adda38-bb08-4e3b-91f8-966e11081232\" data-entity-type=\"file\" alt=\"Enqu\u00eate AFD - bilan groupe\" width=\"1004\" height=\"481\" loading=\"lazy\" class=\"lazyload\" src=\"https:\/\/www.francesoir.fr\/sites\/default\/files\/inline-images\/image_93.png\"\/><\/p>\n<p>La soci\u00e9t\u00e9 <strong>PROPARCO<\/strong>\u00a0: \u00ab\u00a0<strong>Pro<\/strong>motion et de\u00a0<strong>par<\/strong>ticipation pour la\u00a0<strong>co<\/strong>op\u00e9ration \u00e9conomique\u00a0\u00bb figure en premi\u00e8re ligne. En 2023, PROPARCO a eu une partie de son agr\u00e9ment retir\u00e9 par d\u00e9cision de la BCE ou de l\u2019ACPR (Autorit\u00e9 de Contr\u00f4le Prudentiel et des Risques \u2013 organe de contr\u00f4le de la Banque de France). Elle n\u2019est donc plus entreprise d\u2019investissement, mais reste agr\u00e9\u00e9e en tant que soci\u00e9t\u00e9 de financement. Les donn\u00e9es disponibles ne permettent pas d\u2019analyser les raisons de ce retrait d\u2019agr\u00e9ment. Est suite \u00e0 une demande de la soci\u00e9t\u00e9\u00a0? Si oui, pourquoi\u00a0ce retrait en 2023\u00a0?<\/p>\n<p><img decoding=\"async\" data-entity-uuid=\"94da3d74-bcd4-426b-8e98-1aa5c314bd7d\" data-entity-type=\"file\" alt=\"Enqu\u00eate AFD - retrait d'agr\u00e9ment\" width=\"1004\" height=\"889\" loading=\"lazy\" class=\"lazyload\" src=\"https:\/\/www.francesoir.fr\/sites\/default\/files\/inline-images\/image_94.png\"\/><\/p>\n<p>Cependant, la PROPARCO a \u00e9t\u00e9 mise en cause en 2014 \u00e0 travers <a target=\"_blank\" href=\"https:\/\/www.mediapart.fr\/journal\/international\/081217\/proparco-filiale-de-l-afd-passe-toujours-par-des-paradis-fiscaux\">sa filiale \u00ab\u00a0 financements priv\u00e9s\u00a0\u00bb pour investissements offshore \u00ab\u00a0intempestifs\u00a0\u00bb<\/a>\u00a0:<\/p>\n<blockquote>\n<p>\u00ab\u00a0<em>PROPARCO, filiale de l\u2019AFD, passe toujours par des paradis fiscaux &#8211; Apr\u00e8s la mise en cause, en 2014, de sa filiale \u201cfinancements priv\u00e9s\u201d pour ses investissements offshore, l\u2019Agence fran\u00e7aise du d\u00e9veloppement s\u2019est dot\u00e9e de r\u00e8gles pour \u00e9viter les paradis fiscaux. Sauf que sa d\u00e9finition des pays concern\u00e9s est si restrictive que les \u00eeles Ca\u00efmans ou Malte n\u2019y figurent pas. Les investissements passant par ces \u00c9tats continuent.\u00a0<\/em>\u00bb<\/p>\n<\/blockquote>\n<p>Pourtant, officiellement, la PROPARCO affirme mettre un point d&rsquo;honneur \u00e0 lutter contre la fraude, la corruption et le blanchiment d&rsquo;argent dans le secteur priv\u00e9. En atteste <a target=\"_blank\" href=\"https:\/\/www.proparco.fr\/fr\/une-institution-engagee-dans-la-promotion-dun-secteur-prive-responsable-1\">l&rsquo;affirmation en ce sens qui appara\u00eet sur la premi\u00e8re page de son site internet<\/a>\u00a0:<\/p>\n<p><img decoding=\"async\" data-entity-uuid=\"1e8d7390-5f8f-4d55-982e-6921f34d2782\" data-entity-type=\"file\" alt=\"Enqu\u00eate AFD - Promotion secteur responsable\" width=\"1004\" height=\"458\" loading=\"lazy\" class=\"lazyload\" src=\"https:\/\/www.francesoir.fr\/sites\/default\/files\/inline-images\/image_95.png\"\/><\/p>\n<p>Mais, PROPARCO s\u2019illustre aussi dans les incoh\u00e9rences du groupe AFD qui se dit engag\u00e9s pour la r\u00e9duction des pollutions et la valorisation des \u00e9nergies renouvelables alors qu\u2019il finance des centrales au charbon au S\u00e9n\u00e9gal et en Chine\u00a0! <strong>Les \u00e9nergies renouvelables du futur dans certains pays seraient donc celles que l\u2019on interdit dans notre vieille Europe.<\/strong> Serait-ce pour faire plaisir aux Allemands qui n\u2019ont pas un parc nucl\u00e9aire tel que le n\u00f4tre\u00a0? On ne sait d\u2019ailleurs toujours pas sur quelle base scientifique PROPARCO s\u2019engage en faveur du climat, ni sur quelle base sociologique sur la th\u00e9orie du genre.\u00a0 Ne serait-il pas plus utile de d\u00e9fendre des causes simples, comme les droits fondamentaux, par exemple\u00a0? \u00c0 commencer par les droits des femmes en Afrique ou dans des pays sur d&rsquo;autres continents, ainsi que la protection des enfants\u00a0?<\/p>\n<p>D\u2019ailleurs, en 2022, PROPARCO et le groupe AFD ont publi\u00e9 un document intitul\u00e9 <a target=\"_blank\" href=\"https:\/\/www.proparco.fr\/sites\/proparco\/files\/2023-04-05-12-29\/Groupe%20AFD%20-%20Liste%20exclusion.pdf\">\u00ab\u00a0liste d\u2019exclusion\u00a0\u00bb<\/a>. Regardez plut\u00f4t les exclusions d\u2019activit\u00e9s et activ\u00e9s ill\u00e9gales. Un prochain volet se penchera sur le d\u00e9tail de ces exclusions afin de voir si cela correspond \u00e0 la r\u00e9alit\u00e9 du terrain ou juste \u00e0 un \u00e9crit pour bien faire sur un \u00e9ni\u00e8me document. Investir en Chine et au S\u00e9n\u00e9gal dans des centrales \u00e0 charbon ne semble pas\u00a0vraiment\u00a0align\u00e9\u00a0avec\u00a0les exclusions\u00a0! Mais, c\u2019\u00e9tait avant 2022 et cette fameuse liste d\u2019exclusion.<\/p>\n<p><img decoding=\"async\" data-entity-uuid=\"79758ebd-bfd8-4aca-8148-5ea812913dca\" data-entity-type=\"file\" alt=\"Enqu\u00eate AFD - liste d'exclusion\" width=\"1004\" height=\"534\" loading=\"lazy\" class=\"lazyload\" src=\"https:\/\/www.francesoir.fr\/sites\/default\/files\/inline-images\/image_96.png\"\/><\/p>\n<p>De plus, il sera int\u00e9ressant de se pencher sur les strat\u00e9gies sur la transition \u00e9nerg\u00e9tique mises en place dans certains pays qui ont de v\u00e9ritables ressources naturelles en \u00ab\u00a0oil and gas\u00a0\u00bb. Est-ce vraiment \u00ab\u00a0\u00e9conologique\u00a0\u00bb (\u00e9conomique et \u00e9cologique) que d\u2019importer des panneaux solaires chinois, de la transporter sur des milliers de kilom\u00e8tres avec une n\u00e9cessit\u00e9 de les remplacer avec l\u2019obsolescence alors que certains de ses pays regorgent de ressources naturelles\u00a0? Est-ce cela rendre un pays autonome et ind\u00e9pendant\u00a0? C\u2019est-\u00e0-dire faciliter la d\u00e9pendance globale sur des produits \u00e9trangers plut\u00f4t que de favoriser le d\u00e9veloppement local et les circuits courts\u00a0?\u00a0 Idem pour les \u00e9oliennes produites \u00e0 des milliers de kilom\u00e8tres qui viennent d\u00e9naturer les paysages pour une \u00e9nergie intermittente et couteuse. Est-ce vraiment cela le progr\u00e8s et aider les pays en voie de d\u00e9veloppement\u00a0? Nous aborderons ces questions dans un prochain chapitre.<\/p>\n<p>On retrouve chez les dirigeants de la PROPARCO, filiale de l&rsquo;AFD, et par cons\u00e9quence chez les dirigeants de l&rsquo;AFD eux-m\u00eames, la pleine pertinence de cette maxime sur la probit\u00e9 publique qui nous est livr\u00e9e par ce distique (paire d&rsquo;alexandrins) d\u00e9j\u00e0 plusieurs fois cit\u00e9 dans ces colonnes \u00e0 propos, entre autres pollueurs informationnels, des politiciens\u00a0:\u00ab\u00a0<em><strong>Les pires criminels, croyez-moi, souvent sont,<\/strong><\/em> <em><strong>les r\u00e9criminateurs, les donneurs de le\u00e7ons<\/strong><\/em>\u00a0\u00bb. Ceux-l\u00e0 m\u00eames qui sont toujours pr\u00eats et prompts \u00e0 faire usage de la maxime \u00ab\u00a0<em>Fais ce que je dis, pas ce que je fais.<\/em>\u00a0\u00bb<\/p>\n<p>Notons d&rsquo;ailleurs \u00e0 cet \u00e9gard que, comme sa maison m\u00e8re qu&rsquo;est l&rsquo;AFD, voici ce que la PROPARCO fait pour attester de la probit\u00e9 qu&rsquo;elle revendique\u00a0: elle aussi se revendique de la R\u00e9publique fran\u00e7aise.<br \/>\u00a0<\/p>\n<p><img decoding=\"async\" data-entity-uuid=\"46a187bd-d8a3-4972-bed5-25f6f0d922fc\" data-entity-type=\"file\" alt=\"Enqu\u00eate AFD - PROPARCO aussi RF\" width=\"785\" height=\"66\" loading=\"lazy\" class=\"lazyload\" src=\"https:\/\/www.francesoir.fr\/sites\/default\/files\/inline-images\/image_98.png\"\/><\/p>\n<p>Notons \u00e9galement que PROPARCO a lanc\u00e9 en 2017,\u00a0<a target=\"_blank\" href=\"https:\/\/www.animalpensant.com\/realisations\/proparco-se-dote-dun-magazine-dentreprise\/\">une revue\u00a0: \u00ab\u00a0Le Magazine\u00a0\u00bb dont les vues d\u00e9passant rarement 300 vues pour une production qui doit co\u00fbter un bras<\/a>.<\/p>\n<p><img decoding=\"async\" data-entity-uuid=\"18a36b21-e3c7-4bf2-843b-806e4d1d9991\" data-entity-type=\"file\" alt=\"Enqu\u00eate AFD - Le magazine\" width=\"1004\" height=\"444\" loading=\"lazy\" class=\"lazyload\" src=\"https:\/\/www.francesoir.fr\/sites\/default\/files\/inline-images\/image_99.png\"\/><\/p>\n<p>Nous pouvons lire que la PROPARCO a de nombreuses filiales \u00e0 l&rsquo;\u00e9tranger. Nous avons ainsi affaire \u00e0 une organisation tentaculaire internationale, ce qui forc\u00e9ment atteste du fait que la PROPARCO, et donc l&rsquo;AFD elle-m\u00eame, officient dans le strict respect des r\u00e8gles morales et des r\u00e8glements.<\/p>\n<p>Ce magazine est d\u2019ailleurs produit par une agence au sobriquet curieux (\u00ab\u00a0<strong>Animal pensant\u00a0<\/strong>\u00bb) <a target=\"_blank\" href=\"https:\/\/www.animalpensant.com\/clients\/\">semble servir grand nombre d\u2019institutions fran\u00e7aises<\/a> comme le Conseil d\u2019Etat, \u00e0 la Cour des comptes, l\u2019IRD, l\u2019IGN, M\u00e9decins du monde, la Fondation M\u00e9rieux, l\u2019Universit\u00e9 de Lyon, l\u2019Agence Nationale de la Recherche, le CESE, France-TV, le CNRS, le minist\u00e8re de la Culture, l\u2019Ecole Nationale de la Magistrature, Kering Fondation et le minist\u00e8re des Affaires Etrang\u00e8res. On parle ici de d\u00e9penses de communication importantes coordonn\u00e9es par une seule agence, dont la plus importante r\u00e9cemment est avec la R\u00e9gion \u00cele-de-France. Ceci, bien s\u00fbr, pour un montant non d\u00e9clar\u00e9. Transparence avec les fonds publics oblige\u00a0!\u00a0<\/p>\n<p>Voici quels sont les <a target=\"_blank\" href=\"https:\/\/www.pappers.fr\/entreprise\/animal-pensant-795401363\">march\u00e9s publics remport\u00e9s par cette agenc<\/a>e publi\u00e9s\u00a0:<\/p>\n<p class=\"text-align-center\"><img decoding=\"async\" data-entity-uuid=\"b6bdec5d-22e0-4528-984c-0a1e2595a0c2\" data-entity-type=\"file\" alt=\"Enqu\u00eate AFD - march\u00e9s publics Animal Pensant\" width=\"711\" height=\"465\" loading=\"lazy\" class=\"lazyload\" src=\"https:\/\/www.francesoir.fr\/sites\/default\/files\/inline-images\/image_100.png\"\/><\/p>\n<ul>\n<li>Le premier pour 69 975 euros avec l\u2019Institut fran\u00e7ais pour la production de film, un march\u00e9 attribu\u00e9 aussi \u00e0 Bearing Point un cabinet de conseil qui s\u2019est illustr\u00e9 par ses services pendant la crise sanitaire.<\/li>\n<li>\n<p>Mais il vous int\u00e9ressera de savoir aussi que l\u2019AFD a pay\u00e9 45 360 euros pour quel service fondamentalement indispensable\u00a0? Un accompagnement en communication pour la r\u00e9alisation du rapport bisannuel sur les \u00e9valuations 2023.<\/p>\n<p>Pourtant, forte de 2800 collaborateurs, et avec un d\u00e9partement communication comprenant entre 20 et 50 personnes (selon une source interne), l&rsquo;AFD est donc incapable de produire ses propres rapports\u00a0: elle a besoin d\u2019un accompagnement externe.<\/p>\n<p><img decoding=\"async\" data-entity-uuid=\"72d53826-e98f-41bc-85fb-09d6d9948ca2\" data-entity-type=\"file\" alt=\"Enqu\u00eate AFD - Organigramme\" width=\"1004\" height=\"710\" loading=\"lazy\" class=\"lazyload\" src=\"https:\/\/www.francesoir.fr\/sites\/default\/files\/inline-images\/image_101.png\"\/><\/p>\n<p>Mais, alors, que font tous ces personnes\u00a0? Poussent-ils du papier\u00a0? Tordent-ils les trombones\u00a0?<\/p>\n<\/li>\n<li>Enfin il ne vous aura pas \u00e9chapp\u00e9 qu\u2019Animal Pensant a aussi servi le CNRS pour pr\u00e8s de 40 000 euros dans une mission critique, celle de r\u00e9aliser une exposition num\u00e9rique internationale sur les <strong>\u00e9glises troglodytes de Lalibela<\/strong> en Ethiopie (onze \u00e9glises monolithiques creus\u00e9es dans la roche, un site class\u00e9 au patrimoine mondial de l\u2019UNESCO depuis 1978).\u00a0<br \/>Le CNRS qui devrait aussi faire l\u2019objet d\u2019un audit approfondi de l\u2019usage de ces ressources surtout depuis leur implication dans l\u2019application <a target=\"_blank\" href=\"https:\/\/www.francesoir.fr\/opinions-editos\/plainte-contre-x-0\">HelloQuitteX lanc\u00e9e par un chercheur du CNRS<\/a> qui vise \u00e0 d\u00e9tourner les utilisateurs du r\u00e9seau social X pour les transf\u00e9rer vers d\u2019autres r\u00e9seaux. Ce chercheur n\u2019a pas h\u00e9sit\u00e9 \u00e0 faire usage du logo du CNRS et des ressources de l\u2019institution\u00a0!<\/li>\n<\/ul>\n<p>Tournons cet apart\u00e9 marquant, et revenons \u00e0 la PROPARCO<\/p>\n<p>\u00a0<\/p>\n<p><strong>Qui dirige la PROPARCO\u00a0?<\/strong><\/p>\n<p>La directrice g\u00e9n\u00e9rale actuelle de la PROPARCO, <a target=\"_blank\" href=\"https:\/\/www.lemoci.com\/nominations-proparco\/\">Fran\u00e7oise Lombard<\/a>, a \u00e9t\u00e9 nomm\u00e9e en mars 2022\u00a0:<\/p>\n<p class=\"text-align-center\"><img decoding=\"async\" data-entity-uuid=\"0ccec069-ed17-49d1-91e4-d068b015b210\" data-entity-type=\"file\" alt=\"Enqu\u00eate AFD - Fran\u00e7oise Lombard\" width=\"370\" height=\"341\" loading=\"lazy\" class=\"lazyload\" src=\"https:\/\/www.francesoir.fr\/sites\/default\/files\/inline-images\/image_102.png\"\/><\/p>\n<p>Ancienne collaboratrice dans des postes satellites chez ADP, Boeing, Renault et au Quai d&rsquo;Orsay, c&rsquo;est cette novice dans ce domaine, n\u00e9e de l&rsquo;incubateur des \u00ab\u00a0global-leaders\u00a0\u00bb, qui a \u00e9t\u00e9 plac\u00e9e \u00e0 la t\u00eate de cette organisation. Lors de la nomination de Fran\u00e7oise Lombard, au poste de directrice g\u00e9n\u00e9rale de la PROPARCO, quelles informations ont \u00e9t\u00e9 d\u00e9clar\u00e9es \u00e0 l\u2019institution\u00a0? Quels sont ses liens familiaux\u00a0? Un audit sur ces liens d\u2019int\u00e9r\u00eat a-t-il \u00e9t\u00e9 effectu\u00e9\u00a0?<\/p>\n<p><a target=\"_blank\" href=\"https:\/\/www.pappers.fr\/entreprise\/societe-alix-319345062\">Francoise Lombard<\/a> a \u00e9pous\u00e9 Jean-Jacques Barb\u00e9ris le 24 juin 2011. Barb\u00e9ris, est un dirigeant d\u2019Amundi (une des plus grosses soci\u00e9t\u00e9s fran\u00e7aises de gestion de fonds), o\u00f9 il supervise la division des clients institutionnels et corporatistes, ainsi que les questions ESG (environnement, social, gouvernance). Il a \u00e9galement une carri\u00e8re marqu\u00e9e par des postes dans la fonction publique fran\u00e7aise, notamment sous Fran\u00e7ois Hollande. Cependant, nulle mention n\u2019est faite du statut marital de Fran\u00e7oise Lombard dans les documents de la PROPARCO.<\/p>\n<p>Pourtant, Amundi est un actionnaire de la PROPARCO. Un petit actionnaire, certes, avec 0,36\u2009% du capital qu\u2019Amundi d\u00e9tient pour le compte du Fonds commun de placement AFD\u00a0: Amundi Avenir Durable. Ce qui rentre pleinement dans les attributions ESG de Jean-Jacques Barb\u00e9ris !<br \/><img decoding=\"async\" data-entity-uuid=\"1599fc54-bbe2-4c87-a7f4-087550edc665\" data-entity-type=\"file\" alt=\"Enqu\u00eate AFD - capital de proparco\" width=\"682\" height=\"859\" loading=\"lazy\" class=\"lazyload\" src=\"https:\/\/www.francesoir.fr\/sites\/default\/files\/inline-images\/image_103.png\"\/><\/p>\n<p>Cependant, la PROPARCO a investi 100 millions de dollars dans le fonds Amundi Planet \u2013 Emerging Green One de 1,4 milliard de dollars. Ce fonds a \u00e9t\u00e9 lanc\u00e9 \u00e0 l\u2019initiative de la Soci\u00e9t\u00e9 Financi\u00e8re Internationale (SFI), filiale de la Banque Mondiale qui a pour objet d\u2019investir dans des obligations vertes (Green Bonds), des obligations \u00e9mises par des institutions financi\u00e8res dans les pays en d\u00e9veloppement.<\/p>\n<p>Amundi et PROPARCO op\u00e8rent donc dans des sph\u00e8res compl\u00e9mentaires, mais distinctes de la finance. Amundi est une soci\u00e9t\u00e9 de gestion d\u2019actifs ax\u00e9e sur les clients institutionnels et priv\u00e9s, tandis que PROPARCO finance des projets de d\u00e9veloppement dans les pays du Sud, souvent en partenariat avec des acteurs priv\u00e9s ou publics. Alors pourquoi le lien entre Jean-Jacques Barb\u00e9ris et Fran\u00e7oise Lombard qui ont une relation intime n\u2019est expliqu\u00e9 nulle part, pr\u00e9sentant les caract\u00e9ristiques de liens d\u2019int\u00e9r\u00eat avec potentiellement des conflits d\u2019int\u00e9r\u00eat. D\u2019autant plus que les deux sont mari\u00e9s sous le r\u00e9gime de la communaut\u00e9 universelle, et donc \u00ab\u00a0ce qui est \u00e0 toi est \u00e0 moi\u00a0\u00bb et <a target=\"_blank\" href=\"https:\/\/youtu.be\/4EjB9C-GzxY\">vice-versa<\/a>\u00a0!<\/p>\n<p><img decoding=\"async\" data-entity-uuid=\"8e0aa4ac-2d5b-403c-9b6e-2bd5638d5ddb\" data-entity-type=\"file\" alt=\"Enqu\u00eate AFD - Lombard Berberis\" width=\"443\" height=\"137\" loading=\"lazy\" class=\"lazyload\" src=\"https:\/\/www.francesoir.fr\/sites\/default\/files\/inline-images\/image_104.png\"\/><\/p>\n<p>L\u2019AFD est une organisation qui, \u00ab\u00a0au nom du peuple fran\u00e7ais\u00a0\u00bb et avec donc l&rsquo;argent du contribuable, a engag\u00e9 plus de 12,1 milliards d&rsquo;euros en 2023 dans des projets de d\u00e9veloppement tous \u00e0 l&rsquo;\u00e9tranger\u00a0:<\/p>\n<ul>\n<li>alors que cette organisation est cens\u00e9e \u00eatre une organisation \u00ab\u00a0 d\u2019int\u00e9r\u00eat public\u00a0\u00bb<\/li>\n<li>et alors que la comptabilit\u00e9 de cette organisation \u00e9tant ce qu&rsquo;elle est, il n&rsquo;existe aucun moyen de savoir \u00e0 quoi ces 12,1 milliards d&rsquo;euros ont \u00e9t\u00e9 utilis\u00e9s v\u00e9ritablement, ou si vous pr\u00e9f\u00e9rez \u00ab\u00a0dans les poches de qui ils sont all\u00e9s.\u00a0\u00bb<\/li>\n<\/ul>\n<p>Tout ce que nous savons avec certitude et exactitude, c&rsquo;est que ces 12,1 milliards d&rsquo;euros sont sortis de nos poches \u00e0 nous, les contribuables fran\u00e7ais.<\/p>\n<p>\u00a0<\/p>\n<p><strong>L&rsquo;Agence Fran\u00e7aise du D\u00e9veloppement\u00a0: une mission d&rsquo;int\u00e9r\u00eat public\u00a0?<\/strong><\/p>\n<p>\u00c0 en croire l&rsquo;indication mentionn\u00e9e sur la page de pr\u00e9sentation de son site internet, l&rsquo;AFD\u00a0exerce \u00ab\u00a0une mission de service public\u00a0\u00bb. La v\u00e9racit\u00e9 de cette affirmation d\u00e9pend de ce qu&rsquo;on entend par \u00ab\u00a0int\u00e9r\u00eat public.\u00a0\u00bb\u00a0Voici la d\u00e9finition qu&rsquo;en donne le dictionnaire\u00a0:<\/p>\n<blockquote>\n<p>\u00ab\u00a0<em>L&rsquo;int\u00e9r\u00eat public\u00a0concerne la mise en \u0153uvre de l&rsquo;int\u00e9r\u00eat g\u00e9n\u00e9ral \u00e0 travers le cadre juridique du droit public d&rsquo;un pays ou d&rsquo;une R\u00e9publique. Il appara\u00eet notamment dans les d\u00e9bats de la R\u00e9volution fran\u00e7aise, au cours de laquelle il tend \u00e0 remplacer la notion plus ancienne d&rsquo;utilit\u00e9 publique.\u00a0<\/em>\u00bb<\/p>\n<\/blockquote>\n<p>Or, \u00e9tant donn\u00e9 que la totalit\u00e9 de l&rsquo;activit\u00e9 de l&rsquo;AFD est \u00e0 l&rsquo;\u00e9tranger, comment l&rsquo;AFD peut-elle servir \u00ab\u00a0l\u2019int\u00e9r\u00eat public\u00a0\u00bb de la France\u00a0?<\/p>\n<p>En outre, autre \u00e9l\u00e9ment qui interpelle. Existerait-il un lien de parent\u00e9 autre que celui du patronyme entre Fran\u00e7oise Lombard, directrice g\u00e9n\u00e9rale de la PROPARCO, et <a target=\"_blank\" href=\"https:\/\/www.challenges.fr\/politique\/eric-lombard-ministre-de-leconomie-le-banquier-devenu-grand-argentier-de-letat_594698\">\u00c9ric Lombard, ex-directeur g\u00e9n\u00e9ral de la Caisse des d\u00e9p\u00f4ts et <\/a>des consignations\u00a0(CDC, nomm\u00e9 par Emmanuel Macron en 2017), et actuel ministre de l&rsquo;\u00c9conomie et des finances.<\/p>\n<p>Eh oui\u00a0! \u00c9ric Lombard est pr\u00e9sent\u00e9 dans le magazine <em>Challenges<\/em> comme le grand argentier de l&rsquo;\u00c9tat, ceci cependant en \u00e9mettant de s\u00e9rieux doutes sur ses comp\u00e9tences dans ce domaine. En particulier, encore et toujours, pour ce qui est d\u2019\u0153uvrer dans l&rsquo;int\u00e9r\u00eat public. En effet, c&rsquo;est par cette cohorte \u00ab\u00a0d&rsquo;experts\u00a0\u00bb que l&rsquo;\u00c9tat Fran\u00e7ais a \u00e9t\u00e9 mis en faillite, notamment par le pr\u00e9d\u00e9cesseur d&rsquo;\u00c9ric Lombard \u00e0 Bercy, Bruno Le Maire. Ces \u00ab\u00a0experts\u00a0\u00bb n&rsquo;officient pas, ils s\u00e9vissent \u00e0 l&rsquo;int\u00e9rieur d&rsquo;un syndicat de d\u00e9mant\u00e8lement, de d\u00e9faisance visant \u00e0 la liquidation, dirig\u00e9 depuis l\u2019\u00c9lys\u00e9e.<\/p>\n<p>Malheureusement pour la France et les Fran\u00e7ais, \u00c9ric Lombard est le fils d&rsquo;Annie L\u00e9vy, fille de Pierre L\u00e9vy, du groupe Devanlay-Lacoste.<\/p>\n<p class=\"text-align-center\"><img decoding=\"async\" data-entity-uuid=\"0ccb0f2d-ac57-46e4-9b2e-f1e93b82b78d\" data-entity-type=\"file\" alt=\"Enqu\u00eate AFD - Devanlay Lacoste\" width=\"303\" height=\"239\" loading=\"lazy\" class=\"lazyload\" src=\"https:\/\/www.francesoir.fr\/sites\/default\/files\/inline-images\/image_105.png\"\/><\/p>\n<p>Ce groupe ayant pour embl\u00e8me un crocodile aux grandes dents bien ac\u00e9r\u00e9es, le message semble clair\u00a0: c&rsquo;est pour parachever la vente \u00e0 la d\u00e9coupe de la France op\u00e9r\u00e9e depuis sept ans par le tripl\u00e9 \u00ab\u00a0Emmanuel Macron, Bruno Le Maire, Alexis Kohler\u00a0\u00bb qu&rsquo;\u00c9ric Lombard a \u00e9t\u00e9 nomm\u00e9 ministre de l&rsquo;\u00c9conomie et des finances. En plus, Alexis Kohler avant d\u2019\u00eatre annonc\u00e9 \u00e0 la Soci\u00e9t\u00e9 G\u00e9n\u00e9rale, avait des vues sur le poste qu\u2019occupait Eric Lombard pr\u00e9c\u00e9demment comme Directeur G\u00e9n\u00e9ral de la CDC. Le jeu habituel de pantouflage en Macronie.<\/p>\n<p>Mais assez de digression\u00a0: passons aux choses s\u00e9rieuses.<\/p>\n<p><em>\u00a0<\/em><\/p>\n<p><strong>Quel est le budget de l&rsquo;Agence Fran\u00e7aise du D\u00e9veloppement\u00a0?<\/strong><\/p>\n<p>Le budget de l&rsquo;AFD repose sur deux \u00e9l\u00e9ments\u00a0: les subventions pay\u00e9es avec nos imp\u00f4ts, et les pr\u00eats qui lui sont accord\u00e9s par des banques priv\u00e9es. Commen\u00e7ons par les subventions.<\/p>\n<p>En 2020 (dernier exercice accessible au public) le montant des subventions directes vers\u00e9es \u00e0 l&rsquo;AFD \u00e9tait de 1,8 milliard d&rsquo;euros. Sachant que les subventions directes repr\u00e9sentent les trois quarts des subventions vers\u00e9es \u00e0 l&rsquo;AFD, cela faisait un total de 2,4 milliards d&rsquo;euros pour les subventions.<\/p>\n<p>Et voici <a target=\"_blank\" href=\"https:\/\/www.afd.fr\/fr\/les-subventions-pour-le-developpement-des-pays-prioritaires\">les pays b\u00e9n\u00e9ficiaires\u00a0des deux tiers des subventions en question<\/a> (document AFD)\u00a0: B\u00e9nin, Burundi, Comores, Djibouti, \u00c9thiopie, Guin\u00e9e, Ha\u00efti, Madagascar, Mauritanie l&rsquo;ambassade de France d\u00e9conseille de s&rsquo;y rendre&#8230;, Niger, R\u00e9publique centrafricaine, R\u00e9publique d\u00e9mocratique du Congo, S\u00e9n\u00e9gal, Tchad et Togo.\u00a0\u00a0\u00a0<\/p>\n<p>Figurent donc parmi les pays o\u00f9 l&rsquo;Agence Fran\u00e7aise du D\u00e9veloppement agit, nous assure-t-on,<strong> \u00ab\u00a0pour combattre la pauvret\u00e9 et favoriser le d\u00e9veloppement durable\u00a0\u00bb\u00a0:<\/strong><\/p>\n<ul>\n<li>Djibouti qui tout derni\u00e8rement a expuls\u00e9 la France,<\/li>\n<li><a target=\"_blank\" href=\"https:\/\/www.lemonde.fr\/afrique\/article\/2024\/11\/29\/pour-la-france-la-fin-du-pari-ethiopien-la-confiance-en-abiy-ahmed-est-abimee_6419700_3212.html\">l&rsquo;\u00c9thiopie et \u00ab\u00a0la fin du pari \u00e9thiopien\u00a0\u00bb<\/a>,<\/li>\n<li><a target=\"_blank\" href=\"https:\/\/www.liberation.fr\/idees-et-debats\/tribunes\/la-guinee-senfonce-dans-la-repression-et-la-france-regarde-ailleurs-20240907_TNOWFN7RVBBJ5EFR44ZVEYPQWM\/\">la Guin\u00e9e, qui s&rsquo;enfonce dans la r\u00e9pression<\/a>,<\/li>\n<li><a target=\"_blank\" href=\"https:\/\/onu.delegfrance.org\/la-france-demeure-preoccupee-par-la-situation-en-haiti\">Ha\u00efti, qui s&rsquo;enfonce dans la crise \u00e9conomique<\/a>,<\/li>\n<li>Madagascar et ses chantiers catastrophiques,<\/li>\n<li><a target=\"_blank\" href=\"https:\/\/reporterre.net\/La-France-perd-le-controle-de-sa-mine-d-uranium-au-Niger\">le Niger, o\u00f9 la France perd le contr\u00f4le de sa mine d&rsquo;uranium en \u00e9tant pourtant actionnaire \u00e0 63,4%<\/a>,<\/li>\n<li>et le <a target=\"_blank\" href=\"https:\/\/www.iris-france.org\/fin-des-accords-militaires-entre-la-france-et-le-tchad-facteurs-et-enjeux-dune-rupture\/\">Tchad, qui derni\u00e8rement a expuls\u00e9 la France, ses soldats avec armes et bagages<\/a>:<\/li>\n<\/ul>\n<p>En r\u00e9sum\u00e9, l&rsquo;AFD semble uniquement investir dans des pays \u00e9trangers, \u00e0 fonds\u00a0\u00e0 risque d&rsquo;\u00eatre perdus\u00a0et \u00e0 grands coups de subventions masqu\u00e9s en pr\u00eats, tandis qu&rsquo;en France 3,2 millions de personnes sont sans domicile et 8 millions souffrent de la faim et peinent \u00e0 obtenir un cr\u00e9dit pour leur logement.<\/p>\n<p>Le prix moyen de la construction d&rsquo;un logement neuf en France, hors grandes villes, \u00e9tant 12 000 euros, <strong>avec les 2,4 milliards d&rsquo;euros de subventions<\/strong> que l&rsquo;AFD a dilapid\u00e9s en 2020, <strong>nous aurions pu<\/strong> <strong>construire 200 000 logements neufs sur le territoire Fran\u00e7ais<\/strong>.<\/p>\n<p>Mais, voil\u00e0, pour nos dirigeants, pour ce que l&rsquo;on peut consid\u00e9rer comme des tra\u00eetres \u00e0 la confiance du peuple fran\u00e7ais que, disons-le clairement, nous avons la faiblesse, voire la l\u00e2chet\u00e9 de laisser encore s\u00e9vir aux commandes du pays apr\u00e8s tout le mal qu&rsquo;ils ont fait, les pr\u00e9occupations \u00ab\u00a0des Fran\u00e7aises et des Fran\u00e7ais\u00a0\u00bb sont ailleurs.<\/p>\n<p>Concernant l&rsquo;AFD, il y a pire\u00a0!<\/p>\n<p>\u00a0<\/p>\n<p><strong>Cerises sur le g\u00e2teau<\/strong><\/p>\n<p>Quels sont les montants des pr\u00eats accord\u00e9s \u00e0 l&rsquo;AFD par des banques priv\u00e9es, et qui constituent, rappelez-vous, le second \u00e9l\u00e9ment du financement de l&rsquo;AFD\u00a0?<\/p>\n<p>Voici une <a target=\"_blank\" href=\"https:\/\/www.afd.fr\/fr\/espace-investisseurs\">capture d&rsquo;\u00e9cran faite sur le site de l&rsquo;AFD<\/a> de sa rubrique \u00ab\u00a0informations financi\u00e8res\u00a0\u00bb\u00a0:<\/p>\n<p class=\"text-align-center\"><img decoding=\"async\" data-entity-uuid=\"8aec6f83-5ab5-4440-ae4a-cde42979d45a\" data-entity-type=\"file\" alt=\"Enqu\u00eate AFD - Espace investisseurs\" width=\"842\" height=\"320\" loading=\"lazy\" class=\"lazyload\" src=\"https:\/\/www.francesoir.fr\/sites\/default\/files\/inline-images\/image_106.png\"\/><\/p>\n<p>Vous avez bien lu\u00a0: 70 milliards d&rsquo;euros \u00e0 travers un EMTN. Cela demande aussi d&rsquo;avoir \u00e0 disposition les C2D. Explications\u00a0:<\/p>\n<ul>\n<li>Un <a target=\"_blank\" href=\"https:\/\/fr.wikipedia.org\/wiki\/Euro_Medium_Term_Notes\">EMTN<\/a> (Euro Medium Term Note) (1) est \u00ab\u00a0produit de taux\u00a0\u00bb, un outil de financement flexible pour les \u00e9metteurs et une opportunit\u00e9 d\u2019investissement potentiellement r\u00e9mun\u00e9ratrice pour les investisseurs, <strong>mais avec des risques significatifs<\/strong>. Les EMTN ne sont pas not\u00e9s par les agences de notations financi\u00e8res, seul l\u2019\u00e9metteur (ici PROPARCO, et donc la R\u00e9publique fran\u00e7aise si l\u2019on en croit le site) fait l&rsquo;objet d&rsquo;une\u00a0notation.\n<p>\u00ab\u00a0<em><strong>Avant d\u2019investir, il est essentiel de consulter les documents officiels et, id\u00e9alement, de se faire accompagner par un conseiller financier, surtout pour les EMTN structur\u00e9s destin\u00e9s aux investisseurs avertis<\/strong><\/em><strong>\u00a0\u00bb<\/strong> \u2013 voil\u00e0 ce que l\u2019on recommande en g\u00e9n\u00e9ral \u00e0 leur propos.\u00a0<\/p>\n<p>Alors a-t-on oubli\u00e9 la crise des subprimes et ses cons\u00e9quences dramatiques, oubli\u00e9 la faillite de Dexia o\u00f9 des collectivit\u00e9s territoriales ou communes fran\u00e7aises avaient emprunt\u00e9 \u00e0 des taux variables pour se retrouver en graves difficult\u00e9s financi\u00e8res\u00a0? Ici c\u2019est bien la notation de la France qui est prise en compte pour couvrir des risques dans des pays aux notes bien inf\u00e9rieures avec des risques de d\u00e9faut de cr\u00e9dit substantiels. Un remake du film de cette crise.\u00a0<br \/><strong>On pr\u00eate \u00e0 des pays en voie de d\u00e9veloppement qui onpeinent faire face \u00e0 leurs \u00e9ch\u00e9ances et apr\u00e8s, on<\/strong><a target=\"_blank\" href=\"https:\/\/www.afd.fr\/fr\/le-c2d-un-mecanisme-pour-soulager-les-pays-endettes\"><strong>\u00a0efface la dette au travers de ce m\u00e9canisme C2D<\/strong><\/a><strong> mis en place par l\u2019AFD\u00a0!<\/strong><\/p>\n<p>\u00a0<\/p>\n<\/li>\n<li>Le<strong> C2D ou Contrat de d\u00e9sendettement et de d\u00e9veloppement<\/strong> est mis en \u0153uvre par l\u2019AFD, dans le cadre de la politique fran\u00e7aise d&rsquo;aide au d\u00e9veloppement, principalement avec des pays africains ayant b\u00e9n\u00e9fici\u00e9 d&rsquo;une annulation de dette dans le cadre de l&rsquo;initiative PPTE (Pays Pauvres Tr\u00e8s Endett\u00e9s). Ces contrats sont sign\u00e9s entre la France et le pays b\u00e9n\u00e9ficiaire, et l&rsquo;AFD joue un r\u00f4le cl\u00e9 dans leur gestion et leur financement. Depuis le lancement de cet instrument en 2001, plusieurs pays ont b\u00e9n\u00e9fici\u00e9 de C2D, notamment\n<ul>\n<li>Cameroun : Le premier C2D a \u00e9t\u00e9 sign\u00e9 en 2006, suivi de plusieurs autres tranches (au moins 3 C2D connus jusqu&rsquo;en 2016 pour un montant total de plus de 900 millions d&rsquo;euros \u00e0 cette date).<\/li>\n<li>C\u00f4te d&rsquo;Ivoire : Plusieurs C2D ont \u00e9t\u00e9 sign\u00e9s depuis 2012, avec un montant d\u00e9passant 2 milliards d&rsquo;euros sur plusieurs phases jusqu&rsquo;en 2020.<\/li>\n<li>Mozambique, S\u00e9n\u00e9gal, le Ghana, la R\u00e9publique du Congo et d&rsquo;autres pays ont \u00e9galement b\u00e9n\u00e9fici\u00e9 de ces contrats, souvent en une ou plusieurs tranches.<\/li>\n<\/ul>\n<\/li>\n<\/ul>\n<p>\u00c0 ce jour, une estimation raisonnable \u00e9tablie sur des donn\u00e9es historiques publiques sugg\u00e8re que l&rsquo;AFD a accord\u00e9 des C2D \u00e0 environ 15 \u00e0 20 pays, avec un total de plusieurs dizaines de contrats individuels (chaque pays pouvant avoir plusieurs C2D correspondant \u00e0 diff\u00e9rentes tranches de dette annul\u00e9e).<\/p>\n<p>Voil\u00e0 pourquoi ce sont des \u00ab\u00a0cerises sur le g\u00e2teau.\u00a0\u00bb\u00a0Vu le montant gigantesque de cette friandise et les risques importants associ\u00e9s, c&rsquo;est plut\u00f4t de \u00ab\u00a0past\u00e8ques sur la galette\u00a0\u00bb dont il s\u2019agit.<\/p>\n<p>L\u2019AFD est une organisation qui, \u00ab\u00a0au nom du peuple fran\u00e7ais\u00a0\u00bb et avec donc l&rsquo;argent du contribuable, <strong>a engag\u00e9 plus de 68 milliards d&rsquo;euros<\/strong> (40 milliards pour AFD et 28 milliards pour PROPARCO) dans des projets de d\u00e9veloppement <strong>tous \u00e0 l&rsquo;\u00e9tranger.<\/strong><\/p>\n<p>Voil\u00e0 les d\u00e9tails des 40 milliards pour l\u2019AFD par r\u00e9gion \u2013 12,84 %, soit quelque 5,22 milliards d\u00e9nu\u00e9s de r\u00e9gion renseign\u00e9e dans la base de donn\u00e9es. Pourquoi\u00a0? L\u2019AFD contact\u00e9e ne s\u2019est pas rendue disponible pour r\u00e9pondre.<\/p>\n<p><strong><img decoding=\"async\" data-entity-uuid=\"d053eb33-6010-473d-9f15-96624d312383\" data-entity-type=\"file\" alt=\"Enqu\u00eate AFD - projets AFD par r\u00e9gion\" width=\"1004\" height=\"339\" loading=\"lazy\" class=\"lazyload\" src=\"https:\/\/www.francesoir.fr\/sites\/default\/files\/inline-images\/image_107.png\"\/>\u00a0<\/strong><\/p>\n<p>Pour PROPARCO, sur les 32,5 milliards renseign\u00e9s, 65,15 % soit 21,23 milliards n\u2019ont pas d\u2019\u00e9valuation de risque dans la base de donn\u00e9es pr\u00e9sent\u00e9e. Esp\u00e9rons que l\u2019organisme r\u00e9gulateur ACPR (Autorit\u00e9 de Contr\u00f4le Prudentiel et des risques) aura plus d\u2019informations sur le niveau de risque, <strong>sinon cela devrait \u00eatre carton rouge<\/strong> imm\u00e9diatement.<\/p>\n<p><img decoding=\"async\" data-entity-uuid=\"8503241b-23c6-40c3-bce7-cd0d841d0402\" data-entity-type=\"file\" alt=\"Enqu\u00eate AFD - Tableau des risques Proparco\" width=\"1004\" height=\"276\" loading=\"lazy\" class=\"lazyload\" src=\"https:\/\/www.francesoir.fr\/sites\/default\/files\/inline-images\/image_108.png\"\/><\/p>\n<p>\u00a0<\/p>\n<blockquote>\n<p class=\"text-align-center\"><strong>70 milliards, c&rsquo;est 3 fois plus que le budget de la justice fran\u00e7aise fix\u00e9 pour 2025.<\/strong><\/p>\n<p class=\"text-align-center\"><strong>70 milliards, c&rsquo;est 5 fois plus que les 15 milliards n\u00e9cessaires \u00e0 sauver l&rsquo;h\u00f4pital public fran\u00e7ais.<\/strong><\/p>\n<p class=\"text-align-center\"><strong>70 milliards, c&rsquo;est 4.742 fois plus que le budget de la Culture et son programme du Patrimoine.<\/strong><\/p>\n<\/blockquote>\n<p>Inutile de poursuivre plus loin la litanie des comparaisons, les Fran\u00e7ais qui ont encore un cerveau en \u00e9tat de fonctionnement ont compris la gabegie financi\u00e8re de l&rsquo;AFD. Il s&rsquo;agit d&rsquo;une entourloupe \u00e9tatique \u00e9norme.\u00a0Car d&rsquo;une part, ces 70 milliards d&rsquo;euros par an de pr\u00eats contract\u00e9s par l&rsquo;AFD, c&rsquo;est nous, le peuple fran\u00e7ais, qui devons les rembourser en cas de d\u00e9faut des pays pour lequel on assiste au d\u00e9veloppement. D&rsquo;autre part, c&rsquo;est pareillement avec notre argent que les int\u00e9r\u00eats de ces pr\u00eats sont garantis, et donc ultimement pay\u00e9s en cas de d\u00e9faut. Enfin, il faut le rappeler, la comptabilit\u00e9 de l&rsquo;AFD \u00e9tant ce qu&rsquo;elle est, le contribuable fran\u00e7ais n&rsquo;a aucun moyen de savoir \u00e0 quoi sont utilis\u00e9s v\u00e9ritablement tous ces milliards d&rsquo;euros, ou si vous pr\u00e9f\u00e9rez \u00ab\u00a0<em>dans les poches de qui ils finissent<\/em>\u00a0\u00bb puisque dans les bases de donn\u00e9es mises \u00e0 disposition, il manque non seulement beaucoup de donn\u00e9es, mais en sus les d\u00e9tails des b\u00e9n\u00e9ficiaires sont indisponibles.<\/p>\n<p>Rappelons que France-Soir a fait la demande de transparence suivante \u00e0 l\u2019AFD :\u00a0<\/p>\n<p><img decoding=\"async\" data-entity-uuid=\"02274d11-cbee-4055-bb44-dd0b6694204b\" data-entity-type=\"file\" alt=\"Enqu\u00eate AFD - demande de France-Soir\" width=\"1004\" height=\"530\" loading=\"lazy\" class=\"lazyload\" src=\"https:\/\/www.francesoir.fr\/sites\/default\/files\/inline-images\/image_109.png\"\/><\/p>\n<p>Demande \u00e0 laquelle l\u2019AFD a r\u00e9pondu en ces termes\u00a0: \u00ab\u00a0<em>Nous vous informons qu\u2019en application de l\u2019article R343-1 du Code des relations entre le public et l\u2019administration, vous disposerez d\u2019un d\u00e9lai de 2 mois pour saisir la Commission d\u2019Acc\u00e8s aux Documents Administratifs (CADA), en l\u2019absence de d\u00e9cision expresse de l\u2019AFD dans le d\u00e9lai de 1 mois suivant la r\u00e9ception de votre demande. Par ailleurs, nous vous informons qu\u2019en l\u2019absence de d\u00e9cision de l\u2019AFD dans les 2 mois de votre saisine de la CADA, vous disposeriez, \u00e0 l\u2019expiration de ce d\u00e9lai, de 2 mois suppl\u00e9mentaires pour saisir le juge administratif comp\u00e9tent.\u00a0\u00bb\u00a0 <\/em>Un process complexe pour obtenir la due transparence sur des informations pour faire une enqu\u00eate journalistique.<\/p>\n<p>Ceci cl\u00f4t la premi\u00e8re partie de cette enqu\u00eate, consacr\u00e9e elle aux financements de l&rsquo;AFD.\u00a0<\/p>\n<p>La seconde tr\u00e8s prochainement disponible, aura pour sujet les chantiers catastrophiques du BTP dans lesquels l&rsquo;AFD est impliqu\u00e9e ainsi que des investissements dans des endroits qui posent questions. En sus, nous illustrerons par des t\u00e9moignages les complexit\u00e9s li\u00e9es au travail avec l&rsquo;AFD ainsi que le r\u00e9seau tentaculaire de l&rsquo;USAID, au Liban, en Afghanistan : \u00ab <em>l&rsquo;AFD \u00e9tait incapable de fournir des cartes des projets pour \u00e9viter de faire doublon avec l&rsquo;Arm\u00e9e <\/em>\u00bb. D\u00e9cid\u00e9ment, cette enqu\u00eate citoyenne r\u00e9serve des surprises et on verra comment les \u00ab <em>cadres de l&rsquo;AFD prenaient l&rsquo;arm\u00e9e de haut, pourtant seul sur le terrain capable d&rsquo;aller v\u00e9rifier l&rsquo;usage des fonds <\/em>\u00bb.\u00a0<\/p>\n<p>D&rsquo;ici l\u00e0, excellente continuation \u00e0 tous dans l&rsquo;acc\u00e8s \u00e0 l&rsquo;information, la vraie, dans d&rsquo;autres domaines, gr\u00e2ce aux autres articles qui sont publi\u00e9s par France-Soir.<\/p>\n<p>Et merci \u00e0 tous ceux qui y participent et \u00e0 nos g\u00e9n\u00e9reux contributeurs.<\/p>\n<p>\u00a0<\/p>\n<p>1) Qu\u2019est-ce qu\u2019un EMTN ?<\/p>\n<p>Un EMTN (Euro Medium Term Note) est un titre de cr\u00e9ance n\u00e9gociable \u00e9mis dans le cadre d\u2019un programme de financement flexible, principalement utilis\u00e9 par des entreprises, des institutions financi\u00e8res ou des entit\u00e9s publiques pour lever des fonds sur les march\u00e9s financiers. Il s\u2019agit d\u2019un instrument de dette \u00e0 moyen terme, dont la maturit\u00e9 se situe g\u00e9n\u00e9ralement entre 1 et 10 ans, bien que certaines \u00e9missions puissent aller jusqu\u2019\u00e0 30 ans. Les EMTN se distinguent par leur souplesse : ils permettent aux \u00e9metteurs d\u2019acc\u00e9der rapidement aux march\u00e9s selon leurs besoins, avec des caract\u00e9ristiques (montant, devise, taux d\u2019int\u00e9r\u00eat, etc.) personnalisables.<\/p>\n<p>Introduit aux \u00c9tats-Unis sous le nom de Medium Term Notes (MTN), le concept a \u00e9t\u00e9 adapt\u00e9 en Europe sous la forme des EMTN. Ces titres peuvent \u00eatre simples (similaires \u00e0 des obligations classiques) ou structur\u00e9s, c\u2019est-\u00e0-dire li\u00e9s \u00e0 la performance d\u2019un actif sous-jacent (actions, indices, taux d\u2019int\u00e9r\u00eat, devises, etc.), ce qui les rend plus complexes et attractifs pour certains investisseurs recherchant des rendements potentiellement plus \u00e9lev\u00e9s.<\/p>\n<p><strong>Notations associ\u00e9es\u00a0: <\/strong>contrairement \u00e0 une id\u00e9e re\u00e7ue, les EMTN eux-m\u00eames ne sont pas directement not\u00e9s par les agences de notation financi\u00e8re (comme Moody\u2019s, S&amp;P ou Fitch). C\u2019est l\u2019\u00e9metteur qui fait l\u2019objet d\u2019une notation de cr\u00e9dit, laquelle refl\u00e8te sa capacit\u00e9 \u00e0 honorer ses engagements financiers, y compris le remboursement des EMTN. Cette notation est cruciale, car elle influence le niveau de risque per\u00e7u par les investisseurs\u00a0:<\/p>\n<ul>\n<li>Notation \u00e9lev\u00e9e (ex. AAA, AA)\u00a0: Indique une forte solvabilit\u00e9 de l\u2019\u00e9metteur et un faible risque de d\u00e9faut. Les EMTN \u00e9mis par ces entit\u00e9s sont consid\u00e9r\u00e9s comme plus s\u00fbrs, mais offrent souvent des rendements plus faibles.<\/li>\n<li>Notation moyenne (ex. BBB)\u00a0: Refl\u00e8te une solidit\u00e9 financi\u00e8re acceptable, mais avec un risque mod\u00e9r\u00e9 de d\u00e9faut.<\/li>\n<li>Notation basse (ex. BB ou en dessous)\u00a0: Signe d\u2019une solvabilit\u00e9 plus faible, associ\u00e9e \u00e0 un risque accru, mais souvent compens\u00e9e par des rendements plus \u00e9lev\u00e9s.<\/li>\n<\/ul>\n<p>Pour les EMTN structur\u00e9s, la performance d\u00e9pend aussi du sous-jacent, mais ce dernier n\u2019est pas not\u00e9 s\u00e9par\u00e9ment. Les investisseurs doivent donc analyser \u00e0 la fois la notation de l\u2019\u00e9metteur et les caract\u00e9ristiques du produit (formule de remboursement, barri\u00e8res de protection, etc.) pour \u00e9valuer le risque global.<\/p>\n<p><strong>Risques associ\u00e9s\u00a0: les EMTN, en particulier les structur\u00e9s, sont class\u00e9s comme des produits financiers complexes et risqu\u00e9s<\/strong>. Voici les principaux risques \u00e0 consid\u00e9rer :<\/p>\n<ul>\n<li>Risque de <strong>cr\u00e9dit<\/strong> : si l\u2019\u00e9metteur fait d\u00e9faut (faillite ou insolvabilit\u00e9), l\u2019investisseur peut perdre tout ou partie de son capital investi. Ce risque d\u00e9pend directement de la solidit\u00e9 financi\u00e8re de l\u2019\u00e9metteur, \u00e9valu\u00e9e via sa notation.<\/li>\n<li>Risque de <strong>perte en capital<\/strong> : pour les EMTN structur\u00e9s, le capital n\u2019est pas toujours garanti \u00e0 l\u2019\u00e9ch\u00e9ance. Si le sous-jacent (ex. un indice boursier) chute en dessous d\u2019un certain seuil pr\u00e9d\u00e9fini (barri\u00e8re), l\u2019investisseur peut subir une perte partielle ou totale, selon les conditions du produit.<\/li>\n<li>Risque de <strong>liquidit\u00e9<\/strong> : les EMTN sont souvent n\u00e9goci\u00e9s sur des march\u00e9s secondaires, mais leur revente avant l\u2019\u00e9ch\u00e9ance peut \u00eatre difficile ou se faire \u00e0 un prix inf\u00e9rieur \u00e0 la valeur initiale, surtout en p\u00e9riode de crise ou si le march\u00e9 est peu actif.<\/li>\n<li>Risque de <strong>march\u00e9<\/strong> : la valeur des EMTN, notamment structur\u00e9s, fluctue en fonction de la performance du sous-jacent. Une forte volatilit\u00e9 (ex. chute des actions ou hausse des taux) peut r\u00e9duire le rendement ou le capital rembours\u00e9.<\/li>\n<li>Risque de <strong>complexit\u00e9<\/strong> : la structure des EMTN peut inclure des m\u00e9canismes comme des options ou des clauses de remboursement anticip\u00e9 (autocall). Sans une compr\u00e9hension claire des termes (d\u00e9taill\u00e9s dans le prospectus ou le Document d\u2019Informations Cl\u00e9s), l\u2019investisseur risque de mal anticiper les sc\u00e9narios possibles.<\/li>\n<li>Risque de devise : si l\u2019EMTN est \u00e9mis dans une devise \u00e9trang\u00e8re, les variations de change peuvent affecter le rendement ou le capital per\u00e7u par l\u2019investisseur.<\/li>\n<\/ul>\n<p>2) Tweets importants de Xavier Azalbert<\/p>\n<p>20 novembre 2023 :\u00a0<\/p>\n<blockquote class=\"twitter-tweet\">\n<p lang=\"fr\" dir=\"ltr\">\ud83d\udc492.5me du fonds Marianne, et beaucoup de zones d&rsquo;ombre<br \/>\ud83d\udc49Que trouverait une enqu\u00eate parlementaire <a target=\"_blank\" href=\"https:\/\/twitter.com\/alainhoupert?ref_src=twsrc%5Etfw\">@alainhoupert<\/a> <a target=\"_blank\" href=\"https:\/\/twitter.com\/ClaudeRaynal?ref_src=twsrc%5Etfw\">@ClaudeRaynal<\/a> sur les\u00a0<br \/>\ud83d\udd39100 me de la <a target=\"_blank\" href=\"https:\/\/twitter.com\/DILCRAH?ref_src=twsrc%5Etfw\">@DILCRAH<\/a><br \/>\ud83d\udd391.4 mds du <a target=\"_blank\" href=\"https:\/\/twitter.com\/LeCNC?ref_src=twsrc%5Etfw\">@LeCNC<\/a>\u00a0<br \/>\ud83d\udd3913 mds de <a target=\"_blank\" href=\"https:\/\/twitter.com\/AFD_France?ref_src=twsrc%5Etfw\">@AFD_France<\/a> <a target=\"_blank\" href=\"https:\/\/t.co\/JRWwRzFiCN\">https:\/\/t.co\/JRWwRzFiCN<\/a><\/p>\n<p>\u2014 Xavier Azalbert FreeSpeech \ud83c\udde7\ud83c\uddf7 \ud83c\uddeb\ud83c\uddf7 (@xazalbert) <a target=\"_blank\" href=\"https:\/\/twitter.com\/xazalbert\/status\/1726654116326199803?ref_src=twsrc%5Etfw\">November 20, 2023<\/a><\/p>\n<\/blockquote>\n<p>23 d\u00e9cembre 2023 :<\/p>\n<blockquote class=\"twitter-tweet\">\n<p lang=\"fr\" dir=\"ltr\">\ud83d\udd392.5 me pour le fonds Marianne &#8211; une commission d&rsquo;enqu\u00eate<br \/>\ud83d\udd39Et pour 100 me pour la <a target=\"_blank\" href=\"https:\/\/twitter.com\/DILCRAH?ref_src=twsrc%5Etfw\">@DILCRAH<\/a>, 1.4 mds pour le <a target=\"_blank\" href=\"https:\/\/twitter.com\/LeCNC?ref_src=twsrc%5Etfw\">@LeCNC<\/a>, 13 mds pour l <a target=\"_blank\" href=\"https:\/\/twitter.com\/AFD_France?ref_src=twsrc%5Etfw\">@AFD_France<\/a> ?<br \/>\ud83d\udd39Mobilisez-vous pour une commission d&rsquo;enqu\u00eate pour la transparence et l&rsquo;usage des fonds publics en signant \ud83d\udc47<a target=\"_blank\" href=\"https:\/\/t.co\/L75zJJvCA4\">https:\/\/t.co\/L75zJJvCA4<\/a> <a target=\"_blank\" href=\"https:\/\/t.co\/QY1KZeZzlP\">pic.twitter.com\/QY1KZeZzlP<\/a><\/p>\n<p>\u2014 Xavier Azalbert FreeSpeech \ud83c\udde7\ud83c\uddf7 \ud83c\uddeb\ud83c\uddf7 (@xazalbert) <a target=\"_blank\" href=\"https:\/\/twitter.com\/xazalbert\/status\/1734253361115840805?ref_src=twsrc%5Etfw\">December 11, 2023<\/a><\/p>\n<\/blockquote>\n<p>18 f\u00e9vrier 2025 :\u00a0<\/p>\n<blockquote class=\"twitter-tweet\">\n<p lang=\"fr\" dir=\"ltr\">France &#8211; <a target=\"_blank\" href=\"https:\/\/twitter.com\/AFD_France?ref_src=twsrc%5Etfw\">@AFD_France<\/a> que nous r\u00e9serve l&rsquo;examen des projets ? Que nous r\u00e9serverait l&rsquo;examen des virements bancaires et de la comptabilit\u00e9 si l&rsquo;on disposait d&rsquo;un acc\u00e8s tel que cela a \u00e9t\u00e9 fait par le <a target=\"_blank\" href=\"https:\/\/twitter.com\/DOGE?ref_src=twsrc%5Etfw\">@DOGE<\/a> avec l&rsquo;USAID ?<br \/>\u27a1\ufe0fPresque 2 milliards de diverses d\u00e9penses avec le terme\u2026 <a target=\"_blank\" href=\"https:\/\/t.co\/81mHe2pFAv\">pic.twitter.com\/81mHe2pFAv<\/a><\/p>\n<p>\u2014 Xavier Azalbert FreeSpeech \ud83c\udde7\ud83c\uddf7 \ud83c\uddeb\ud83c\uddf7 (@xazalbert) <a target=\"_blank\" href=\"https:\/\/twitter.com\/xazalbert\/status\/1891948542832541834?ref_src=twsrc%5Etfw\">February 18, 2025<\/a><\/p>\n<\/blockquote>\n<p>20 f\u00e9vrier 2025 :\u00a0<\/p>\n<blockquote class=\"twitter-tweet\">\n<p lang=\"fr\" dir=\"ltr\">Remettre les pendules \ud83d\udd70\ufe0f\u00e0 l&rsquo;heure, vous avez raison de le proposer. Cependant, pour le faire il faut proposer une analyse factuelle et objective. \u00c0 partir de vos propres bases de donn\u00e9es, voil\u00e0 ce que l&rsquo;on peut dire de vos propos<\/p>\n<p>1. Statut de l\u2019AFD \u2013 \u00ab L\u2019AFD est d\u2019abord une\u2026 <a target=\"_blank\" href=\"https:\/\/t.co\/OkOEE40mxu\">https:\/\/t.co\/OkOEE40mxu<\/a> <a target=\"_blank\" href=\"https:\/\/t.co\/nDoZFnHf8C\">pic.twitter.com\/nDoZFnHf8C<\/a><\/p>\n<p>\u2014 Xavier Azalbert FreeSpeech \ud83c\udde7\ud83c\uddf7 \ud83c\uddeb\ud83c\uddf7 (@xazalbert) <a target=\"_blank\" href=\"https:\/\/twitter.com\/xazalbert\/status\/1892597637351694738?ref_src=twsrc%5Etfw\">February 20, 2025<\/a><\/p>\n<\/blockquote>\n<p>23 f\u00e9vrier 2025 :\u00a0<\/p>\n<blockquote class=\"twitter-tweet\">\n<p lang=\"fr\" dir=\"ltr\">Lors de voyages aux USA, j&rsquo;ai \u00e9voqu\u00e9 \u00e0 plusieurs reprises le r\u00f4le de l&rsquo;USAID en expliquant que la France n&rsquo;\u00e9tait pas en reste avec l&rsquo;AFD.\u00a0<br \/>Si un vrai audit complet \u00e9tait fait \u00e0 partir des donn\u00e9es bancaires et non des d\u00e9claratifs des employ\u00e9es grassement pay\u00e9s pour fermer l&rsquo;oeil,\u2026<\/p>\n<p>\u2014 Xavier Azalbert FreeSpeech \ud83c\udde7\ud83c\uddf7 \ud83c\uddeb\ud83c\uddf7 (@xazalbert) <a target=\"_blank\" href=\"https:\/\/twitter.com\/xazalbert\/status\/1893639060041736440?ref_src=twsrc%5Etfw\">February 23, 2025<\/a><\/p>\n<\/blockquote>\n<p>24 f\u00e9vrier 2025 :\u00a0<\/p>\n<blockquote class=\"twitter-tweet\">\n<p lang=\"fr\" dir=\"ltr\">Et avant m\u00eame que le confr\u00e8re Guillaume Bigot ne s&rsquo;en empare, ainsi qu&rsquo;\u00e0 divers autres journalistes ou politiques.\u00a0<br \/>\u27a1\ufe0fSaluons le fait que G Bigot se soit empar\u00e9 du sujet m\u00eame de mani\u00e8re partielle.<br \/>\u27a1\ufe0fIl n&rsquo;y a pas que AFD ( 40 mds) mais aussi PROPARCO (28mds)<br \/>\u27a1\ufe0fL&rsquo;opacit\u00e9 sur les\u2026<\/p>\n<p>\u2014 Xavier Azalbert FreeSpeech \ud83c\udde7\ud83c\uddf7 \ud83c\uddeb\ud83c\uddf7 (@xazalbert) <a target=\"_blank\" href=\"https:\/\/twitter.com\/xazalbert\/status\/1893984743307325854?ref_src=twsrc%5Etfw\">February 24, 2025<\/a><\/p>\n<\/blockquote>\n<\/div>\n<p><script async src=\"\/\/platform.twitter.com\/widgets.js\" charset=\"utf-8\"><\/script><script>(function(d, s, id) {  var js, fjs = d.getElementsByTagName(s)[0];  if (d.getElementById(id)) return;  js = d.createElement(s); js.id = id;  js.src = \"\/\/connect.facebook.net\/fr_FR\/sdk.js#xfbml=1&version=v2.3\";  fjs.parentNode.insertBefore(js, fjs);}(document, \"script\", \"facebook-jssdk\"));<\/script><br \/>\n<br \/><br \/>\n<br \/><a href=\"https:\/\/www.francesoir.fr\/politique-france-monde-societe-economie\/enquete-les-dessous-pas-tres-propres-de-l-agence-francaise\" target=\"_blank\"\">Source link <\/a><\/p>\n","protected":false},"excerpt":{"rendered":"<p>L&rsquo;Agence fran\u00e7aise de d\u00e9veloppement\u00a0(AFD), qu&rsquo;est-ce ?\u00a0 Selon Wikip\u00e9dia, l&rsquo;AFD est une \u00ab\u00a0institution financi\u00e8re publique\u00a0\u00bb qui met en \u0153uvre la politique de d\u00e9veloppement de la France, et agit pour combattre la&hellip; <\/p>\n","protected":false},"author":1,"featured_media":0,"comment_status":"open","ping_status":"open","sticky":false,"template":"","format":"standard","meta":{"footnotes":""},"categories":[1],"tags":[],"class_list":["post-3591","post","type-post","status-publish","format-standard","hentry","category-non-classe"],"_links":{"self":[{"href":"https:\/\/monde25.info\/index.php\/wp-json\/wp\/v2\/posts\/3591","targetHints":{"allow":["GET"]}}],"collection":[{"href":"https:\/\/monde25.info\/index.php\/wp-json\/wp\/v2\/posts"}],"about":[{"href":"https:\/\/monde25.info\/index.php\/wp-json\/wp\/v2\/types\/post"}],"author":[{"embeddable":true,"href":"https:\/\/monde25.info\/index.php\/wp-json\/wp\/v2\/users\/1"}],"replies":[{"embeddable":true,"href":"https:\/\/monde25.info\/index.php\/wp-json\/wp\/v2\/comments?post=3591"}],"version-history":[{"count":0,"href":"https:\/\/monde25.info\/index.php\/wp-json\/wp\/v2\/posts\/3591\/revisions"}],"wp:attachment":[{"href":"https:\/\/monde25.info\/index.php\/wp-json\/wp\/v2\/media?parent=3591"}],"wp:term":[{"taxonomy":"category","embeddable":true,"href":"https:\/\/monde25.info\/index.php\/wp-json\/wp\/v2\/categories?post=3591"},{"taxonomy":"post_tag","embeddable":true,"href":"https:\/\/monde25.info\/index.php\/wp-json\/wp\/v2\/tags?post=3591"}],"curies":[{"name":"wp","href":"https:\/\/api.w.org\/{rel}","templated":true}]}}