{"id":3594,"date":"2025-03-01T17:16:39","date_gmt":"2025-03-01T16:16:39","guid":{"rendered":"https:\/\/monde25.info\/index.php\/2025\/03\/01\/64-immigres-clandestins-secourus-en-mer-par-une-patrouille-de-la-douane-rt-en-francais\/"},"modified":"2025-03-01T17:16:39","modified_gmt":"2025-03-01T16:16:39","slug":"64-immigres-clandestins-secourus-en-mer-par-une-patrouille-de-la-douane-rt-en-francais","status":"publish","type":"post","link":"https:\/\/monde25.info\/index.php\/2025\/03\/01\/64-immigres-clandestins-secourus-en-mer-par-une-patrouille-de-la-douane-rt-en-francais\/","title":{"rendered":"64 immigr\u00e9s clandestins secourus en mer par une patrouille de la douane \u2014 RT en fran\u00e7ais"},"content":{"rendered":"<p> <br \/>\n<br \/><img decoding=\"async\" src=\"https:\/\/mf.b37mrtl.ru\/french\/images\/2025.03\/thumbnail\/67c324006f7ccc55ff7a8bed.jpg\" \/><\/p>\n<div>\n<p class=\"text__summary\">\n                                        L\u2019administration g\u00e9n\u00e9rale de la douane tunisienne a annonc\u00e9, le 1er mars, le sauvetage en mer de 64 personnes de diverses nationalit\u00e9s.\n                                    <\/p>\n<p>Dans un <a target=\"_blank\" href=\"https:\/\/www.facebook.com\/douane.tunisie\/posts\/pfbid026NLBWVdr7iiQG7t9AVMJjswSwemD5a8z2PDFzaA3prCDp8XHgXfFLFtb4WcpDJZMl\" target=\"_blank\" rel=\"noopener noreferrer\">communiqu\u00e9 publi\u00e9<\/a> sur sa page Facebook, l\u2019administration g\u00e9n\u00e9rale de la douane tunisienne a annonc\u00e9 qu\u2019une patrouille appartenant \u00e0 sa division navale avait pu sauver en mer,\u00a0le 28 f\u00e9vrier, 64 personnes de nationalit\u00e9s diverses.<\/p>\n<p>Ces\u00a0personnes \u00e9taient \u00e0 bord d\u2019une embarcation \u00e0 la d\u00e9rive faute de carburant. Selon les premiers \u00e9l\u00e9ments de l\u2019enqu\u00eate, l\u2019embarcation a pris la mer depuis les c\u00f4tes d\u2019un \u00abpays voisin\u00bb avec l\u2019intention de passer clandestinement vers l\u2019espace europ\u00e9en.<\/p>\n<p>La m\u00eame source pr\u00e9cise que les personnes secourues avaient \u00e9t\u00e9 emmen\u00e9es \u00e0 bord du navire de la douane jusqu\u2019au port de la ville de Chebba o\u00f9 ils ont \u00e9t\u00e9 remis aux services de la garde nationale maritime pour finaliser l\u2019ensemble des proc\u00e9dures l\u00e9gales.<\/p>\n<p><iframe loading=\"lazy\" src=\"https:\/\/www.facebook.com\/plugins\/post.php?href=https%3A%2F%2Fwww.facebook.com%2Fdouane.tunisie%2Fposts%2Fpfbid026NLBWVdr7iiQG7t9AVMJjswSwemD5a8z2PDFzaA3prCDp8XHgXfFLFtb4WcpDJZMl&amp;show_text=true&amp;width=500\" width=\"500\" height=\"640\" style=\"border:none;overflow:hidden\" scrolling=\"no\" frameborder=\"0\" allowfullscreen=\"true\" allow=\"autoplay; clipboard-write; encrypted-media; picture-in-picture; web-share\"><\/iframe><\/p>\n<h2>Plus de 2 200 victimes parmi les candidats \u00e0 l\u2019immigration clandestine en 2024<\/h2>\n<p>Malgr\u00e9 les dangers d\u2019une travers\u00e9e hasardeuse de la M\u00e9diterran\u00e9e, le nombre de morts et de disparus en mer durant l\u2019ann\u00e9e 2024 a d\u00e9pass\u00e9 2 200 personnes, selon la coordinatrice sp\u00e9ciale de l\u2019Unicef, Regina De Dominicis, rapporte le <a target=\"_blank\" href=\"https:\/\/lapresse.tn\/2025\/01\/06\/lutte-contre-limmigration-irreguliere-les-efforts-de-la-tunisie-salues-a-lechelle-internationale\/\" target=\"_blank\" rel=\"noopener noreferrer\">quotidien tunisien <em>La Presse<\/em><\/a>.<\/p>\n<p>En 2023, les autorit\u00e9s tunisiennes avaient annonc\u00e9 que 70\u00a0000 migrants avaient \u00e9t\u00e9 intercept\u00e9s par la garde nationale maritime, soit le double par rapport\u00a0\u00e0 2022. Parmi les personnes qu\u2019on\u00a0a emp\u00each\u00e9\u00a0de traverser la M\u00e9diterran\u00e9e, 54\u00a0000\u00a0\u00e9taient issues des pays subsahariens.<\/p>\n<\/div>\n<p><br \/>\n<br \/><a href=\"https:\/\/francais.rt.com\/afrique\/117433-tunisie-64-immigres-clandestins-secourus\" target=\"_blank\"\">Source link <\/a><\/p>\n","protected":false},"excerpt":{"rendered":"<p>L\u2019administration g\u00e9n\u00e9rale de la douane tunisienne a annonc\u00e9, le 1er mars, le sauvetage en mer de 64 personnes de diverses nationalit\u00e9s. Dans un communiqu\u00e9 publi\u00e9 sur sa page Facebook, l\u2019administration&hellip; <\/p>\n","protected":false},"author":1,"featured_media":3595,"comment_status":"open","ping_status":"open","sticky":false,"template":"","format":"standard","meta":{"footnotes":""},"categories":[1],"tags":[],"class_list":["post-3594","post","type-post","status-publish","format-standard","has-post-thumbnail","hentry","category-non-classe"],"_links":{"self":[{"href":"https:\/\/monde25.info\/index.php\/wp-json\/wp\/v2\/posts\/3594","targetHints":{"allow":["GET"]}}],"collection":[{"href":"https:\/\/monde25.info\/index.php\/wp-json\/wp\/v2\/posts"}],"about":[{"href":"https:\/\/monde25.info\/index.php\/wp-json\/wp\/v2\/types\/post"}],"author":[{"embeddable":true,"href":"https:\/\/monde25.info\/index.php\/wp-json\/wp\/v2\/users\/1"}],"replies":[{"embeddable":true,"href":"https:\/\/monde25.info\/index.php\/wp-json\/wp\/v2\/comments?post=3594"}],"version-history":[{"count":0,"href":"https:\/\/monde25.info\/index.php\/wp-json\/wp\/v2\/posts\/3594\/revisions"}],"wp:featuredmedia":[{"embeddable":true,"href":"https:\/\/monde25.info\/index.php\/wp-json\/wp\/v2\/media\/3595"}],"wp:attachment":[{"href":"https:\/\/monde25.info\/index.php\/wp-json\/wp\/v2\/media?parent=3594"}],"wp:term":[{"taxonomy":"category","embeddable":true,"href":"https:\/\/monde25.info\/index.php\/wp-json\/wp\/v2\/categories?post=3594"},{"taxonomy":"post_tag","embeddable":true,"href":"https:\/\/monde25.info\/index.php\/wp-json\/wp\/v2\/tags?post=3594"}],"curies":[{"name":"wp","href":"https:\/\/api.w.org\/{rel}","templated":true}]}}