{"id":3596,"date":"2025-03-01T17:50:34","date_gmt":"2025-03-01T16:50:34","guid":{"rendered":"https:\/\/monde25.info\/index.php\/2025\/03\/01\/incendie-de-la-salle-de-priere-de-jargeau-pour-nous-cest-un-acte-islamophobe\/"},"modified":"2025-03-01T17:50:34","modified_gmt":"2025-03-01T16:50:34","slug":"incendie-de-la-salle-de-priere-de-jargeau-pour-nous-cest-un-acte-islamophobe","status":"publish","type":"post","link":"https:\/\/monde25.info\/index.php\/2025\/03\/01\/incendie-de-la-salle-de-priere-de-jargeau-pour-nous-cest-un-acte-islamophobe\/","title":{"rendered":"Incendie de la salle de pri\u00e8re de Jargeau: \u00abPour nous, c\u2019est un acte islamophobe\u00bb"},"content":{"rendered":"<p> <br \/>\n<br \/>Dans la nuit du 25 au 26 f\u00e9vrier, la salle de pri\u00e8re de l\u2019association culturelle franco-turque de Jargeau (Loiret) a \u00e9t\u00e9 d\u00e9truite par un incendie. Le parquet d\u2019Orl\u00e9ans confirme l\u2019hypoth\u00e8se d\u2019un acte criminel. Une enqu\u00eate est en cours. Mediapart est all\u00e9 \u00e0 la rencontre des fid\u00e8les, inquiets.<br \/>\n<br \/><br \/>\n<br \/><a href=\"https:\/\/www.mediapart.fr\/journal\/france\/010325\/incendie-de-la-salle-de-priere-de-jargeau-pour-nous-c-est-un-acte-islamophobe\" target=\"_blank\"\">Source link <\/a><\/p>\n","protected":false},"excerpt":{"rendered":"<p>Dans la nuit du 25 au 26 f\u00e9vrier, la salle de pri\u00e8re de l\u2019association culturelle franco-turque de Jargeau (Loiret) a \u00e9t\u00e9 d\u00e9truite par un incendie. Le parquet d\u2019Orl\u00e9ans confirme l\u2019hypoth\u00e8se&hellip; <\/p>\n","protected":false},"author":1,"featured_media":3597,"comment_status":"open","ping_status":"open","sticky":false,"template":"","format":"standard","meta":{"footnotes":""},"categories":[1],"tags":[],"class_list":["post-3596","post","type-post","status-publish","format-standard","has-post-thumbnail","hentry","category-non-classe"],"_links":{"self":[{"href":"https:\/\/monde25.info\/index.php\/wp-json\/wp\/v2\/posts\/3596","targetHints":{"allow":["GET"]}}],"collection":[{"href":"https:\/\/monde25.info\/index.php\/wp-json\/wp\/v2\/posts"}],"about":[{"href":"https:\/\/monde25.info\/index.php\/wp-json\/wp\/v2\/types\/post"}],"author":[{"embeddable":true,"href":"https:\/\/monde25.info\/index.php\/wp-json\/wp\/v2\/users\/1"}],"replies":[{"embeddable":true,"href":"https:\/\/monde25.info\/index.php\/wp-json\/wp\/v2\/comments?post=3596"}],"version-history":[{"count":0,"href":"https:\/\/monde25.info\/index.php\/wp-json\/wp\/v2\/posts\/3596\/revisions"}],"wp:featuredmedia":[{"embeddable":true,"href":"https:\/\/monde25.info\/index.php\/wp-json\/wp\/v2\/media\/3597"}],"wp:attachment":[{"href":"https:\/\/monde25.info\/index.php\/wp-json\/wp\/v2\/media?parent=3596"}],"wp:term":[{"taxonomy":"category","embeddable":true,"href":"https:\/\/monde25.info\/index.php\/wp-json\/wp\/v2\/categories?post=3596"},{"taxonomy":"post_tag","embeddable":true,"href":"https:\/\/monde25.info\/index.php\/wp-json\/wp\/v2\/tags?post=3596"}],"curies":[{"name":"wp","href":"https:\/\/api.w.org\/{rel}","templated":true}]}}