{"id":3601,"date":"2025-03-01T21:16:54","date_gmt":"2025-03-01T20:16:54","guid":{"rendered":"https:\/\/monde25.info\/index.php\/2025\/03\/01\/au-bresil-des-potagers-bio-poussent-au-coeur-du-trafic-de-drogue\/"},"modified":"2025-03-01T21:16:54","modified_gmt":"2025-03-01T20:16:54","slug":"au-bresil-des-potagers-bio-poussent-au-coeur-du-trafic-de-drogue","status":"publish","type":"post","link":"https:\/\/monde25.info\/index.php\/2025\/03\/01\/au-bresil-des-potagers-bio-poussent-au-coeur-du-trafic-de-drogue\/","title":{"rendered":"Au Br\u00e9sil, des potagers bio poussent au c\u0153ur du trafic de drogue"},"content":{"rendered":"<p> <br \/>\n<\/p>\n<div>\n<p class=\"indication_lieu\">Rio de Janeiro (Br\u00e9sil), reportage<\/p>\n<p>Il faut le voir pour le croire. Au nord de Rio, coinc\u00e9es entre un point de deal et une bretelle d\u2019autoroute, s\u2019\u00e9tendent de larges parcelles vertes, surplomb\u00e9es par des lignes \u00e0 haute tension\u00a0: bienvenue dans le plus grand jardin communautaire d\u2019Am\u00e9rique latine. Au beau milieu des modestes maisons de brique rouge de la favela de Manguinhos poussent choux, poivrons, laitues vertes et rouges, manioc, papayes, patates douces, \u00e9pinards\u2026<\/p>\n<p>Une belle \u00e9volution pour cet espace large comme quatre terrains de football qui, il y a encore douze ans, abritait une d\u00e9charge servant de repaire aux usagers de crack. <i>\u00ab<small class=\"fine d-inline\">\u00a0<\/small>Il y a des l\u00e9gumes pour le petit-d\u00e9jeuner, le d\u00e9jeuner et le d\u00eener<small class=\"fine d-inline\">\u00a0<\/small>!<small class=\"fine d-inline\">\u00a0<\/small>\u00bb<\/i> sourit Aldilene, l\u2019une des 28\u00a0volontaires du potager, les mains prises par un sac rempli de gombo, l\u00e9gume bien connu des cuisines br\u00e9siliennes.<\/p>\n<h2 class=\"spip\">100<small class=\"fine d-inline\">\u00a0<\/small>% bio&#8230; au pays des pesticides<\/h2>\n<p>Au total, la deuxi\u00e8me plus grande ville du pays compte 73\u00a0potagers de ce type \u2014 un l\u00e9ger retard sur l\u2019objectif de 80 unit\u00e9s fix\u00e9 par la mairie pour l\u2019ann\u00e9e 2024. Certains sont install\u00e9s dans des favelas, d\u2019autres dans des \u00e9coles municipales. Tous sont implant\u00e9s dans des quartiers modestes, loin des plages paradisiaques et du Christ R\u00e9dempteur.<\/p>\n<p>Autre d\u00e9nominateur commun\u00a0: l\u2019absence d\u2019engrais et de pesticides chimiques. \u00c0 Manguinhos, les plantes se soignent \u00e0 l\u2019aide d\u2019un m\u00e9lange de vinaigre et de savon, tandis que les fourmis s\u2019\u00e9loignent avec de l\u2019essence de menthe suave, cultiv\u00e9e sur place.<\/p>\n<div class=\"spip_document_88797 spip_document spip_documents spip_document_image spip_documents_center spip_document_center spip_document_avec_legende\" data-legende-len=\"86\" data-legende-lenx=\"xx\">\n<figure class=\"spip_doc_inner\">\n      <picture><source type=\"image\/webp\" srcset=\"https:\/\/reporterre.net\/local\/cache-vignettes\/L1050xH700\/img_0557_3-4eb8d.jpg@.webp?1739802459\"><img decoding=\"async\" src=\"https:\/\/reporterre.net\/IMG\/jpg\/img_0557_3.jpg\" width=\"1200\" height=\"800\" loading=\"lazy\" alt=\"\"\/><br \/>\n    <\/source><\/picture><figcaption class=\"spip_doc_legende\">\n<p>Des volontaires du potager. Vinicius Rocha, \u00e0 droite.<br \/>\n<i>\u00a9 Rapha\u00ebl Bernard \/ Reporterre<\/i><\/p>\n<\/figcaption><\/figure>\n<\/p><\/div>\n<p>Pour la plus grande satisfaction de Vinicius Rocha, coordinateur du projet aupr\u00e8s de la mairie. <i>\u00ab<small class=\"fine d-inline\">\u00a0<\/small>L\u2019objectif, c\u2019est de faciliter l\u2019acc\u00e8s \u00e0 des aliments sains. Or, souvent, les aliments bio sont hors de port\u00e9e des favelados. Par ailleurs, les pesticides ne font pas seulement du mal au consommateur, mais avant tout \u00e0 celui charg\u00e9 de les r\u00e9pandre<small class=\"fine d-inline\">\u00a0<\/small>\u00bb<\/i>, d\u00e9veloppe ce grand blond, assis \u00e0 l\u2019ombre d\u2019un arbre feuillu.<\/p>\n<p>Un discours rare, dans le pays utilisant le plus de pesticides au monde, et o\u00f9 le gouvernement du pr\u00e9sident Lula, malgr\u00e9 ses positions pro-environnementales, <a target=\"_blank\" href=\"https:\/\/reporterre.net\/Au-Bresil-Lula-plie-aux-sirenes-de-l-agro-industrie\">autorise le recours \u00e0 de nouveaux pesticides<\/a> au m\u00eame rythme que son pr\u00e9d\u00e9cesseur, Jair Bolsonaro.<\/p>\n<p><a target=\"_blank\" href=\"https:\/\/reporterre.net\/Au-Bresil-malgre-ses-promesses-ecologiques-Lula-promeut-le-petrole-et-la-deforestation\" class=\"lien_lireaussi\"><strong>Lire aussi : <\/strong> <span>Le Br\u00e9sil s\u2019affiche en champion du climat&#8230; Mais promeut la d\u00e9forestation<\/span><\/a><\/p>\n<p>Pour remplacer les engrais chimiques, le potager peut compter sur un compost issu de la collecte effectu\u00e9e par la mairie aupr\u00e8s de magasins de fruits et l\u00e9gumes partenaires. Une m\u00e9thode efficace, qui met aussi Rio face \u00e0 ses contradictions. Car dans les 1\u00a0724 favelas de la ville, le ramassage des d\u00e9chets reste <a target=\"_blank\" href=\"https:\/\/www.scielo.br\/j\/urbe\/a\/Mz5G7qhj6jtmy3fsJh9rGnQ\/?lang=pt\" class=\"spip_out\" rel=\"external\">d\u00e9faillant<\/a>, en t\u00e9moignent les monceaux de d\u00e9tritus qui jonchent l\u2019entr\u00e9e de Manguinhos. \u00c0 quand un compost directement issu des d\u00e9chets des favelas<small class=\"fine d-inline\">\u00a0<\/small>? <i>\u00ab<small class=\"fine d-inline\">\u00a0<\/small>Nous en sommes conscients. On travaille dans cette direction<small class=\"fine d-inline\">\u00a0<\/small>\u00bb<\/i>, assure Vinicius Rocha.<\/p>\n<h2 class=\"spip\">Nourrir, soigner, prot\u00e9ger<\/h2>\n<p>Reste qu\u2019avec 450 familles et 40 000 \u00e9coliers nourris quasi quotidiennement, les bienfaits des potagers sont l\u00e9gion. \u00c0 commencer par une am\u00e9lioration de l\u2019ins\u00e9curit\u00e9 alimentaire, qui touche <a target=\"_blank\" href=\"https:\/\/agenciabrasil.ebc.com.br\/geral\/noticia\/2024-05\/mapa-aponta-que-quase-meio-milhao-de-cariocas-passam-fome#:~:text=Em%20n%C3%BAmeros%20absolutos%2C%20s%C3%A3o%20489,leve%2C%20moderada%20ou%20grave).\" class=\"spip_out\" rel=\"external\">pr\u00e8s de 1\u00a0Carioca sur\u00a03<\/a>. L\u00e0 o\u00f9 la moiti\u00e9 des r\u00e9coltes est distribu\u00e9e aux foyers les plus n\u00e9cessiteux, le reste est ensuite r\u00e9parti entre les jardiniers. Certaines parcelles, rattach\u00e9es aux \u00e9coles, servent les cantines. Une partie est \u00e9galement vendue aux autres habitants, \u00e0 des prix nettement inf\u00e9rieurs \u00e0 ceux du march\u00e9. <i>\u00ab<small class=\"fine d-inline\">\u00a0<\/small>On vend nos l\u00e9gumes \u00e0 1\u00a0real [environ 0,17 centime d\u2019euros], tout le monde est content<small class=\"fine d-inline\">\u00a0<\/small>!<small class=\"fine d-inline\">\u00a0<\/small>\u00bb<\/i> raconte Rose, tout en pouponnant une pousse d\u2019oignons jeunes.<\/p>\n<p>Elle-m\u00eame dit se porter mieux depuis qu\u2019elle a commenc\u00e9 \u00e0 manier la binette et le r\u00e2teau, il y a huit ans. <i>\u00ab<small class=\"fine d-inline\">\u00a0<\/small>J\u2019avais des probl\u00e8mes de tension et de diab\u00e8te, il fallait que je mange plus de l\u00e9gumes. Maintenant, tout va comme sur des roulettes<small class=\"fine d-inline\">\u00a0<\/small>!<small class=\"fine d-inline\">\u00a0<\/small>\u00bb<\/i> rigole-t-elle, \u00e0 l\u2019aube de ses 58 ans.<\/p>\n<p>Plus qu\u2019un simple d\u00e9tail, dans un pays o\u00f9 le taux d\u2019adultes ob\u00e8ses a d\u00e9j\u00e0 doubl\u00e9 entre 2006 et 2019, et o\u00f9 l\u2019on estime que <a target=\"_blank\" href=\"https:\/\/www.fiocruzbrasilia.fiocruz.br\/quase-metade-dos-adultos-brasileiros-viverao-com-obesidade-em-20-anos\/#:~:text=Hoje%2C%2056%25%20dos%20adultos%20brasileiros,e%2047%20milh%C3%B5es%20com%20sobrepeso\" class=\"spip_out\" rel=\"external\">75<small class=\"fine d-inline\">\u00a0<\/small>%<\/a> d\u2019entre eux pourraient \u00eatre ob\u00e8ses ou en surpoids d\u2019ici 2044.<\/p>\n<blockquote class=\"spip\">\n<p>\u00ab<small class=\"fine d-inline\">\u00a0<\/small>Plusieurs personnes se sont r\u00e9ins\u00e9r\u00e9es gr\u00e2ce aux potagers<small class=\"fine d-inline\">\u00a0<\/small>\u00bb<\/p>\n<\/blockquote>\n<p>C\u00f4t\u00e9 sant\u00e9, les jardiniers font aussi pousser des plantes m\u00e9dicinales, comme le boldo, notamment reconnu pour ses vertus digestives et diur\u00e9tiques, ou la gliricidia, utilis\u00e9e contre les sympt\u00f4mes grippaux et les maladies de peau. <i>\u00ab<small class=\"fine d-inline\">\u00a0<\/small>Cela permet de compenser les difficult\u00e9s d\u2019acc\u00e8s \u00e0 la sant\u00e9 publique, et de contourner certaines r\u00e9ticences contre l\u2019usage de m\u00e9dicaments<small class=\"fine d-inline\">\u00a0<\/small>\u00bb<\/i>, d\u00e9taille Vinicius Rocha.<\/p>\n<p>Pour assurer la p\u00e9rennit\u00e9 du jardin, les volontaires assurent aussi des s\u00e9ances d\u2019\u00e9ducation environnementale \u00e0 destination des plus jeunes. <i>\u00ab<small class=\"fine d-inline\">\u00a0<\/small>Les enfants ont tendance \u00e0 perdre la connexion avec l\u2019environnement. On leur apprend l\u2019utilit\u00e9 de ces potagers dans la lutte contre les \u00eelots de chaleur, leur r\u00f4le dans le drainage [des eaux de pluie]<small class=\"fine d-inline\">\u00a0<\/small>\u00bb<\/i>, pr\u00e9cise Vinicius Rocha. Une fonction quasi vitale, dans une ville o\u00f9 les <a target=\"_blank\" href=\"https:\/\/reporterre.net\/Dans-les-favelas-de-Rio-une-canicule-insoutenable\" class=\"spip_in\">moyennes de temp\u00e9ratures les plus fortes<\/a> s\u2019enregistrent dans les quartiers les plus pauvres \u2014 les m\u00eames qui d\u00e9plorent chaque ann\u00e9e de nombreux morts lors des fortes pr\u00e9cipitations, faute d\u2019am\u00e9nagements.<\/p>\n<h2 class=\"spip\">Une oasis sociale<\/h2>\n<p>Autres b\u00e9n\u00e9ficiaires\u00a0: les 420 volontaires r\u00e9mun\u00e9r\u00e9s par la municipalit\u00e9. Pour trois heures de travail quotidien, ils re\u00e7oivent entre 500\u00a0et 1\u00a0000\u00a0reais mensuels (entre 83\u00a0et\u00a0167\u00a0euros, soit entre 5\u00a0et\u00a010\u00a0fois plus que le Smic horaire br\u00e9silien) en fonction de leur r\u00f4le, pouvant aller de simple <i>\u00ab<small class=\"fine d-inline\">\u00a0<\/small>planteur<small class=\"fine d-inline\">\u00a0<\/small>\u00bb<\/i> \u00e0 formateur de volontaires, en passant par g\u00e9rant des stocks. <i>\u00ab<small class=\"fine d-inline\">\u00a0<\/small>J\u2019ai pu m\u2019acheter un portable, une cuisini\u00e8re, une citerne<small class=\"fine d-inline\">\u00a0<\/small>\u00bb<\/i>, \u00e9num\u00e8re Luisa, volontaire depuis la naissance du potager en 2013.<\/p>\n<p>Dans cet environnement contr\u00f4l\u00e9 par les trafiquants de drogue, le potager sert \u00e9galement d\u2019\u00e9chappatoire \u00e0 la violence. <i>\u00ab<small class=\"fine d-inline\">\u00a0<\/small>Beaucoup de gens demandent \u00e0 venir travailler ici pour ne pas avoir \u00e0 faire des mauvais choix de vie<\/i>, confirme Marcos, 30\u00a0ans, volontaire depuis ses 18\u00a0ans. <i>Je pourrais \u00eatre dans ce cas-l\u00e0 si le potager n\u2019\u00e9tait pas l\u00e0. \u00c7a m\u2019est d\u00e9j\u00e0 pass\u00e9 par la t\u00eate, bien s\u00fbr.<small class=\"fine d-inline\">\u00a0<\/small>\u00bb<\/i><\/p>\n<p>Apr\u00e8s une formation de trois mois dispens\u00e9e par la mairie, il fait d\u00e9sormais partie des responsables de la gestion du potager. <i>\u00ab<small class=\"fine d-inline\">\u00a0<\/small>Plusieurs personnes se sont r\u00e9ins\u00e9r\u00e9es gr\u00e2ce aux potagers<small class=\"fine d-inline\">\u00a0<\/small>\u00bb<\/i>, appuie Vinicius Rocha, alors que passe \u00e0 c\u00f4t\u00e9 de lui un volontaire, r\u00e2teau \u00e0 l\u2019\u00e9paule et bracelet \u00e9lectronique \u00e0 la cheville. Certains jardiniers ont ainsi pu \u00eatre impliqu\u00e9s dans des activit\u00e9s ill\u00e9gales, avant de rejoindre le projet.<\/p>\n<div class=\"spip_document_88798 spip_document spip_documents spip_document_image spip_documents_center spip_document_center spip_document_avec_legende\" data-legende-len=\"86\" data-legende-lenx=\"xx\">\n<figure class=\"spip_doc_inner\">\n      <picture><source type=\"image\/webp\" srcset=\"https:\/\/reporterre.net\/local\/cache-vignettes\/L1050xH700\/img_0564_3-19244.jpg@.webp?1739802460\"><img decoding=\"async\" src=\"https:\/\/reporterre.net\/IMG\/jpg\/img_0564_3.jpg\" width=\"1200\" height=\"800\" loading=\"lazy\" alt=\"\"\/><br \/>\n    <\/source><\/picture><figcaption class=\"spip_doc_legende\">\n<p>Marcos, 30 ans, cultive le potager depuis ses 18 ans.<br \/>\n<i>\u00a9 Rapha\u00ebl Bernard \/ Reporterre<\/i><\/p>\n<\/figcaption><\/figure>\n<\/p><\/div>\n<p>D\u00e9sormais enracin\u00e9 dans Manguinhos, le potager a m\u00eame su r\u00e9sister \u00e0 l\u2019avidit\u00e9 du crime organis\u00e9, qui souhaitait voir le terrain transform\u00e9 en habitations. En 2020, les r\u00e9coltes ont d\u00fb \u00eatre suspendues pendant huit mois, le temps des tractations. <i>\u00ab<small class=\"fine d-inline\">\u00a0<\/small>Avec l\u2019aide de l\u2019association des habitants, nous avons r\u00e9ussi \u00e0 d\u00e9montrer l\u2019importance de cet espace pour la communaut\u00e9.<small class=\"fine d-inline\">\u00a0<\/small>\u00bb<\/i><\/p>\n<p>Plus qu\u2019un simple lieu de production, le potager est devenu un v\u00e9ritable carrefour social pour les volontaires. <i>\u00ab<small class=\"fine d-inline\">\u00a0<\/small>Quand j\u2019ai commenc\u00e9 \u00e0 m\u2019occuper du potager, je m\u2019\u00e9tais s\u00e9par\u00e9e du p\u00e8re de mes enfants, je souffrais d\u2019une forte d\u00e9pression. C\u2019est ici que j\u2019ai commenc\u00e9 \u00e0 vivre \u00e0 nouveau<small class=\"fine d-inline\">\u00a0<\/small>\u00bb<\/i>, relate Rose sans d\u00e9tour. <i>\u00ab<small class=\"fine d-inline\">\u00a0<\/small>Gr\u00e2ce aux potagers, les personnes au ch\u00f4mage ou \u00e0 la retraite s\u2019ins\u00e8rent \u00e0 nouveau et se sentent valoris\u00e9es au sein du quartier<small class=\"fine d-inline\">\u00a0<\/small>\u00bb<\/i>, analyse Vinicius Rocha. Rose confirme\u00a0: <i>\u00ab<small class=\"fine d-inline\">\u00a0<\/small>C\u2019est gratifiant de planter une petite graine le vendredi et de voir que, s\u2019il a plu, elle a d\u00e9j\u00e0 commenc\u00e9 \u00e0 pousser le samedi<small class=\"fine d-inline\">\u00a0<\/small>!<small class=\"fine d-inline\">\u00a0<\/small>\u00bb<\/i><\/p>\n<p>Autre moyen de se valoriser\u00a0: mettre en avant ses talents en cuisine. <i>\u00ab<small class=\"fine d-inline\">\u00a0<\/small>Je fais du poisson \u00e0 la moutarde, de la soupe aux choux, un bouillon de jil\u00f3, massissi [aubergine africaine et concombre des Antilles en fran\u00e7ais] et gombo avec de la saucisse\u2026 Venez d\u00e9jeuner \u00e0 la maison<small class=\"fine d-inline\">\u00a0<\/small>!<small class=\"fine d-inline\">\u00a0<\/small>\u00bb<\/i><\/p>\n<aside class=\"boite_encarts\">\n<div class=\"encart encart_gris noprint\">\n<p><strong>Puisque vous \u00eates l\u00e0&#8230;<\/strong><\/p>\n<p>&#8230; nous avons un petit service \u00e0 vous demander.<br class=\"autobr\"\/><br \/>\nEntre la pr\u00e9sence d\u2019un climatosceptique \u00e0 la t\u00eate de la premi\u00e8re puissance mondiale, un gouvernement fran\u00e7ais qui flirte avec l\u2019extr\u00eame-droite, et les catastrophes climatiques qui s\u2019enchainent&#8230; Faire vivre l\u2019\u00e9cologie dans le d\u00e9bat public est un enjeu crucial.<\/p>\n<p>Personne ne modifie ce que nous publions. Nous n\u2019avons ni actionnaire, ni propri\u00e9taire milliardaire \u2014 seulement une \u00e9quipe d\u2019irr\u00e9ductibles journalistes, pleine de d\u00e9termination.<\/p>\n<p>Nous avons la conviction que l\u2019urgence \u00e9cologique est l\u2019enjeu majeur de notre \u00e9poque. Et comme plus de 2 millions de lectrices et lecteurs chaque mois, vous partagez sans doute cette conviction&#8230;<\/p>\n<p><strong>Depuis 12 ans, nous publions des articles de qualit\u00e9 sur l\u2019\u00e9cologie, en acc\u00e8s libre et sans publicit\u00e9, pour tous.<\/strong><br class=\"autobr\"\/><br \/>\nMais ce travail demande beaucoup de temps et de ressources.<\/p>\n<p>Alors, si vous en avez les moyens, sachez qu\u2019un don, m\u00eame d\u20191\u20ac, est un acte de soutien fort pour l\u2019\u00e9cologie et le journalisme ind\u00e9pendant.<br class=\"autobr\"\/><br \/>\n(Et \u00e7a vous prendra moins de temps que la lecture de ce texte).<\/p>\n<p><strong>Si vous le pouvez, choisissez un soutien mensuel. Merci.<\/strong><\/p>\n<p><a target=\"_blank\" href=\"https:\/\/reporterre.net\/dons\" class=\"bt_soutenir\">Je soutiens <i>Reporterre<\/i><\/a><\/p>\n<\/p><\/div>\n<div class=\"encart encart_vert noprint montre_1023\">\n<div class=\"infolettre-form-container noprint\">\n<p>Abonnez-vous \u00e0 la lettre d\u2019info de Reporterre<\/p>\n<\/div><\/div>\n<\/aside>\n<aside class=\"boite_apresarticle encart_note\">\n<h4>Apr\u00e8s cet article<\/h4>\n<p>      <a target=\"_blank\" href=\"https:\/\/reporterre.net\/Dans-les-favelas-de-Rio-une-canicule-insoutenable\" class=\"lien_article\">\n      <picture class=\"vignette_gauche\"><source type=\"image\/webp\" srcset=\"https:\/\/reporterre.net\/local\/cache-vignettes\/L450xH300\/d4ec9dea-4b59-4525-815d-ff8249369685-445-00000008fa116932_1_-f4ec1.jpg@.webp?1737391564\"><img decoding=\"async\" src=\"https:\/\/reporterre.net\/local\/cache-vignettes\/L450xH300\/d4ec9dea-4b59-4525-815d-ff8249369685-445-00000008fa116932_1_-f4ec1.jpg?1737391564\" width=\"450\" height=\"300\" alt=\"\" class=\"marge12\" loading=\"lazy\"\/><br \/>\n<\/source><\/picture>\n<p class=\"libelle\">\n<p>          Reportage \u2014<\/p>\n<p>      Climat\n    <\/p>\n<p class=\"titre pol20\">Dans les favelas de Rio, une canicule insoutenable<\/p>\n<p>      <\/a><br \/>\n    <\/aside>\n<aside class=\"boite_complement texte\">\n<p>      <!-- zone_forum --><br \/>\n          <\/aside>\n<aside class=\"boite_lireaussi noprint\">\n<\/aside>\n<aside class=\"colonne\">\n<div class=\"article_info cache_1023 noprint\">\n<p>    <span class=\"date\">1er mars 2025  \u00e0 09h26<\/span><\/p>\n<p>    <span class=\"date_modif\">Mis \u00e0 jour le 1er mars 2025 \u00e0 09h56<\/span>      <\/p>\n<p class=\"duree_lecture\">\n        Dur\u00e9e de lecture : 7 minutes\n      <\/p>\n<\/p><\/div>\n<div class=\"bloc_infolettre\">\n<div class=\"infolettre-form-container noprint\">\n<p>Abonnez-vous \u00e0 la lettre d\u2019info de Reporterre<\/p>\n<\/div><\/div>\n<\/aside>\n<div id=\"galerie\">\n  <img decoding=\"async\" src=\"\" class=\"principale\" id=\"principale\"\/><\/p>\n<p id=\"legende\">legende<\/p>\n<\/div>\n<footer class=\"noprint\">\n<\/footer>\n<\/div>\n<p><br \/>\n<br \/><a href=\"https:\/\/reporterre.net\/Au-Bresil-des-potagers-bio-poussent-au-coeur-du-trafic-de-drogue\" target=\"_blank\"\">Source link <\/a><\/p>\n","protected":false},"excerpt":{"rendered":"<p>Rio de Janeiro (Br\u00e9sil), reportage Il faut le voir pour le croire. Au nord de Rio, coinc\u00e9es entre un point de deal et une bretelle d\u2019autoroute, s\u2019\u00e9tendent de larges parcelles&hellip; <\/p>\n","protected":false},"author":1,"featured_media":3602,"comment_status":"open","ping_status":"open","sticky":false,"template":"","format":"standard","meta":{"footnotes":""},"categories":[1],"tags":[],"class_list":["post-3601","post","type-post","status-publish","format-standard","has-post-thumbnail","hentry","category-non-classe"],"_links":{"self":[{"href":"https:\/\/monde25.info\/index.php\/wp-json\/wp\/v2\/posts\/3601","targetHints":{"allow":["GET"]}}],"collection":[{"href":"https:\/\/monde25.info\/index.php\/wp-json\/wp\/v2\/posts"}],"about":[{"href":"https:\/\/monde25.info\/index.php\/wp-json\/wp\/v2\/types\/post"}],"author":[{"embeddable":true,"href":"https:\/\/monde25.info\/index.php\/wp-json\/wp\/v2\/users\/1"}],"replies":[{"embeddable":true,"href":"https:\/\/monde25.info\/index.php\/wp-json\/wp\/v2\/comments?post=3601"}],"version-history":[{"count":0,"href":"https:\/\/monde25.info\/index.php\/wp-json\/wp\/v2\/posts\/3601\/revisions"}],"wp:featuredmedia":[{"embeddable":true,"href":"https:\/\/monde25.info\/index.php\/wp-json\/wp\/v2\/media\/3602"}],"wp:attachment":[{"href":"https:\/\/monde25.info\/index.php\/wp-json\/wp\/v2\/media?parent=3601"}],"wp:term":[{"taxonomy":"category","embeddable":true,"href":"https:\/\/monde25.info\/index.php\/wp-json\/wp\/v2\/categories?post=3601"},{"taxonomy":"post_tag","embeddable":true,"href":"https:\/\/monde25.info\/index.php\/wp-json\/wp\/v2\/tags?post=3601"}],"curies":[{"name":"wp","href":"https:\/\/api.w.org\/{rel}","templated":true}]}}