{"id":3603,"date":"2025-03-01T21:52:46","date_gmt":"2025-03-01T20:52:46","guid":{"rendered":"https:\/\/monde25.info\/index.php\/2025\/03\/01\/ce-quecrivent-les-medias-occidentaux-apres-le-scandale-a-la-maison-blanche-la-querelle-publique-entre-trump-et-zelensky\/"},"modified":"2025-03-01T21:52:46","modified_gmt":"2025-03-01T20:52:46","slug":"ce-quecrivent-les-medias-occidentaux-apres-le-scandale-a-la-maison-blanche-la-querelle-publique-entre-trump-et-zelensky","status":"publish","type":"post","link":"https:\/\/monde25.info\/index.php\/2025\/03\/01\/ce-quecrivent-les-medias-occidentaux-apres-le-scandale-a-la-maison-blanche-la-querelle-publique-entre-trump-et-zelensky\/","title":{"rendered":"Ce qu\u2019\u00e9crivent les m\u00e9dias occidentaux apr\u00e8s le scandale \u00e0 la Maison-Blanche \u2013 la querelle publique entre Trump et Zelensky"},"content":{"rendered":"<p> <br \/>\n<\/p>\n<div>\n<p>par <strong>Boris Karpov<\/strong><\/p>\n<p><strong>\u2022 <\/strong>The Telegraph : \u00abC\u2019est au-del\u00e0 du pire sc\u00e9nario pour l\u2019Ukraine. Un d\u00e9sastre diplomatique\u00bb.<\/p>\n<p><strong>\u2022 <\/strong>Bild : \u00abScandale devant le monde entier. Trump a expuls\u00e9 Zelensky\u00bb.<\/p>\n<p><strong>\u2022 <\/strong>CNN : \u00abC\u2019\u00e9tait un moment totalement sans pr\u00e9c\u00e9dent dans l\u2019histoire r\u00e9cente de la pr\u00e9sidence am\u00e9ricaine : un invit\u00e9 \u00e9tranger en temps de guerre a \u00e9t\u00e9 r\u00e9primand\u00e9 \u00e0 plusieurs reprises par ses h\u00f4tes am\u00e9ricains\u00bb.<\/p>\n<p><strong>\u2022 <\/strong>Politico : \u00abTrump et Vance ont attaqu\u00e9 Zelensky. Il est arriv\u00e9 \u00e0 Washington avec l\u2019espoir que la signature de l\u2019accord minier souhait\u00e9 par le pr\u00e9sident Trump stabiliserait leur relation. Il s\u2019est av\u00e9r\u00e9 qu\u2019il a \u00e9t\u00e9 pris dans une embuscade\u00bb.<\/p>\n<p><strong>\u2022 <\/strong>Sky News : \u00abTout \u00e9tait pr\u00eat pour la signature de l\u2019accord, apr\u00e8s quoi il \u00e9tait pr\u00e9vu une conf\u00e9rence de presse. Les tables \u00e9taient dress\u00e9es, les stylos \u00e9taient d\u00e9j\u00e0 dessus. Tout s\u2019est effondr\u00e9\u00bb.<\/p>\n<p><strong>\u2022 <\/strong>Peter Baker, New York Times : \u00abJe couvre la Maison-Blanche depuis 1996. Pendant tout ce temps, il n\u2019y a jamais eu de r\u00e9union dans le Bureau ovale devant les cam\u00e9ras comme celle-ci. Jamais auparavant un pr\u00e9sident am\u00e9ricain n\u2019avait sermonn\u00e9 en public le dirigeant d\u2019un alli\u00e9\u00bb.<\/p>\n<p>source : <a target=\"_blank\" href=\"https:\/\/francais.news-pravda.com\/world\/2025\/02\/28\/360824.html\" target=\"_blank\" rel=\"noopener\" title=\"\">Boris Karpov<\/a> via <a target=\"_blank\" href=\"https:\/\/francais.news-pravda.com\/world\/2025\/02\/28\/360824.html\" target=\"_blank\" rel=\"noopener\" title=\"\">News Pravda<\/a><\/p>\n<div class=\"sharedaddy sd-block sd-like jetpack-likes-widget-wrapper jetpack-likes-widget-unloaded\" id=\"like-post-wrapper-237719536-445780-67c366a35f53d\" data-src=\"https:\/\/widgets.wp.com\/likes\/?ver=14.2.1#blog_id=237719536&amp;post_id=445780&amp;origin=reseauinternational.net&amp;obj_id=237719536-445780-67c366a35f53d&amp;n=1\" data-name=\"like-post-frame-237719536-445780-67c366a35f53d\" data-title=\"Aimer ou rebloguer\">\n<h3 class=\"sd-title\">J\u2019aime \u00e7a\u00a0:<\/h3>\n<p><span class=\"button\"><span>J\u2019aime<\/span><\/span> <span class=\"loading\">chargement\u2026<\/span><\/p>\n<p><span class=\"sd-text-color\"\/><a target=\"_blank\" class=\"sd-link-color\"\/><\/div>\n<p><meta itemscope=\"\" itemprop=\"mainEntityOfPage\" itemtype=\"https:\/\/schema.org\/WebPage\" itemid=\"https:\/\/reseauinternational.net\/ce-quecrivent-les-medias-occidentaux-apres-le-scandale-a-la-maison-blanche-la-querelle-publique-entre-trump-et-zelensky\/\"\/><meta itemprop=\"headline\" content=\"Ce qu\u2019\u00e9crivent les m\u00e9dias occidentaux apr\u00e8s le scandale \u00e0 la Maison-Blanche \u2013 la querelle publique entre Trump et Zelensky\"\/><span style=\"display: none;\" itemprop=\"author\" itemscope=\"\" itemtype=\"https:\/\/schema.org\/Person\"><meta itemprop=\"name\" content=\"R\u00e9seau International\"\/><\/span><span style=\"display: none;\" itemprop=\"image\" itemscope=\"\" itemtype=\"https:\/\/schema.org\/ImageObject\"><meta itemprop=\"url\" content=\"https:\/\/i0.wp.com\/reseauinternational.net\/wp-content\/uploads\/2025\/03\/Sans-titre-21.png?fit=800%2C467&amp;quality=100&amp;ssl=1\"\/><meta itemprop=\"width\" content=\"800\"\/><meta itemprop=\"height\" content=\"467\"\/><\/span><span style=\"display: none;\" itemprop=\"publisher\" itemscope=\"\" itemtype=\"https:\/\/schema.org\/Organization\"><span style=\"display: none;\" itemprop=\"logo\" itemscope=\"\" itemtype=\"https:\/\/schema.org\/ImageObject\"><meta itemprop=\"url\" content=\"https:\/\/reseauinternational.net\/wp-content\/uploads\/2022\/06\/Capture-de\u0301cran-2022-06-14-a\u0300-16.51.07.png\"\/><\/span><meta itemprop=\"name\" content=\"R\u00e9seau International\"\/><\/span><meta itemprop=\"datePublished\" content=\"2025-03-01T07:30:59+00:00\"\/><meta itemprop=\"dateModified\" content=\"2025-03-01T07:33:53+00:00\"\/><\/div>\n<p><br \/>\n<br \/><a href=\"https:\/\/reseauinternational.net\/ce-quecrivent-les-medias-occidentaux-apres-le-scandale-a-la-maison-blanche-la-querelle-publique-entre-trump-et-zelensky\/\" target=\"_blank\"\">Source link <\/a><\/p>\n","protected":false},"excerpt":{"rendered":"<p>par Boris Karpov \u2022 The Telegraph : \u00abC\u2019est au-del\u00e0 du pire sc\u00e9nario pour l\u2019Ukraine. Un d\u00e9sastre diplomatique\u00bb. \u2022 Bild : \u00abScandale devant le monde entier. Trump a expuls\u00e9 Zelensky\u00bb. \u2022&hellip; <\/p>\n","protected":false},"author":1,"featured_media":3604,"comment_status":"open","ping_status":"open","sticky":false,"template":"","format":"standard","meta":{"footnotes":""},"categories":[1],"tags":[],"class_list":["post-3603","post","type-post","status-publish","format-standard","has-post-thumbnail","hentry","category-non-classe"],"_links":{"self":[{"href":"https:\/\/monde25.info\/index.php\/wp-json\/wp\/v2\/posts\/3603","targetHints":{"allow":["GET"]}}],"collection":[{"href":"https:\/\/monde25.info\/index.php\/wp-json\/wp\/v2\/posts"}],"about":[{"href":"https:\/\/monde25.info\/index.php\/wp-json\/wp\/v2\/types\/post"}],"author":[{"embeddable":true,"href":"https:\/\/monde25.info\/index.php\/wp-json\/wp\/v2\/users\/1"}],"replies":[{"embeddable":true,"href":"https:\/\/monde25.info\/index.php\/wp-json\/wp\/v2\/comments?post=3603"}],"version-history":[{"count":0,"href":"https:\/\/monde25.info\/index.php\/wp-json\/wp\/v2\/posts\/3603\/revisions"}],"wp:featuredmedia":[{"embeddable":true,"href":"https:\/\/monde25.info\/index.php\/wp-json\/wp\/v2\/media\/3604"}],"wp:attachment":[{"href":"https:\/\/monde25.info\/index.php\/wp-json\/wp\/v2\/media?parent=3603"}],"wp:term":[{"taxonomy":"category","embeddable":true,"href":"https:\/\/monde25.info\/index.php\/wp-json\/wp\/v2\/categories?post=3603"},{"taxonomy":"post_tag","embeddable":true,"href":"https:\/\/monde25.info\/index.php\/wp-json\/wp\/v2\/tags?post=3603"}],"curies":[{"name":"wp","href":"https:\/\/api.w.org\/{rel}","templated":true}]}}