{"id":3617,"date":"2025-03-02T03:36:05","date_gmt":"2025-03-02T02:36:05","guid":{"rendered":"https:\/\/monde25.info\/index.php\/2025\/03\/02\/la-chouette-effraie-en-manque-de-vieux-greniers-pour-nicher\/"},"modified":"2025-03-02T03:36:05","modified_gmt":"2025-03-02T02:36:05","slug":"la-chouette-effraie-en-manque-de-vieux-greniers-pour-nicher","status":"publish","type":"post","link":"https:\/\/monde25.info\/index.php\/2025\/03\/02\/la-chouette-effraie-en-manque-de-vieux-greniers-pour-nicher\/","title":{"rendered":"La chouette effraie en manque de vieux greniers pour nicher"},"content":{"rendered":"<p> <br \/>\n<\/p>\n<div>\n<p>    <span class=\"date\">1er mars 2025  \u00e0 09h24<\/span><\/p>\n<p class=\"duree_lecture\">\n        Dur\u00e9e de lecture : 4 minutes\n      <\/p>\n<\/p><\/div>\n<div>\n<p>Le chuintement d\u2019une chouette effraie. Le sifflet d\u2019un hibou petit-duc. Le hululement de la hulotte. Voici les cris que vous pourrez entendre tout le mois de mars lors d\u2019animations organis\u00e9es \u00e0 l\u2019occasion des <a target=\"_blank\" href=\"https:\/\/agenda.nuitsdelachouette.lpo.fr\/\" class=\"spip_out\" rel=\"external\">Nuits de la chouette<\/a> par la Ligue de protection des oiseaux (<span class=\"caps\">LPO<\/span>) et ses associations partenaires. Une op\u00e9ration naturaliste, qui c\u00e9l\u00e8bre cette ann\u00e9e son trenti\u00e8me anniversaire, et qui permet <i>\u00ab<small class=\"fine d-inline\">\u00a0<\/small>de faire de la sensibilisation aupr\u00e8s du grand public sur ces esp\u00e8ces encore m\u00e9connues<small class=\"fine d-inline\">\u00a0<\/small>\u00bb<\/i>, explique J\u00e9r\u00e9my Dupuy, ornithologue \u00e0 la <span class=\"caps\">LPO<\/span>.<\/p>\n<p>Pendant longtemps, ces rapaces nocturnes furent symbole d\u2019un mauvais pr\u00e9sage. On les clouait sur les portes des granges pour conjurer le mauvais sort et les esprits malfaisants. Une pratique barbare qui a disparu depuis que l\u2019animal est prot\u00e9g\u00e9. <i>\u00ab<small class=\"fine d-inline\">\u00a0<\/small>Ils ont b\u00e9n\u00e9fici\u00e9 de plusieurs lois de protection mises en place dans les ann\u00e9es 1970. Depuis, les destructions se sont ralenties et les gens qui braconnaient ont arr\u00eat\u00e9<small class=\"fine d-inline\">\u00a0<\/small>\u00bb<\/i>, poursuit J\u00e9r\u00e9my Depuis.<\/p>\n<p>Certaines esp\u00e8ces ont m\u00eame conquis de nouveaux territoires, comme le montre la premi\u00e8re estimation de grande ampleur de la population de rapaces nocturnes, que la <a target=\"_blank\" href=\"https:\/\/www.lpo.fr\/media\/read\/38692\/file\/BILAN%20RAPACES%20NOCTURNES_Web%201.pdf\" class=\"spip_out\" rel=\"external\"><span class=\"caps\">LPO<\/span> vient de publier<\/a>. Elle a \u00e9t\u00e9 men\u00e9e de 2015 \u00e0 2018 avec l\u2019aide de 1\u00a0200 b\u00e9n\u00e9voles qui ont compt\u00e9 les couples reproducteurs des neuf esp\u00e8ces de rapaces nocturnes qui vivent en France\u00a0: la chouette hulotte, la chev\u00eache d\u2019Ath\u00e9na, l\u2019effraie des clochers, le hibou des marais, le grand-duc d\u2019Europe, le hibou moyen-duc, le petit-duc scops, la chev\u00eachette d\u2019Europe et la chouette de Tengmalm.<\/p>\n<h2 class=\"spip\">Les populations de chouette hulotte en hausse<\/h2>\n<p>Ces deux derni\u00e8res ont \u00e9t\u00e9 \u00e9tudi\u00e9es gr\u00e2ce au r\u00e9seau Petites chouettes de montagne, copilot\u00e9 par la <span class=\"caps\">LPO<\/span> et l\u2019Office national des for\u00eats. Seuls les effectifs du grand-duc d\u2019Europe et du hibou des marais ont \u00e9t\u00e9 plus difficiles \u00e0 \u00e9valuer \u00e0 cause d\u2019un manque de donn\u00e9es.<\/p>\n<p>Le r\u00e9sultat de cette vaste \u00e9tude a soulag\u00e9 les ornithologues\u00a0: la plupart des esp\u00e8ces se portent plut\u00f4t bien. La chouette hulotte, la plus commune en France, compte 260\u00a0800 couples, un chiffre en hausse. Notons cependant qu\u2019elle se fait rare dans les zones de grandes cultures o\u00f9 les massifs forestiers ont disparu, ainsi que sur le littoral m\u00e9diterran\u00e9en.<\/p>\n<div class=\"spip_document_89075 spip_document spip_documents spip_document_image spip_documents_center spip_document_center spip_document_avec_legende\" data-legende-len=\"108\" data-legende-lenx=\"xx\">\n<figure class=\"spip_doc_inner\">\n      <picture><source type=\"image\/webp\" srcset=\"https:\/\/reporterre.net\/local\/cache-vignettes\/L1050xH700\/47974710632_41e1bd443f_k_1_-937fd.jpg@.webp?1740758445\"><img decoding=\"async\" src=\"https:\/\/reporterre.net\/IMG\/jpg\/47974710632_41e1bd443f_k_1_.jpg\" width=\"1200\" height=\"800\" loading=\"lazy\" alt=\"\"\/><br \/>\n    <\/source><\/picture><figcaption class=\"spip_doc_legende\">\n<p>Les populations de chouette hulotte ont progress\u00e9 ces derni\u00e8res ann\u00e9es.<br \/>\n<i>Flickr\/<span class=\"caps\">CC<\/span> <span class=\"caps\">BY<\/span>&#8211;<span class=\"caps\">NC<\/span> 2.0\/Cl\u00e9ment Basti\u00e9<br \/>\n<\/i><\/p>\n<\/figcaption><\/figure>\n<\/p><\/div>\n<p>La chev\u00eache d\u2019Ath\u00e9na, class\u00e9e en pr\u00e9occupation mineure par l\u2019Union internationale pour la conservation de la nature (<span class=\"caps\">UICN<\/span>), compte aujourd\u2019hui 101\u00a0300 couples reproducteurs. Elle a repeupl\u00e9 certains secteurs o\u00f9 elle avait disparu. <i>\u00ab<small class=\"fine d-inline\">\u00a0<\/small>Depuis dix ans, elle colonise les Pyr\u00e9n\u00e9es, mais on ne sait pas pourquoi<small class=\"fine d-inline\">\u00a0<\/small>\u00bb<\/i>, signale J\u00e9r\u00e9my Dupuis.<\/p>\n<p>D\u2019autres esp\u00e8ces, en revanche, restent menac\u00e9es, comme la chouette de Tengmalm, qui vit dans les for\u00eats de haute altitude et compte 1\u00a0000 \u00e0 3\u00a0000 couples. Un effectif en baisse, menac\u00e9 par le <a target=\"_blank\" href=\"Qu-est-ce-que-le-rechauffement-climatique\">r\u00e9chauffement climatique<\/a> qui entra\u00eene la disparition de leurs for\u00eats. <i>\u00ab<small class=\"fine d-inline\">\u00a0<\/small>J\u2019ai peur que les chouettes de Tengmalm ne soient condamn\u00e9es \u00e0 dispara\u00eetre des massifs montagneux du sud de la France<small class=\"fine d-inline\">\u00a0<\/small>\u00bb<\/i>, d\u00e9plore J\u00e9r\u00e9my Dupuis.<\/p>\n<h2 class=\"spip\">Encourager leur reproduction en construisant des nichoirs<\/h2>\n<p>L\u2019effraie des clochers, aussi appel\u00e9e la dame blanche, dont l\u2019effectif estim\u00e9 \u00e0 87\u00a0700 couples est \u00e9galement en diminution. Ce rapace reconnaissable \u00e0 sa t\u00eate couleur cr\u00e8me en forme de c\u0153ur niche dans les clochers ou les combles des greniers. Mais avec la r\u00e9novation des b\u00e2timents, beaucoup de sites ne sont d\u00e9sormais plus accessibles. C\u2019est la raison pour laquelle la <span class=\"caps\">LPO<\/span> a lanc\u00e9 l\u2019op\u00e9ration <a target=\"_blank\" href=\"https:\/\/www.lpo.fr\/media\/read\/38682\/file\/LPO_UNECHOUETTEUNVILLAGE_Pre%CC%81sentation%20du%20projet.pdf\" class=\"spip_out\" rel=\"external\">Une chouette, un village<\/a>. L\u2019objectif est d\u2019installer 3\u00a0000 nichoirs dans 60\u00a0d\u00e9partements, offrant ainsi des lieux de reproduction pour les couples.<\/p>\n<p>Les r\u00e9sultats encourageants de cette \u00e9tude ne doivent pas masquer les menaces qui continuent de peser sur ces rapaces nocturnes, comme la disparition des haies et des bandes enherb\u00e9es ainsi que de leurs proies \u2014 mulots, rats, campagnols \u2014 consid\u00e9r\u00e9es comme des ravageurs de culture.<\/p>\n<p><i>\u00ab<small class=\"fine d-inline\">\u00a0<\/small>\u00c0 nous de tout mettre en \u0153uvre pour prot\u00e9ger ces oiseaux fascinants, essentiels au bon fonctionnement des \u00e9cosyst\u00e8mes<small class=\"fine d-inline\">\u00a0<\/small>\u00bb<\/i>, conclut Allain Bougrain Dubourg, pr\u00e9sident de la <span class=\"caps\">LPO<\/span>, dans <a target=\"_blank\" href=\"https:\/\/www.lpo.fr\/qui-sommes-nous\/espace-presse\/communiques\/cp-2025\/les-nuits-de-la-chouette-fetent-leurs-30-ans\" class=\"spip_out\" rel=\"external\">un communiqu\u00e9<\/a>.<\/p>\n<aside class=\"boite_encarts\">\n<div class=\"encart encart_gris noprint\">\n<p><strong>Puisque vous \u00eates l\u00e0&#8230;<\/strong><\/p>\n<p>&#8230; nous avons un petit service \u00e0 vous demander.<br class=\"autobr\"\/><br \/>\nEntre la pr\u00e9sence d\u2019un climatosceptique \u00e0 la t\u00eate de la premi\u00e8re puissance mondiale, un gouvernement fran\u00e7ais qui flirte avec l\u2019extr\u00eame-droite, et les catastrophes climatiques qui s\u2019enchainent&#8230; Faire vivre l\u2019\u00e9cologie dans le d\u00e9bat public est un enjeu crucial.<\/p>\n<p>Personne ne modifie ce que nous publions. Nous n\u2019avons ni actionnaire, ni propri\u00e9taire milliardaire \u2014 seulement une \u00e9quipe d\u2019irr\u00e9ductibles journalistes, pleine de d\u00e9termination.<\/p>\n<p>Nous avons la conviction que l\u2019urgence \u00e9cologique est l\u2019enjeu majeur de notre \u00e9poque. Et comme plus de 2 millions de lectrices et lecteurs chaque mois, vous partagez sans doute cette conviction&#8230;<\/p>\n<p><strong>Depuis 12 ans, nous publions des articles de qualit\u00e9 sur l\u2019\u00e9cologie, en acc\u00e8s libre et sans publicit\u00e9, pour tous.<\/strong><br class=\"autobr\"\/><br \/>\nMais ce travail demande beaucoup de temps et de ressources.<\/p>\n<p>Alors, si vous en avez les moyens, sachez qu\u2019un don, m\u00eame d\u20191\u20ac, est un acte de soutien fort pour l\u2019\u00e9cologie et le journalisme ind\u00e9pendant.<br class=\"autobr\"\/><br \/>\n(Et \u00e7a vous prendra moins de temps que la lecture de ce texte).<\/p>\n<p><strong>Si vous le pouvez, choisissez un soutien mensuel. Merci.<\/strong><\/p>\n<p><a target=\"_blank\" href=\"https:\/\/reporterre.net\/dons\" class=\"bt_soutenir\">Je soutiens <i>Reporterre<\/i><\/a><\/p>\n<\/p><\/div>\n<div class=\"encart encart_vert noprint montre_1023\">\n<div class=\"infolettre-form-container noprint\">\n<p>Abonnez-vous \u00e0 la lettre d\u2019info de Reporterre<\/p>\n<\/div><\/div>\n<\/aside>\n<aside class=\"boite_apresarticle encart_note\">\n<h4>Apr\u00e8s cet article<\/h4>\n<p>      <a target=\"_blank\" href=\"https:\/\/reporterre.net\/Dans-les-Pyrenees-a-la-recherche-de-la-mysterieuse-chouette-de-Tengmalm\" class=\"lien_article\">\n      <picture class=\"vignette_gauche\"><source type=\"image\/webp\" srcset=\"https:\/\/reporterre.net\/local\/cache-vignettes\/L450xH300\/arton23044-ad518.jpg@.webp?1737375073\"><img decoding=\"async\" src=\"https:\/\/reporterre.net\/local\/cache-vignettes\/L450xH300\/arton23044-ad518.jpg?1737375073\" width=\"450\" height=\"300\" alt=\"\" class=\"marge12\" loading=\"lazy\"\/><br \/>\n<\/source><\/picture>\n<p class=\"libelle\">\n<p>          Reportage \u2014<\/p>\n<p>      La balade du naturaliste\n    <\/p>\n<p class=\"titre pol20\"> \u00c0 la recherche de la myst\u00e9rieuse chouette de Tengmalm<\/p>\n<p>      <\/a><br \/>\n    <\/aside>\n<aside class=\"boite_complement texte\">\n<p>      <!-- zone_forum --><br \/>\n          <\/aside>\n<aside class=\"boite_lireaussi noprint\">\n<\/aside>\n<aside class=\"colonne\">\n<div class=\"article_info cache_1023 noprint\">\n<p>    <span class=\"date\">1er mars 2025  \u00e0 09h24<\/span><\/p>\n<p class=\"duree_lecture\">\n        Dur\u00e9e de lecture : 4 minutes\n      <\/p>\n<\/p><\/div>\n<div class=\"bloc_infolettre\">\n<div class=\"infolettre-form-container noprint\">\n<p>Abonnez-vous \u00e0 la lettre d\u2019info de Reporterre<\/p>\n<\/div><\/div>\n<\/aside>\n<div id=\"galerie\">\n  <img decoding=\"async\" src=\"\" class=\"principale\" id=\"principale\"\/><\/p>\n<p id=\"legende\">legende<\/p>\n<\/div>\n<footer class=\"noprint\">\n<\/footer>\n<\/div>\n<p><br \/>\n<br \/><a href=\"https:\/\/reporterre.net\/La-chouette-effraie-en-manque-de-vieux-greniers-pour-nicher\" target=\"_blank\"\">Source link <\/a><\/p>\n","protected":false},"excerpt":{"rendered":"<p>1er mars 2025 \u00e0 09h24 Dur\u00e9e de lecture : 4 minutes Le chuintement d\u2019une chouette effraie. Le sifflet d\u2019un hibou petit-duc. Le hululement de la hulotte. Voici les cris que&hellip; <\/p>\n","protected":false},"author":1,"featured_media":3618,"comment_status":"open","ping_status":"open","sticky":false,"template":"","format":"standard","meta":{"footnotes":""},"categories":[1],"tags":[],"class_list":["post-3617","post","type-post","status-publish","format-standard","has-post-thumbnail","hentry","category-non-classe"],"_links":{"self":[{"href":"https:\/\/monde25.info\/index.php\/wp-json\/wp\/v2\/posts\/3617","targetHints":{"allow":["GET"]}}],"collection":[{"href":"https:\/\/monde25.info\/index.php\/wp-json\/wp\/v2\/posts"}],"about":[{"href":"https:\/\/monde25.info\/index.php\/wp-json\/wp\/v2\/types\/post"}],"author":[{"embeddable":true,"href":"https:\/\/monde25.info\/index.php\/wp-json\/wp\/v2\/users\/1"}],"replies":[{"embeddable":true,"href":"https:\/\/monde25.info\/index.php\/wp-json\/wp\/v2\/comments?post=3617"}],"version-history":[{"count":0,"href":"https:\/\/monde25.info\/index.php\/wp-json\/wp\/v2\/posts\/3617\/revisions"}],"wp:featuredmedia":[{"embeddable":true,"href":"https:\/\/monde25.info\/index.php\/wp-json\/wp\/v2\/media\/3618"}],"wp:attachment":[{"href":"https:\/\/monde25.info\/index.php\/wp-json\/wp\/v2\/media?parent=3617"}],"wp:term":[{"taxonomy":"category","embeddable":true,"href":"https:\/\/monde25.info\/index.php\/wp-json\/wp\/v2\/categories?post=3617"},{"taxonomy":"post_tag","embeddable":true,"href":"https:\/\/monde25.info\/index.php\/wp-json\/wp\/v2\/tags?post=3617"}],"curies":[{"name":"wp","href":"https:\/\/api.w.org\/{rel}","templated":true}]}}