{"id":3625,"date":"2025-03-02T05:53:45","date_gmt":"2025-03-02T04:53:45","guid":{"rendered":"https:\/\/monde25.info\/index.php\/2025\/03\/02\/la-dissuasion-nucleaire-francaise-doit-rester-francaise-rt-en-francais\/"},"modified":"2025-03-02T05:53:45","modified_gmt":"2025-03-02T04:53:45","slug":"la-dissuasion-nucleaire-francaise-doit-rester-francaise-rt-en-francais","status":"publish","type":"post","link":"https:\/\/monde25.info\/index.php\/2025\/03\/02\/la-dissuasion-nucleaire-francaise-doit-rester-francaise-rt-en-francais\/","title":{"rendered":"la dissuasion nucl\u00e9aire fran\u00e7aise doit rester fran\u00e7aise \u2014 RT en fran\u00e7ais"},"content":{"rendered":"<p> <br \/>\n<br \/><img decoding=\"async\" src=\"https:\/\/mf.b37mrtl.ru\/french\/images\/2025.03\/thumbnail\/67c33bad6f7ccc25da5e69d2.jpg\" \/><\/p>\n<div>\n<p class=\"text__summary\">\n                                        En visite au Salon de l\u2019agriculture, le samedi 1er mars, la pr\u00e9sidente du groupe Rassemblement national \u00e0 l&rsquo;Assembl\u00e9e nationale, Marine Le Pen, a fait savoir qu\u2019elle n\u2019admettait pas qu\u2019on partage ou qu\u2019on d\u00e9l\u00e8gue la dissuasion nucl\u00e9aire de la France.\n                                    <\/p>\n<p>La pr\u00e9sidente du groupe Rassemblement national \u00e0 l\u2019Assembl\u00e9e nationale a fait savoir le 1er mars qu\u2019elle s\u2019opposait cat\u00e9goriquement \u00e0 ce que son pays d\u00e9l\u00e8gue une partie de sa souverainet\u00e9 en mati\u00e8re de d\u00e9fense au profit de tout autre projet de d\u00e9fense commun au niveau europ\u00e9en.<\/p>\n<p>\u00abJe consid\u00e8re que la d\u00e9fense fran\u00e7aise doit rester la d\u00e9fense fran\u00e7aise, que la dissuasion nucl\u00e9aire fran\u00e7aise doit rester une dissuasion nucl\u00e9aire fran\u00e7aise, qu\u2019on ne doit pas la partager et qu\u2019on ne doit encore moins la d\u00e9l\u00e9guer\u00bb, a d\u00e9clar\u00e9 Marine Le Pen.<\/p>\n<p>Interrog\u00e9e par les journalistes sur ce qu\u2019elle pense de l\u2019altercation de la veille au Bureau ovale entre le pr\u00e9sident am\u00e9ricain Trump et le dirigeant\u00a0ukrainien Zelensky, Marine Le Pen a d\u00e9clar\u00e9 : \u00abJe pense que le chemin de la paix est un chemin difficile\u2026 que des dirigeants de nations puissent se parler avec passion, qu\u2019il puisse y avoir des frictions, des mots durs\u2026 C\u2019est assez normal, la vie et la politique ne sont pas si \u00e9loign\u00e9es que cela\u00bb.<\/p>\n<p>Marine Le Pen a d\u00e9clar\u00e9\u00a0esp\u00e9rer que \u00abce moment difficile\u00bb serait la premi\u00e8re \u00e9tape vers la paix en rappelant que depuis trois ann\u00e9es elle \u00e9tait pour une politique de soutien \u00e0 l\u2019Ukraine pour lui permettre d\u2019arriver aux n\u00e9gociations de paix dans les meilleurs conditions possibles.<\/p>\n<h2>Une gifle consid\u00e9rable et un \u00e9chec diplomatique majeur pour les pays europ\u00e9ens<\/h2>\n<p>La chef des d\u00e9put\u00e9s du Rassemblement national a indiqu\u00e9 que la conclusion majeure qu\u2019il faut tirer de ce qui s\u2019est pass\u00e9 la veille au Bureau ovale, c\u2019est que ce sont les Am\u00e9ricains qui d\u00e9cident aujourd\u2019hui d\u2019arr\u00eater ou de continuer la guerre, \u00abet\u00a0\u00e7a, pour les pays europ\u00e9ens, c\u2019est une gifle consid\u00e9rable, un \u00e9chec diplomatique absolument majeur et une perte d\u2019influence qui saute aux yeux de tout le monde\u00bb.<\/p>\n<p>Elle a ajout\u00e9 que cette situation\u00a0plongeait dans la\u00a0crise les pays de l\u2019Union europ\u00e9enne qui souhaitent continuer\u00a0la guerre. Le Pen a poursuivi en affirmant qu\u2019\u00e0 chaque crise l\u2019Union europ\u00e9enne s\u2019octroie des pouvoirs comme \u00e7a a \u00e9t\u00e9 le cas avec la crise sanitaire et la crise migratoire. \u00abJe vois bien qu\u2019ils souhaiteraient que ce conflit perdure pour pouvoir s\u2019attribuer les comp\u00e9tences en mati\u00e8re de d\u00e9fense\u00bb, a-t-elle d\u00e9clar\u00e9.<\/p>\n<\/div>\n<p><br \/>\n<br \/><a href=\"https:\/\/francais.rt.com\/france\/117437-marine-le-pen-dissuasion-nucleaire-francaise\" target=\"_blank\"\">Source link <\/a><\/p>\n","protected":false},"excerpt":{"rendered":"<p>En visite au Salon de l\u2019agriculture, le samedi 1er mars, la pr\u00e9sidente du groupe Rassemblement national \u00e0 l&rsquo;Assembl\u00e9e nationale, Marine Le Pen, a fait savoir qu\u2019elle n\u2019admettait pas qu\u2019on partage&hellip; <\/p>\n","protected":false},"author":1,"featured_media":3626,"comment_status":"open","ping_status":"open","sticky":false,"template":"","format":"standard","meta":{"footnotes":""},"categories":[1],"tags":[],"class_list":["post-3625","post","type-post","status-publish","format-standard","has-post-thumbnail","hentry","category-non-classe"],"_links":{"self":[{"href":"https:\/\/monde25.info\/index.php\/wp-json\/wp\/v2\/posts\/3625","targetHints":{"allow":["GET"]}}],"collection":[{"href":"https:\/\/monde25.info\/index.php\/wp-json\/wp\/v2\/posts"}],"about":[{"href":"https:\/\/monde25.info\/index.php\/wp-json\/wp\/v2\/types\/post"}],"author":[{"embeddable":true,"href":"https:\/\/monde25.info\/index.php\/wp-json\/wp\/v2\/users\/1"}],"replies":[{"embeddable":true,"href":"https:\/\/monde25.info\/index.php\/wp-json\/wp\/v2\/comments?post=3625"}],"version-history":[{"count":0,"href":"https:\/\/monde25.info\/index.php\/wp-json\/wp\/v2\/posts\/3625\/revisions"}],"wp:featuredmedia":[{"embeddable":true,"href":"https:\/\/monde25.info\/index.php\/wp-json\/wp\/v2\/media\/3626"}],"wp:attachment":[{"href":"https:\/\/monde25.info\/index.php\/wp-json\/wp\/v2\/media?parent=3625"}],"wp:term":[{"taxonomy":"category","embeddable":true,"href":"https:\/\/monde25.info\/index.php\/wp-json\/wp\/v2\/categories?post=3625"},{"taxonomy":"post_tag","embeddable":true,"href":"https:\/\/monde25.info\/index.php\/wp-json\/wp\/v2\/tags?post=3625"}],"curies":[{"name":"wp","href":"https:\/\/api.w.org\/{rel}","templated":true}]}}