{"id":3629,"date":"2025-03-02T07:36:44","date_gmt":"2025-03-02T06:36:44","guid":{"rendered":"https:\/\/monde25.info\/index.php\/2025\/03\/02\/comme-un-petit-vent-de-ras-le-bol-les-moutons-enrages\/"},"modified":"2025-03-02T07:36:44","modified_gmt":"2025-03-02T06:36:44","slug":"comme-un-petit-vent-de-ras-le-bol-les-moutons-enrages","status":"publish","type":"post","link":"https:\/\/monde25.info\/index.php\/2025\/03\/02\/comme-un-petit-vent-de-ras-le-bol-les-moutons-enrages\/","title":{"rendered":"Comme un petit vent de ras-le-bol \u2013 Les moutons enrag\u00e9s"},"content":{"rendered":"<p> <br \/>\n<\/p>\n<div>\n<p>Par <a target=\"_blank\" href=\"https:\/\/h16free.com\/2025\/02\/28\/80242-comme-un-petit-vent-de-ras-le-bol\" data-type=\"link\" data-id=\"https:\/\/h16free.com\/2025\/02\/28\/80242-comme-un-petit-vent-de-ras-le-bol\"><strong>H16<\/strong><\/a><\/p>\n<div class=\"wp-block-image\">\n<figure class=\"aligncenter size-large is-resized\"><img fetchpriority=\"high\" decoding=\"async\" width=\"506\" height=\"330\" src=\"https:\/\/lesmoutonsenrages.fr\/wp-content\/uploads\/2025\/03\/image-506x330.png\" alt=\"\" class=\"wp-image-165688\" style=\"width:292px;height:auto\" srcset=\"https:\/\/lesmoutonsenrages.fr\/wp-content\/uploads\/2025\/03\/image-506x330.png 506w, https:\/\/lesmoutonsenrages.fr\/wp-content\/uploads\/2025\/03\/image-250x163.png 250w, https:\/\/lesmoutonsenrages.fr\/wp-content\/uploads\/2025\/03\/image-150x98.png 150w, https:\/\/lesmoutonsenrages.fr\/wp-content\/uploads\/2025\/03\/image.png 600w\" sizes=\"(max-width: 506px) 100vw, 506px\"\/><\/figure>\n<\/div>\n<p>Les choses sont peut-\u00eatre all\u00e9 un peu vite alors r\u00e9capitulons bri\u00e8vement.<\/p>\n<p>En 2024, l\u2019\u00c9tat fran\u00e7ais a salement d\u00e9rap\u00e9 sur son budget. Son gouvernement a chang\u00e9 rapidement. Deux fois. Tous les indicateurs \u00e9conomiques du pays ont vir\u00e9 gentiment au rouge et toutes les forces vives du pays s\u2019accordent \u00e0 dire que les Fran\u00e7ais subissent la pression fiscale la plus forte du monde. Les services publics sont en berne, l\u2019action de l\u2019\u00c9tat frise le ridicule aux fers chauds et l\u2019actuel gouvernement est essentiellement pilot\u00e9 \u00e0 vue par un petit opisthobranche rigolo.<\/p>\n<p>Ce dernier a donc d\u00e9cid\u00e9 d\u2019augmenter les d\u00e9ficits, d\u2019augmenter la dette et d\u2019augmenter la pression fiscale parce qu\u2019apr\u00e8s tout, pourquoi pas\u00a0?<\/p>\n<p><span id=\"more-165687\"\/><\/p>\n<p>Ainsi, les seuils \u00e0 partir desquels les auto-entrepreneurs devront reverser la TVA collect\u00e9e \u00e0 l\u2019\u00c9tat ont \u00e9t\u00e9 judicieusement abaiss\u00e9s.<\/p>\n<p>M\u00eame si un petit d\u00e9lai a \u00e9t\u00e9 introduit un peu avant le vote budg\u00e9taire pour \u00e9viter de d\u00e9clencher un mouvement de col\u00e8re des auto-entrepreneurs qui aurait pu, hypoth\u00e9tiquement, forcer la main de certains d\u00e9put\u00e9s et faire basculer la censure du mauvais c\u00f4t\u00e9, il appara\u00eet \u00e0 pr\u00e9sent que le pied nickel\u00e9 en charge du <a target=\"_blank\" href=\"https:\/\/www.bfmtv.com\/economie\/entreprises\/info-bfm-business-reduction-du-seuil-d-exemption-de-tva-130-000-entrepreneurs-concernes_AV-202502170102.html\" target=\"_blank\" rel=\"noreferrer noopener\">minist\u00e8re de l\u2019\u00c9conomie a bel et bien confirm\u00e9<\/a> ces nouveaux seuils de d\u00e9clenchement de la d\u00e9claration de TVA qui concerne dont des dizaines de milliers d\u2019auto-entrepreneurs.<\/p>\n<p>Cela n\u2019a \u00e9t\u00e9 une surprise que pour les quelques na\u00effs qui croient encore les d\u00e9clarations apaisantes des charg\u00e9s de communications des politiciens. Et tout compte fait, on se dirige vers l\u2019impact \u00e9conomique le plus violent depuis les confinements de 2020\u00a0: l\u2019\u00c9tat provoque d\u00e9cid\u00e9ment plus de d\u00e9g\u00e2ts qu\u2019un virus et on peut s\u2019attendre \u00e0 une vague assez forte de d\u00e9p\u00f4ts de bilan de ces micro-entreprises.<\/p>\n<p>Les r\u00e9actions se multiplient depuis <a target=\"_blank\" href=\"https:\/\/x.com\/ChienSurpris\/status\/1892256590067356021\" target=\"_blank\" rel=\"noreferrer noopener\">sur les r\u00e9seaux sociaux<\/a> et dans les <a target=\"_blank\" href=\"https:\/\/rmc.bfmtv.com\/actualites\/economie\/travail\/polemique-sur-la-tva-des-autoentrepreneurs-comment-peut-on-autant-tabasser-les-gens-qui-travaillent_AV-202502060522.html\" target=\"_blank\" rel=\"noreferrer noopener\">m\u00e9dias traditionnels<\/a>. Ce sera en pure perte\u00a0: la mesure, d\u00e9vastatrice, restera et garantira que les petites entreprises vont rapidement p\u00e9ricliter dans le pays.<\/p>\n<p>Rassurez-vous\u00a0: les grandes entreprises et les gros patrimoines ne sont pas oubli\u00e9s puisque l\u2019Assembl\u00e9e a, dans la foul\u00e9e, <a target=\"_blank\" href=\"https:\/\/www.europe1.fr\/economie\/les-deputes-francais-adoptent-la-taxe-zucman-un-impot-plancher-sur-le-patrimoine-des-ultra-riches-510707\" target=\"_blank\" rel=\"noreferrer noopener\">adopt\u00e9 en premi\u00e8re lecture la taxe Zucman<\/a>, taxe plancher de 2% sur le patrimoine ce qui poussera vigoureusement ceux qui y seront assujettis \u00e0 bien vite se tirer de cet enfer socialiste, d\u00e9truisant avec leur d\u00e9part emplois et perspectives de d\u00e9veloppement.<\/p>\n<p>Si l\u2019on ajoute le projet de l\u2019Ex\u00e9cutif, toujours pas abandonn\u00e9 et r\u00e9guli\u00e8rement remis sur la table, de <a target=\"_blank\" href=\"https:\/\/www.rcf.fr\/articles\/actualite\/bernard-arnault-condamne-le-projet-de-surtaxation-des-entreprises-en-france\" target=\"_blank\" rel=\"noreferrer noopener\">taxer \u00e0 hauteur de 40% les entreprises fran\u00e7aises r\u00e9alisant plus de 3 milliards d\u2019euros de chiffre d\u2019affaires<\/a>, on comprend que toute la classe politique du pays, d\u2019un c\u00f4t\u00e9 \u00e0 l\u2019autre de l\u2019h\u00e9micycle, est enti\u00e8rement <del>socialiste<\/del> convaincue qu\u2019il va falloir ponctionner, taxer, confisquer et fiscaliser tout ce qu\u2019on peut avant la faillite.<\/p>\n<p>C\u2019est donc assez logique qu\u2019on commence \u00e0 entendre de plus en plus distinctement des couinements.<\/p>\n<p>Bien s\u00fbr, les auto-entrepreneurs sont les premiers \u00e0 <a target=\"_blank\" href=\"https:\/\/x.com\/ChienSurpris\/status\/1888120467283710205\" target=\"_blank\" rel=\"noreferrer noopener\">\u00e9mettre des g\u00e9missements<\/a>, mais ils sont rapidement rejoints par tous les chefs d\u2019entreprise qui constatent l\u2019avalanche maintenant ininterrompue de<a target=\"_blank\" href=\"https:\/\/www.lefigaro.fr\/economie\/normes-procedures-reglements-le-ras-le-bol-des-chefs-d-entreprise-20250219\" target=\"_blank\" rel=\"noreferrer noopener\"> complications bureaucratiques d\u00e9biles<\/a> en plus d\u2019une taxation devenue folle.<\/p>\n<p>Il faut dire que les diff\u00e9rents tsunamis de \u00ab\u00a0simplification\u00a0\u00bb qui ont heurt\u00e9 la France ces derni\u00e8res ann\u00e9es se sont tous traduits par ce \u00e0 quoi on peut s\u2019attendre apr\u00e8s des tsunamis\u00a0: des torrents de boue, des destructions \u00e9tendues, des victimes par milliers, et des fonctionnaires, tampon encreur \u00e0 la main, parcourant les ruines \u00e0 la recherche d\u2019un cerfa \u00e0 tamponner jusqu\u2019\u00e0 la mort.<\/p>\n<p>Souvenez-vous de la \u00ab\u00a0r\u00e9forme\u00a0\u00bb des r\u00e9gions qui devait permettre d\u2019\u00e9conomiser quelques deniers publics\u00a0: r\u00e9alis\u00e9e sous Hollande avec tout le brio qu\u2019on pouvait esp\u00e9rer d\u2019un dessert lact\u00e9, elle f\u00eate ses 10 ans et, avec elle, les Fran\u00e7ais ont pu recevoir une facture sal\u00e9e. Quasiment aucun des doublons n\u2019a \u00e9t\u00e9 supprim\u00e9, et la r\u00e9forme ne s\u2019est pas traduit par quelques \u00e9conomie que ce soit.<\/p>\n<p>Souvenez-vous aussi de ce \u00ab\u00a0choc de simplification\u00a0\u00bb lanc\u00e9 par \u00c9d l\u2019\u00e9picier de Matignon en 2017, qui r\u00e9clamait alors que <a target=\"_blank\" href=\"https:\/\/www.lejdd.fr\/Politique\/edouard-philippe-veut-que-toute-nouvelle-norme-en-supprime-deux-3398324\" target=\"_blank\" rel=\"noreferrer noopener\">toute nouvelle norme devait en supprimer deux anciennes<\/a>. Aucune simplification ne fut enregistr\u00e9e depuis. C\u2019est un \u00e9chec complet. Le seul fait que cette andouille barbue se croit encore capable d\u2019envisager, sans rire, un prochain poste \u00e0 l\u2019\u00c9lys\u00e9e donne une assez bonne id\u00e9e de la cuistrerie de nos dirigeants politiques moyens.<\/p>\n<div class=\"wp-block-image\">\n<figure class=\"aligncenter size-large is-resized\"><img loading=\"lazy\" decoding=\"async\" width=\"458\" height=\"330\" src=\"https:\/\/lesmoutonsenrages.fr\/wp-content\/uploads\/2025\/03\/image-1-458x330.png\" alt=\"\" class=\"wp-image-165689\" style=\"width:398px;height:auto\" srcset=\"https:\/\/lesmoutonsenrages.fr\/wp-content\/uploads\/2025\/03\/image-1-458x330.png 458w, https:\/\/lesmoutonsenrages.fr\/wp-content\/uploads\/2025\/03\/image-1-250x180.png 250w, https:\/\/lesmoutonsenrages.fr\/wp-content\/uploads\/2025\/03\/image-1-150x108.png 150w, https:\/\/lesmoutonsenrages.fr\/wp-content\/uploads\/2025\/03\/image-1.png 736w\" sizes=\"auto, (max-width: 458px) 100vw, 458px\"\/><\/figure>\n<\/div>\n<p>Bref, les \u00ab\u00a0r\u00e9formes\u00a0\u00bb n\u2019en n\u2019ont jamais \u00e9t\u00e9 et les \u00ab\u00a0simplifications\u00a0\u00bb ne sont que des fanfreluches de communicants.<\/p>\n<p>Les Fran\u00e7ais, bonnes poires, commencent tout juste \u00e0 s\u2019agacer\u00a0: <a target=\"_blank\" href=\"https:\/\/x.com\/ThayWilliam\/status\/1892092501777060332\" target=\"_blank\" rel=\"noreferrer noopener\">ils estiment<\/a> dans leur grande majorit\u00e9 (71%) beaucoup trop payer d\u2019imp\u00f4ts, ce qui est un euph\u00e9misme, constatent que <a target=\"_blank\" href=\"http:\/\/www.lefigaro.fr\/actualite-france\/une-majorite-de-francais-jugent-notre-systeme-social-trop-genereux-20250221\" target=\"_blank\" rel=\"noreferrer noopener\">le syst\u00e8me social actuellement en place est beaucoup trop g\u00e9n\u00e9reux<\/a>, et sont de plus en plus nombreux (36%) \u00e0 souhaiter une (vraie) r\u00e9forme de fond en combles.<\/p>\n<p>Chaque jour qui passe, les r\u00e9seaux sociaux recueillent de nouveaux t\u00e9moignages de ce ras-le-bol. Chaque jour qui passe, les internautes constatent, chiffres \u00e0 l\u2019appui, qu\u2019on les baratine sur les destinations et l\u2019usage des fonds publics, et r\u00e9clament \u00e0 la fois transparence et remise \u00e0 plat de pans entiers d\u2019un syst\u00e8me dont tout indique qu\u2019il est \u00e0 bout de souffle.<\/p>\n<p>Les questions sont simples\u00a0: o\u00f9 partent les piscines olympiques de billets, les montagnes d\u2019argent public\u00a0? Pourquoi l\u00e2che-t-on des fonds pr\u00e9cieux dans des programmes loufoques (\u00e0 l\u2019\u00e9tranger, dans des associations lucratives sans but et sans audit) au lieu de ces services publics directement utiles aux Fran\u00e7ais, et largement identifi\u00e9s par tous (sant\u00e9, \u00e9ducation, r\u00e9galien)\u00a0?<\/p>\n<p>Les r\u00e9ponses des autorit\u00e9s sont syst\u00e9matiquement confuses, embrouill\u00e9es, voire carr\u00e9ment mensong\u00e8res et on lit d\u00e9j\u00e0 l\u2019effroi sur les fronts moites de certains administrateurs, certains responsables politiques qui n\u2019ont pas encore termin\u00e9 de payer les traites de leur villa dans le Sud alors que l\u2019odeur d\u2019audits muscl\u00e9s se rapproche dangereusement.<\/p>\n<p>C\u2019est d\u2019ailleurs sans surprise que les comptes (sur le r\u00e9seau de Musk) qui \u00e9voquent ces questions simples (<a target=\"_blank\" href=\"https:\/\/x.com\/Partimilieiste\" target=\"_blank\" rel=\"noreferrer noopener\">ici<\/a> ou <a target=\"_blank\" href=\"https:\/\/x.com\/NicolasQuiPaie\" target=\"_blank\" rel=\"noreferrer noopener\">l\u00e0<\/a> par exemple) et ces r\u00e9ponses foireuses sont <a target=\"_blank\" href=\"https:\/\/www.francetvinfo.fr\/replay-radio\/le-brief-politique\/l-elysee-garde-un-il-sur-un-courant-libertarien-pro-javier-milei-qui-s-etend-sur-les-reseaux-sociaux_7057334.html\" target=\"_blank\" rel=\"noreferrer noopener\">minutieusement scrut\u00e9s par l\u2019\u00c9lys\u00e9e<\/a>, qui comprend que <a target=\"_blank\" href=\"https:\/\/h16free.com\/2025\/02\/24\/80259-horreur-le-narratif-officiel-ne-prend-plus\" target=\"_blank\" rel=\"noreferrer noopener\">les beaux discours officiels ne prennent plus<\/a>.<\/p>\n<p>Le mouvement est encore jeune, mais alors que la France s\u2019approche chaque jour de sa faillite, il ne fait pas le moindre doute qu\u2019il pose les vraies questions et ne pourra se satisfaire des r\u00e9ponses vagues et dilatoires des clowns en place.<\/p>\n<div class=\"wp-block-image\">\n<figure class=\"aligncenter size-large is-resized\"><img loading=\"lazy\" decoding=\"async\" width=\"376\" height=\"330\" src=\"https:\/\/lesmoutonsenrages.fr\/wp-content\/uploads\/2025\/03\/image-2-376x330.png\" alt=\"\" class=\"wp-image-165690\" style=\"width:274px;height:auto\" srcset=\"https:\/\/lesmoutonsenrages.fr\/wp-content\/uploads\/2025\/03\/image-2-376x330.png 376w, https:\/\/lesmoutonsenrages.fr\/wp-content\/uploads\/2025\/03\/image-2-250x220.png 250w, https:\/\/lesmoutonsenrages.fr\/wp-content\/uploads\/2025\/03\/image-2-768x675.png 768w, https:\/\/lesmoutonsenrages.fr\/wp-content\/uploads\/2025\/03\/image-2-150x132.png 150w, https:\/\/lesmoutonsenrages.fr\/wp-content\/uploads\/2025\/03\/image-2.png 921w\" sizes=\"auto, (max-width: 376px) 100vw, 376px\"\/><\/figure>\n<\/div>\n<p><strong>H16<\/strong><\/p>\n<p>Aussi :<\/p>\n<p>Tous les articles, la tribune libre et commentaires sont sous la responsabilit\u00e9 de leurs auteurs. Les Moutons Enrag\u00e9s ne sauraient \u00eatre tenus responsables de leur contenu ou orientation.<\/p>\n<\/p><\/div>\n<p><br \/>\n<br \/><a href=\"https:\/\/lesmoutonsenrages.fr\/2025\/03\/02\/comme-un-petit-vent-de-ras-le-bol\/\" target=\"_blank\"\">Source link <\/a><\/p>\n","protected":false},"excerpt":{"rendered":"<p>Par H16 Les choses sont peut-\u00eatre all\u00e9 un peu vite alors r\u00e9capitulons bri\u00e8vement. En 2024, l\u2019\u00c9tat fran\u00e7ais a salement d\u00e9rap\u00e9 sur son budget. Son gouvernement a chang\u00e9 rapidement. Deux fois.&hellip; <\/p>\n","protected":false},"author":1,"featured_media":3630,"comment_status":"open","ping_status":"open","sticky":false,"template":"","format":"standard","meta":{"footnotes":""},"categories":[1],"tags":[],"class_list":["post-3629","post","type-post","status-publish","format-standard","has-post-thumbnail","hentry","category-non-classe"],"_links":{"self":[{"href":"https:\/\/monde25.info\/index.php\/wp-json\/wp\/v2\/posts\/3629","targetHints":{"allow":["GET"]}}],"collection":[{"href":"https:\/\/monde25.info\/index.php\/wp-json\/wp\/v2\/posts"}],"about":[{"href":"https:\/\/monde25.info\/index.php\/wp-json\/wp\/v2\/types\/post"}],"author":[{"embeddable":true,"href":"https:\/\/monde25.info\/index.php\/wp-json\/wp\/v2\/users\/1"}],"replies":[{"embeddable":true,"href":"https:\/\/monde25.info\/index.php\/wp-json\/wp\/v2\/comments?post=3629"}],"version-history":[{"count":0,"href":"https:\/\/monde25.info\/index.php\/wp-json\/wp\/v2\/posts\/3629\/revisions"}],"wp:featuredmedia":[{"embeddable":true,"href":"https:\/\/monde25.info\/index.php\/wp-json\/wp\/v2\/media\/3630"}],"wp:attachment":[{"href":"https:\/\/monde25.info\/index.php\/wp-json\/wp\/v2\/media?parent=3629"}],"wp:term":[{"taxonomy":"category","embeddable":true,"href":"https:\/\/monde25.info\/index.php\/wp-json\/wp\/v2\/categories?post=3629"},{"taxonomy":"post_tag","embeddable":true,"href":"https:\/\/monde25.info\/index.php\/wp-json\/wp\/v2\/tags?post=3629"}],"curies":[{"name":"wp","href":"https:\/\/api.w.org\/{rel}","templated":true}]}}