{"id":3631,"date":"2025-03-02T08:09:23","date_gmt":"2025-03-02T07:09:23","guid":{"rendered":"https:\/\/monde25.info\/index.php\/2025\/03\/02\/volodymyr-zelensky-sort-du-silence-apres-sa-rencontre-tumultueuse-avec-donald-trump-a-la-maison-blanche-les-maitres-du-monde-sott-net\/"},"modified":"2025-03-02T08:09:23","modified_gmt":"2025-03-02T07:09:23","slug":"volodymyr-zelensky-sort-du-silence-apres-sa-rencontre-tumultueuse-avec-donald-trump-a-la-maison-blanche-les-maitres-du-monde-sott-net","status":"publish","type":"post","link":"https:\/\/monde25.info\/index.php\/2025\/03\/02\/volodymyr-zelensky-sort-du-silence-apres-sa-rencontre-tumultueuse-avec-donald-trump-a-la-maison-blanche-les-maitres-du-monde-sott-net\/","title":{"rendered":"Volodymyr Zelensky sort du silence apr\u00e8s sa rencontre tumultueuse avec Donald Trump \u00e0 la Maison-Blanche \u2014 Les Ma\u00eetres du Monde \u2014 Sott.net"},"content":{"rendered":"<p> <br \/>\n<\/p>\n<div>\n      Le pr\u00e9sident ukrainien Volodymyr <a target=\"_blank\" href=\"https:\/\/www.epochtimes.fr\/t-zelensky\">Zelensky<\/a> a fait ses premi\u00e8res remarques publiques apr\u00e8s un \u00e9change enflamm\u00e9 dans le Bureau ovale avec le pr\u00e9sident am\u00e9ricain Donald <a target=\"_blank\" href=\"https:\/\/www.epochtimes.fr\/t-trump\">Trump<\/a> et le vice-pr\u00e9sident JD Vance vendredi.<\/p>\n<div class=\"article-image-large to-center\"><a target=\"_blank\" href=\"https:\/\/fr.sott.net\/image\/s36\/724018\/full\/Silence1_795x447.jpg\" target=\"_blank\" title=\"\u00a9 Saul Loeb\/AFP\"><img decoding=\"async\" src=\"https:\/\/fr.sott.net\/image\/s36\/724018\/large\/Silence1_795x447.jpg\" alt=\"Trump &amp; Zelensky\" title=\"Cliquer pour agrandir\"\/><\/a><\/p>\n<p><span class=\"tiny\">\u00a9 Saul Loeb\/AFP<\/span><span class=\"caption\">Le pr\u00e9sident am\u00e9ricain Donald Trump et le pr\u00e9sident ukrainien Volodymyr Zelensky se rencontrent dans le Bureau ovale de la Maison-Blanche \u00e0 Washington, le 28 f\u00e9vrier 2025.<\/span><\/p>\n<\/div>\n<p>\n      \u00ab Merci \u00e0 l&rsquo;Am\u00e9rique, merci pour votre soutien, merci pour cette visite \u00bb, <a target=\"_blank\" href=\"https:\/\/x.com\/ZelenskyyUa\/status\/1895555315716014324\">a \u00e9crit<\/a> M. Zelensky dans un message sur X. \u00ab Merci @POTUS (\u00ab President of the United States \u00bb, ndlr). Merci au Congr\u00e8s et au peuple am\u00e9ricain. L&rsquo;Ukraine a besoin d&rsquo;une paix juste et durable, et nous travaillons exactement pour cela. \u00bb<\/p>\n<p>Le message de M. Zelensky est son premier commentaire public depuis une r\u00e9union houleuse \u00e0 la Maison-Blanche avec MM. Trump et Vance, o\u00f9 les trois hommes se sont disput\u00e9s sur l&rsquo;influence de l&rsquo;Ukraine et sur la question de savoir si M. Zelensky avait suffisamment remerci\u00e9 les \u00c9tats-Unis pour le soutien qu&rsquo;ils apportent depuis longtemps \u00e0 l&rsquo;Ukraine dans sa guerre contre la Russie.<\/p>\n<p>Il s&rsquo;agissait de la premi\u00e8re rencontre entre M. Trump et M. Zelensky depuis l&rsquo;investiture du pr\u00e9sident Trump en janvier. On s&rsquo;attendait \u00e0 ce que M. Zelensky signe un accord de partenariat \u00e9conomique entre les \u00c9tats-Unis et l&rsquo;Ukraine, permettant aux \u00c9tats-Unis d&rsquo;acc\u00e9der aux min\u00e9raux de terres rares et \u00e0 d&rsquo;autres ressources essentielles pour les industries a\u00e9rospatiales, de d\u00e9fense et nucl\u00e9aires de l&rsquo;Ukraine.<\/p>\n<p>L&rsquo;accord pr\u00e9voit la cr\u00e9ation d&rsquo;un fonds de reconstruction commun aux \u00c9tats-Unis et \u00e0 l&rsquo;Ukraine, cog\u00e9r\u00e9 par les deux pays, avec une contribution de Kiev \u00e0 hauteur de 50 % des recettes futures provenant des ressources naturelles appartenant \u00e0 l&rsquo;\u00c9tat. Le secr\u00e9taire au Tr\u00e9sor, Scott Bessent, <a target=\"_blank\" href=\"https:\/\/www.theepochtimes.com\/us\/bessent-us-ukraine-minerals-deal-will-transform-war-torn-nation-protect-us-taxpayers-5814637\">a d\u00e9crit<\/a> l&rsquo;accord comme pr\u00e9servant les int\u00e9r\u00eats des contribuables am\u00e9ricains et alimentant le redressement de l&rsquo;Ukraine apr\u00e8s la guerre, transformant le pays ravag\u00e9 par le conflit en un pays stable et prosp\u00e8re.<\/p>\n<p>M. Zelensky a soulign\u00e9 que tout accord de ce type n\u00e9cessiterait des garanties de s\u00e9curit\u00e9 am\u00e9ricaines, que Kiev consid\u00e8re comme essentielles. M. Trump s&rsquo;est toutefois montr\u00e9 r\u00e9ticent \u00e0 accorder de telles garanties, arguant que l&rsquo;Europe devrait prendre les devants puisqu&rsquo;elle est plus directement touch\u00e9e par le conflit entre la Russie et l&rsquo;Ukraine. Il a affirm\u00e9 qu&rsquo;une pr\u00e9sence am\u00e9ricaine dans le secteur minier de l&rsquo;Ukraine dissuaderait l&rsquo;agression russe, fournissant ainsi une \u00ab s\u00e9curit\u00e9 automatique \u00bb.<\/p>\n<p>\u00ab La s\u00e9curit\u00e9 est si facile. C&rsquo;est environ 2 % du probl\u00e8me. La s\u00e9curit\u00e9 ne me pr\u00e9occupe pas. Ce qui me pr\u00e9occupe, c&rsquo;est de conclure l&rsquo;accord. La s\u00e9curit\u00e9 est la partie facile \u00bb, a d\u00e9clar\u00e9 M. Trump lors d&rsquo;une r\u00e9union avec M. Zelensky qui s&rsquo;est tenue en pr\u00e9sence des m\u00e9dias.<\/p>\n<p>Lorsque les deux dirigeants ont r\u00e9pondu aux questions des m\u00e9dias, leurs attentes divergentes en mati\u00e8re d&rsquo;engagements de s\u00e9curit\u00e9 sont apparues clairement.<\/p>\n<p>\u00ab Nous n&rsquo;accepterons jamais un simple cessez-le-feu \u00bb, a lanc\u00e9 le dirigeant ukrainien, insistant sur le fait que l&rsquo;accord sur les minerais devrait inclure des garanties de s\u00e9curit\u00e9 suppl\u00e9mentaires des \u00c9tats-Unis afin qu&rsquo;une paix durable puisse \u00eatre instaur\u00e9e. M. Zelensky a soulign\u00e9 que les pr\u00e9c\u00e9dents cessez-le-feu n\u00e9goci\u00e9s par les puissances occidentales n&rsquo;avaient pas r\u00e9ussi \u00e0 dissuader la Russie de poursuivre son agression.<\/p>\n<p>M. Trump a averti M. Zelensky qu&rsquo;il risquait de perdre totalement le soutien des \u00c9tats-Unis.<\/p>\n<p>\u00ab Soit vous concluez un accord, soit nous nous retirons \u00bb, a d\u00e9clar\u00e9 M. Trump.<\/p>\n<p>\u00c9levant la voix, il a soulign\u00e9 \u00e0 M. Zelensky que l&rsquo;Ukraine n&rsquo;\u00e9tait \u00ab pas dans une tr\u00e8s bonne position \u00bb.<\/p>\n<p>\u00ab Vous n&rsquo;avez pas les cartes. Avec nous, vous avez les cartes en main \u00bb, a-t-il ajout\u00e9.<\/p>\n<p>\u00ab Vous jouez avec la vie de millions de personnes. Vous jouez avec la troisi\u00e8me guerre mondiale. Ce que vous faites est tr\u00e8s irrespectueux envers ce pays. \u00bb<\/p>\n<p>M. Vance a accus\u00e9 le dirigeant ukrainien d&rsquo;\u00eatre ingrat, lui demandant : \u00ab Avez-vous dit merci une seule fois au cours de toute cette r\u00e9union ? \u00bb<\/p>\n<p>La Maison-Blanche a, par la suite, confirm\u00e9 qu&rsquo;aucun accord n&rsquo;avait \u00e9t\u00e9 sign\u00e9, tandis que M. Trump a \u00e9crit sur Truth Social que M. Zelensky \u00ab n&rsquo;est pas pr\u00eat pour la paix si l&rsquo;Am\u00e9rique est impliqu\u00e9e \u00bb.<\/p>\n<p>\u00ab Il a manqu\u00e9 de respect aux \u00c9tats-Unis d&rsquo;Am\u00e9rique dans le cher Bureau ovale. Il pourra revenir quand il sera pr\u00eat pour la paix \u00bb, a d\u00e9clar\u00e9 le pr\u00e9sident Trump.<\/p>\n<p>Apr\u00e8s la rencontre, la Maison-Blanche a publi\u00e9 un <a target=\"_blank\" href=\"https:\/\/www.whitehouse.gov\/articles\/2025\/02\/president-trump-vp-vance-are-standing-up-for-americans\/\">communiqu\u00e9<\/a> indiquant que M. Trump et M. Vance \u00ab d\u00e9fendront toujours les int\u00e9r\u00eats du peuple am\u00e9ricain et de ceux qui respectent la position des \u00c9tats-Unis dans le monde, et ne permettront jamais que le peuple am\u00e9ricain soit exploit\u00e9 \u00bb.<\/p>\n<p>Au-del\u00e0 de l&rsquo;expression de sa gratitude pour le soutien des \u00c9tats-Unis et de la mention que l&rsquo;Ukraine poursuivra une \u00ab paix juste et durable \u00bb, la d\u00e9claration de M. Zelensky \u00e0 l&rsquo;issue de la r\u00e9union donne peu d&rsquo;indications sur le sort de l&rsquo;accord sur les min\u00e9raux et, plus g\u00e9n\u00e9ralement, sur les relations entre les \u00c9tats-Unis et l&rsquo;Ukraine.<\/p>\n<\/p><\/div>\n<p><br \/>\n<br \/><a href=\"https:\/\/fr.sott.net\/article\/44251-Volodymyr-Zelensky-sort-du-silence-apres-sa-rencontre-tumultueuse-avec-Donald-Trump-a-la-Maison-Blanche\" target=\"_blank\"\">Source link <\/a><\/p>\n","protected":false},"excerpt":{"rendered":"<p>Le pr\u00e9sident ukrainien Volodymyr Zelensky a fait ses premi\u00e8res remarques publiques apr\u00e8s un \u00e9change enflamm\u00e9 dans le Bureau ovale avec le pr\u00e9sident am\u00e9ricain Donald Trump et le vice-pr\u00e9sident JD Vance&hellip; <\/p>\n","protected":false},"author":1,"featured_media":3632,"comment_status":"open","ping_status":"open","sticky":false,"template":"","format":"standard","meta":{"footnotes":""},"categories":[1],"tags":[],"class_list":["post-3631","post","type-post","status-publish","format-standard","has-post-thumbnail","hentry","category-non-classe"],"_links":{"self":[{"href":"https:\/\/monde25.info\/index.php\/wp-json\/wp\/v2\/posts\/3631","targetHints":{"allow":["GET"]}}],"collection":[{"href":"https:\/\/monde25.info\/index.php\/wp-json\/wp\/v2\/posts"}],"about":[{"href":"https:\/\/monde25.info\/index.php\/wp-json\/wp\/v2\/types\/post"}],"author":[{"embeddable":true,"href":"https:\/\/monde25.info\/index.php\/wp-json\/wp\/v2\/users\/1"}],"replies":[{"embeddable":true,"href":"https:\/\/monde25.info\/index.php\/wp-json\/wp\/v2\/comments?post=3631"}],"version-history":[{"count":0,"href":"https:\/\/monde25.info\/index.php\/wp-json\/wp\/v2\/posts\/3631\/revisions"}],"wp:featuredmedia":[{"embeddable":true,"href":"https:\/\/monde25.info\/index.php\/wp-json\/wp\/v2\/media\/3632"}],"wp:attachment":[{"href":"https:\/\/monde25.info\/index.php\/wp-json\/wp\/v2\/media?parent=3631"}],"wp:term":[{"taxonomy":"category","embeddable":true,"href":"https:\/\/monde25.info\/index.php\/wp-json\/wp\/v2\/categories?post=3631"},{"taxonomy":"post_tag","embeddable":true,"href":"https:\/\/monde25.info\/index.php\/wp-json\/wp\/v2\/tags?post=3631"}],"curies":[{"name":"wp","href":"https:\/\/api.w.org\/{rel}","templated":true}]}}