{"id":3633,"date":"2025-03-02T09:55:21","date_gmt":"2025-03-02T08:55:21","guid":{"rendered":"https:\/\/monde25.info\/index.php\/2025\/03\/02\/apres-larret-des-travaux-quel-avenir-pour-le-chantier\/"},"modified":"2025-03-02T09:55:21","modified_gmt":"2025-03-02T08:55:21","slug":"apres-larret-des-travaux-quel-avenir-pour-le-chantier","status":"publish","type":"post","link":"https:\/\/monde25.info\/index.php\/2025\/03\/02\/apres-larret-des-travaux-quel-avenir-pour-le-chantier\/","title":{"rendered":"apr\u00e8s l\u2019arr\u00eat des travaux, quel avenir pour le chantier\u00a0?"},"content":{"rendered":"<p> <br \/>\n<\/p>\n<div>\n<p>    <span class=\"date\">28 f\u00e9vrier 2025  \u00e0 16h12<\/span><\/p>\n<p>    <span class=\"date_modif\">Mis \u00e0 jour le 1er mars 2025 \u00e0 09h27<\/span>      <\/p>\n<p class=\"duree_lecture\">\n        Dur\u00e9e de lecture : 4 minutes\n      <\/p>\n<\/p><\/div>\n<div>\n<p class=\"indication_lieu\">Toulouse, correspondance<\/p>\n<p><i>\u00ab<small class=\"fine d-inline\">\u00a0<\/small>Ce qu\u2019on attend maintenant, c\u2019est de pouvoir d\u00e9finitivement tourner la page.<small class=\"fine d-inline\">\u00a0<\/small>\u00bb<\/i> Les opposants au projet d\u2019autoroute A69 s\u2019\u00e9taient r\u00e9unis ce 27\u00a0f\u00e9vrier \u00e0 Toulouse <a target=\"_blank\" href=\"https:\/\/reporterre.net\/Une-decision-historique-l-A69-annulee-les-opposants-exultent\" class=\"spip_in\">pour c\u00e9l\u00e9brer leur victoire<\/a>. En d\u00e9but d\u2019apr\u00e8s-midi, le tribunal administratif a annul\u00e9 l\u2019autorisation environnementale accordant la construction de cette liaison autorouti\u00e8re, ce qui a entra\u00een\u00e9 l\u2019arr\u00eat des travaux.<\/p>\n<p><i>\u00ab<small class=\"fine d-inline\">\u00a0<\/small>Tout le monde savait que cela allait arriver un jour ou l\u2019autre et ils ont fonc\u00e9 dans le mur. Certains responsables politiques vont devoir rendre des comptes<small class=\"fine d-inline\">\u00a0<\/small>\u00bb<\/i>, dit, amer, Geoffrey Tarroux, militant au collectif La voie est libre. Entam\u00e9 en mars 2023, ce chantier de 53\u00a0kilom\u00e8tres a profond\u00e9ment marqu\u00e9 la r\u00e9gion entre le Tarn et la Haute-Garonne. Depuis deux ans, le concessionnaire Atosca et les services de l\u2019\u00c9tat se sont mis en ordre de bataille pour faire avancer les pelleteuses malgr\u00e9 les r\u00e9sistances sur le terrain et les actions en justice.<\/p>\n<p>Aujourd\u2019hui, pr\u00e8s de la moiti\u00e9 des terrassements a \u00e9t\u00e9 r\u00e9alis\u00e9e et trois-quarts des 200\u00a0ouvrages d\u2019art ont \u00e9t\u00e9 construits. Pour cela, 300\u00a0millions d\u2019euros ont d\u00e9j\u00e0 \u00e9t\u00e9 d\u00e9bours\u00e9s selon le ma\u00eetre d\u2019ouvrage. En plus de cela, environ 820\u00a0personnes ont \u00e9t\u00e9 expropri\u00e9es de leurs terres et de leur maison pour permettre \u00e0 l\u2019autoroute de se concr\u00e9tiser.<\/p>\n<blockquote class=\"spip\">\n<p>\u00ab<small class=\"fine d-inline\">\u00a0<\/small>La priorit\u00e9 c\u2019est de laisser la nature reprendre ses droits<small class=\"fine d-inline\">\u00a0<\/small>\u00bb<\/p>\n<\/blockquote>\n<p>Tant que le juge unique n\u2019a pas statu\u00e9 sur le sursis \u00e0 ex\u00e9cution et que la cour administrative d\u2019appel n\u2019a pas rendu son verdict final, le chantier risque de rester \u00e0 l\u2019arr\u00eat. <i>\u00ab<small class=\"fine d-inline\">\u00a0<\/small>Ce n\u2019est pas plus mal, la priorit\u00e9 c\u2019est de laisser la nature reprendre ses droits<small class=\"fine d-inline\">\u00a0<\/small>\u00bb<\/i>, confie Jean Olivier.<\/p>\n<p>Cette situation in\u00e9dite invite les collectifs oppos\u00e9s \u00e0 l\u2019autoroute \u00e0 <i>\u00ab<small class=\"fine d-inline\">\u00a0<\/small>inventer la suite, un vrai projet de d\u00e9veloppement local<small class=\"fine d-inline\">\u00a0<\/small>\u00bb<\/i>, selon Geoffrey Tarroux, qui habite dans la commune de Montcabrier, le long du trac\u00e9 de l\u2019autoroute. Et de poursuivre\u00a0: <i>\u00ab<small class=\"fine d-inline\">\u00a0<\/small>Ce dont on a besoin sur le territoire, c\u2019est d\u2019une concertation collective avec tous les acteurs<small class=\"fine d-inline\">\u00a0<\/small>\u00bb<\/i>.<\/p>\n<h2 class=\"spip\">Proposer une autre vision du territoire<\/h2>\n<p>Un cas de figure similaire a r\u00e9cemment eu lieu en Dordogne et pourrait laisser imaginer la suite du chantier de cette autoroute controvers\u00e9e. Le 9\u00a0avril 2019, plus d\u2019un an apr\u00e8s le d\u00e9but du chantier du projet de d\u00e9viation de Beynac, qui comprenait la construction de 3,5\u00a0kilom\u00e8tres de route et de deux ponts, le tribunal administratif a annul\u00e9 l\u2019autorisation des travaux.<\/p>\n<p>Malgr\u00e9 les recours d\u00e9pos\u00e9s par le D\u00e9partement, la pr\u00e9fecture de Dordogne a finalement sign\u00e9 un arr\u00eat\u00e9 encadrant la d\u00e9molition du chantier un an plus tard. Le D\u00e9partement, cherchant \u00e0 gagner du temps, a pay\u00e9 de lourdes astreintes pour son retard. En vain\u00a0: la remise en \u00e9tat du site et la d\u00e9molition compl\u00e8te des ouvrages devraient commencer en 2025, six ans apr\u00e8s que le tribunal administratif a jug\u00e9 ce projet ill\u00e9gal.<\/p>\n<div class=\"spip_document_89093 spip_document spip_documents spip_document_image spip_documents_center spip_document_center spip_document_avec_legende\" data-legende-len=\"135\" data-legende-lenx=\"xxx\">\n<figure class=\"spip_doc_inner\">\n      <picture><source type=\"image\/webp\" srcset=\"https:\/\/reporterre.net\/local\/cache-vignettes\/L1050xH746\/capture1-8fc33_png_-8c5ff.webp?1740751320\"><img decoding=\"async\" src=\"https:\/\/reporterre.net\/IMG\/webp\/capture1-8fc33_png_.webp\" width=\"1050\" height=\"746\" loading=\"lazy\" alt=\"\"\/><br \/>\n    <\/source><\/picture><figcaption class=\"spip_doc_legende\">\n<p>Le projet des opposants, \u00ab<small class=\"fine d-inline\">\u00a0<\/small><small class=\"fine d-inline\">\u00a0<\/small>Une autre voie<small class=\"fine d-inline\">\u00a0<\/small><small class=\"fine d-inline\">\u00a0<\/small>\u00bb, propose entre autres de garder 250 hectares d\u2019espaces agricoles le long de la V\u00e9loroute.\n<\/p>\n<\/figcaption><\/figure>\n<\/p><\/div>\n<p>S\u2019agissant de l\u2019A69, les opposants voient plus loin qu\u2019une remise en \u00e9tat. Ils souhaitent le d\u00e9veloppement <a target=\"_blank\" href=\"https:\/\/reporterre.net\/Veloroute-arbres-et-agriculture-Le-projet-alternatif-des-opposants-a-l-A69\" class=\"spip_in\">d\u2019un projet alternatif<\/a>, \u00e9labor\u00e9 par l\u2019urbaniste Karim Lahiani, qui propose une autre vision du territoire\u00a0: grande route pour les v\u00e9los, plantation massive d\u2019arbres, cr\u00e9ation d\u2019espaces agricoles\u2026<\/p>\n<h2 class=\"spip\">\u00ab<small class=\"fine d-inline\">\u00a0<\/small>Un apaisement \u00e9norme<small class=\"fine d-inline\">\u00a0<\/small>\u00bb<\/h2>\n<p><i>\u00ab<small class=\"fine d-inline\">\u00a0<\/small>Un moyen de r\u00e9habiter nos territoires<small class=\"fine d-inline\">\u00a0<\/small>\u00bb<\/i>, affirmait en 2023 l\u2019urbaniste, loin de la langue de b\u00e9ton qui \u00e9tait en construction. Il estimait qu\u2019une <i>\u00ab<small class=\"fine d-inline\">\u00a0<\/small>grande partie des travaux d\u00e9j\u00e0 r\u00e9alis\u00e9s pourrait \u00eatre r\u00e9utilis\u00e9e, comme le b\u00e9ton de plusieurs ouvrages<small class=\"fine d-inline\">\u00a0<\/small>\u00bb<\/i> ou certains ponts, utiles <i>\u00ab<small class=\"fine d-inline\">\u00a0<\/small>pour faire passer des pistes cyclables ou des voies ferr\u00e9es<small class=\"fine d-inline\">\u00a0<\/small>\u00bb<\/i>.<\/p>\n<div class=\"spip_document_89090 spip_document spip_documents spip_document_image spip_documents_center spip_document_center spip_document_avec_legende\" data-legende-len=\"109\" data-legende-lenx=\"xx\">\n<figure class=\"spip_doc_inner\">\n      <picture><source type=\"image\/webp\" srcset=\"https:\/\/reporterre.net\/local\/cache-vignettes\/L1050xH700\/aberlioz-2024-02-20-5-2-2-23608.jpg@.webp?1740751320\"><img decoding=\"async\" src=\"https:\/\/reporterre.net\/IMG\/jpg\/aberlioz-2024-02-20-5-2-2.jpg\" width=\"1200\" height=\"800\" loading=\"lazy\" alt=\"\"\/><br \/>\n    <\/source><\/picture><figcaption class=\"spip_doc_legende\">\n<p>Alexandra fut la derni\u00e8re habitante du trac\u00e9 \u00e0 \u00eatre expropri\u00e9e de sa maison.<br \/>\n<i>\u00a9 Antoine Berlioz \/ Reporterre<br \/>\n<\/i><\/p>\n<\/figcaption><\/figure>\n<\/p><\/div>\n<p>Au del\u00e0 des infrastructures d\u00e9j\u00e0 b\u00e2ties, se pose la question des quelque 820\u00a0propri\u00e9taires expropri\u00e9s, \u00e0 l\u2019image de <a target=\"_blank\" href=\"https:\/\/reporterre.net\/A69-sous-la-menace-la-derniere-habitante-sur-le-trace-capitule\" class=\"spip_in\">la derni\u00e8re habitante du trac\u00e9, Alexandra<\/a>. Elle fut contrainte de quitter sa maison apr\u00e8s de nombreuses pressions de l\u2019\u00c9tat et de milices pro-autoroute sur sa propri\u00e9t\u00e9.<\/p>\n<p>Le code de l\u2019expropriation recense <a target=\"_blank\" href=\"https:\/\/www.legifrance.gouv.fr\/codes\/section_lc\/LEGITEXT000006074224\/LEGISCTA000029971236\/\" class=\"spip_out\" rel=\"external\">deux cas de figure<\/a>. Soit le bien n\u2019est pas en \u00e9tat d\u2019\u00eatre restitu\u00e9, et l\u2019expuls\u00e9 per\u00e7oit des dommages et int\u00e9r\u00eats, soit le bien peut \u00eatre restitu\u00e9, et le juge d\u00e9cide d\u2019\u00e9ventuelles indemnit\u00e9s en r\u00e9paration du pr\u00e9judice caus\u00e9 par l\u2019op\u00e9ration.<\/p>\n<p>Des questions qui, pour l\u2019instant, restent sans r\u00e9ponse. Mais, m\u00eame si l\u2019avenir est incertain, l\u2019arr\u00eat des travaux <i>\u00ab<small class=\"fine d-inline\">\u00a0<\/small>est un apaisement \u00e9norme<small class=\"fine d-inline\">\u00a0<\/small>\u00bb<\/i>, dit Peter Queens, membre des Sans-Bitumes et de La voie est libre.<\/p>\n<aside class=\"boite_encarts\">\n<div class=\"encart encart_gris noprint\">\n<p><strong>Puisque vous \u00eates l\u00e0&#8230;<\/strong><\/p>\n<p>&#8230; nous avons un petit service \u00e0 vous demander.<br class=\"autobr\"\/><br \/>\nEntre la pr\u00e9sence d\u2019un climatosceptique \u00e0 la t\u00eate de la premi\u00e8re puissance mondiale, un gouvernement fran\u00e7ais qui flirte avec l\u2019extr\u00eame-droite, et les catastrophes climatiques qui s\u2019enchainent&#8230; Faire vivre l\u2019\u00e9cologie dans le d\u00e9bat public est un enjeu crucial.<\/p>\n<p>Personne ne modifie ce que nous publions. Nous n\u2019avons ni actionnaire, ni propri\u00e9taire milliardaire \u2014 seulement une \u00e9quipe d\u2019irr\u00e9ductibles journalistes, pleine de d\u00e9termination.<\/p>\n<p>Nous avons la conviction que l\u2019urgence \u00e9cologique est l\u2019enjeu majeur de notre \u00e9poque. Et comme plus de 2 millions de lectrices et lecteurs chaque mois, vous partagez sans doute cette conviction&#8230;<\/p>\n<p><strong>Depuis 12 ans, nous publions des articles de qualit\u00e9 sur l\u2019\u00e9cologie, en acc\u00e8s libre et sans publicit\u00e9, pour tous.<\/strong><br class=\"autobr\"\/><br \/>\nMais ce travail demande beaucoup de temps et de ressources.<\/p>\n<p>Alors, si vous en avez les moyens, sachez qu\u2019un don, m\u00eame d\u20191\u20ac, est un acte de soutien fort pour l\u2019\u00e9cologie et le journalisme ind\u00e9pendant.<br class=\"autobr\"\/><br \/>\n(Et \u00e7a vous prendra moins de temps que la lecture de ce texte).<\/p>\n<p><strong>Si vous le pouvez, choisissez un soutien mensuel. Merci.<\/strong><\/p>\n<p><a target=\"_blank\" href=\"https:\/\/reporterre.net\/dons\" class=\"bt_soutenir\">Je soutiens <i>Reporterre<\/i><\/a><\/p>\n<\/p><\/div>\n<div class=\"encart encart_vert noprint montre_1023\">\n<div class=\"infolettre-form-container noprint\">\n<p>Abonnez-vous \u00e0 la lettre d\u2019info de Reporterre<\/p>\n<\/div><\/div>\n<\/aside>\n<aside class=\"boite_apresarticle encart_note\">\n<h4>Apr\u00e8s cet article<\/h4>\n<p>      <a target=\"_blank\" href=\"https:\/\/reporterre.net\/Une-decision-historique-l-A69-annulee-les-opposants-exultent\" class=\"lien_article\">\n      <picture class=\"vignette_gauche\"><source type=\"image\/webp\" srcset=\"https:\/\/reporterre.net\/https:\/\/reporterre.net\/local\/cache-vignettes\/L450xH300\/reporterre-aberlioz-2025-02-18-0006_resized-c0933.jpg@.webp?1740670872\"><img decoding=\"async\" src=\"https:\/\/reporterre.net\/local\/cache-vignettes\/L450xH300\/reporterre-aberlioz-2025-02-18-0006_resized-c0933.jpg?1740670872\" width=\"450\" height=\"300\" alt=\"\" class=\"marge12\" loading=\"lazy\"\/><br \/>\n<\/source><\/picture>\n<p class=\"libelle\">\n<p>      A69\n    <\/p>\n<p class=\"titre pol20\">\u00ab<small class=\"fine d-inline\">\u00a0<\/small>Une d\u00e9cision historique<small class=\"fine d-inline\">\u00a0<\/small>!<small class=\"fine d-inline\">\u00a0<\/small>\u00bb\u00a0: l\u2019A69 annul\u00e9e, les opposants exultent<\/p>\n<p>      <\/a><br \/>\n    <\/aside>\n<aside class=\"boite_complement texte\">\n<p>      <!-- zone_forum --><br \/>\n          <\/aside>\n<aside class=\"boite_lireaussi noprint\">\n<\/aside>\n<aside class=\"colonne\">\n<div class=\"article_info cache_1023 noprint\">\n<p>    <span class=\"date\">28 f\u00e9vrier 2025  \u00e0 16h12<\/span><\/p>\n<p>    <span class=\"date_modif\">Mis \u00e0 jour le 1er mars 2025 \u00e0 09h27<\/span>      <\/p>\n<p class=\"duree_lecture\">\n        Dur\u00e9e de lecture : 4 minutes\n      <\/p>\n<\/p><\/div>\n<div class=\"bloc_infolettre\">\n<div class=\"infolettre-form-container noprint\">\n<p>Abonnez-vous \u00e0 la lettre d\u2019info de Reporterre<\/p>\n<\/div><\/div>\n<\/aside>\n<div id=\"galerie\">\n  <img decoding=\"async\" src=\"\" class=\"principale\" id=\"principale\"\/><\/p>\n<p id=\"legende\">legende<\/p>\n<\/div>\n<footer class=\"noprint\">\n<\/footer>\n<\/div>\n<p><br \/>\n<br \/><a href=\"https:\/\/reporterre.net\/A69-apres-l-arret-des-travaux-quel-avenir-pour-le-chantier\" target=\"_blank\"\">Source link <\/a><\/p>\n","protected":false},"excerpt":{"rendered":"<p>28 f\u00e9vrier 2025 \u00e0 16h12 Mis \u00e0 jour le 1er mars 2025 \u00e0 09h27 Dur\u00e9e de lecture : 4 minutes Toulouse, correspondance \u00ab\u00a0Ce qu\u2019on attend maintenant, c\u2019est de pouvoir d\u00e9finitivement&hellip; <\/p>\n","protected":false},"author":1,"featured_media":3634,"comment_status":"open","ping_status":"open","sticky":false,"template":"","format":"standard","meta":{"footnotes":""},"categories":[1],"tags":[],"class_list":["post-3633","post","type-post","status-publish","format-standard","has-post-thumbnail","hentry","category-non-classe"],"_links":{"self":[{"href":"https:\/\/monde25.info\/index.php\/wp-json\/wp\/v2\/posts\/3633","targetHints":{"allow":["GET"]}}],"collection":[{"href":"https:\/\/monde25.info\/index.php\/wp-json\/wp\/v2\/posts"}],"about":[{"href":"https:\/\/monde25.info\/index.php\/wp-json\/wp\/v2\/types\/post"}],"author":[{"embeddable":true,"href":"https:\/\/monde25.info\/index.php\/wp-json\/wp\/v2\/users\/1"}],"replies":[{"embeddable":true,"href":"https:\/\/monde25.info\/index.php\/wp-json\/wp\/v2\/comments?post=3633"}],"version-history":[{"count":0,"href":"https:\/\/monde25.info\/index.php\/wp-json\/wp\/v2\/posts\/3633\/revisions"}],"wp:featuredmedia":[{"embeddable":true,"href":"https:\/\/monde25.info\/index.php\/wp-json\/wp\/v2\/media\/3634"}],"wp:attachment":[{"href":"https:\/\/monde25.info\/index.php\/wp-json\/wp\/v2\/media?parent=3633"}],"wp:term":[{"taxonomy":"category","embeddable":true,"href":"https:\/\/monde25.info\/index.php\/wp-json\/wp\/v2\/categories?post=3633"},{"taxonomy":"post_tag","embeddable":true,"href":"https:\/\/monde25.info\/index.php\/wp-json\/wp\/v2\/tags?post=3633"}],"curies":[{"name":"wp","href":"https:\/\/api.w.org\/{rel}","templated":true}]}}