{"id":3635,"date":"2025-03-02T11:02:09","date_gmt":"2025-03-02T10:02:09","guid":{"rendered":"https:\/\/monde25.info\/index.php\/2025\/03\/02\/les-juges-et-lassassin-un-livre-avec-moins-dinformations-que-domissions-partie-2\/"},"modified":"2025-03-02T11:02:09","modified_gmt":"2025-03-02T10:02:09","slug":"les-juges-et-lassassin-un-livre-avec-moins-dinformations-que-domissions-partie-2","status":"publish","type":"post","link":"https:\/\/monde25.info\/index.php\/2025\/03\/02\/les-juges-et-lassassin-un-livre-avec-moins-dinformations-que-domissions-partie-2\/","title":{"rendered":"\u00ab Les juges et l\u2019assassin \u00bb : un livre avec moins d\u2019informations que d\u2019omissions ? &#8211; partie 2"},"content":{"rendered":"<p> <br \/>\n<\/p>\n<div>\n<p><span data-contrast=\"none\"><strong>Suite de la premi\u00e8re partie <\/strong><\/span><a target=\"_blank\" href=\"https:\/\/edition.francesoir.fr\/opinions-tribunes\/les-juges-et-l-assassin-un-livre-avec-moins-d-informations-que-d-omissions\"><span data-contrast=\"none\"><strong>\u00ab\u00a0impr\u00e9paration et improvisation \u2013 des d\u00e9cideurs peu inspir\u00e9s\u00a0\u00bb<\/strong><\/span><\/a><\/p>\n<p>L<strong>es impasses majeures du livre &#8211; l\u2019enqu\u00eate sur les choix de soins reste \u00e0 faire<\/strong><\/p>\n<p><span data-contrast=\"none\">Quel a \u00e9t\u00e9 le r\u00f4le de Buzyn dans la cr\u00e9ation pr\u00e9sidentielle (non souhait\u00e9e par Matignon) d\u2019un Conseil scientifique <\/span><em><span data-contrast=\"none\">ad hoc <\/span><\/em><span data-contrast=\"none\">autour de sp\u00e9cialistes du Sida et de l\u2019h\u00e9patite C, et non des maladies respiratoires, \u00e9manation du consortium parisien Reacting ? Celui-ci a \u00e9t\u00e9 co-cr\u00e9\u00e9 en 2013 par son \u00e9poux Yves Levy (directeur g\u00e9n\u00e9ral de l\u2019Inserm, et auteur d\u2019une tentative de mettre les instituts hospitalo-universitaires (IHU) sous sa coupe) et Jean-Fran\u00e7ois Delfraissy, ex-directeur de l&rsquo;Agence Nationale de Recherche sur le Sida (ANRS), appel\u00e9 \u00e0 pr\u00e9sider le nouvel organe. Les auteurs ne mentionnent pas la cr\u00e9ation en parall\u00e8le d\u2019un Comit\u00e9 analyse, recherche et expertise (CARE) d\u00e9di\u00e9 au Covid 19, pr\u00e9sid\u00e9 par Fran\u00e7oise Barr\u00e9-Sinoussi, prix Nobel avec le Pr Montagnier pour la d\u00e9couverte du virus du sida, dont 10 membres sur 12 sont parisiens : il est difficile de trouver trace de sa \u2018production\u2019.\u00a0<\/span><span data-ccp-props=\"{&quot;134233117&quot;:false,&quot;134233118&quot;:false,&quot;335559738&quot;:165,&quot;335559739&quot;:120}\">\u00a0<\/span><\/p>\n<p><span data-contrast=\"none\">Les auteurs ne mentionnent pas les relations historiquement mauvaises entre les Marseillais et les Parisiens de Reacting (\u00e9tablissements nationaux type INSERM et ANRS ; h\u00f4pitaux tels que Bichat), incapables d\u2019obtenir comme Marseille le statut d\u2019IHU en maladie infectieuses, ni leurs strat\u00e9gies de recherche oppos\u00e9es (mol\u00e9cules nouvelles via coop\u00e9ration avec Big Pharma pour Paris ; nouveaux usages des mol\u00e9cules anciennes, \u00e9prouv\u00e9es et \u00e9conomiques, pour Marseille) : c\u2019est une fameuse impasse ! L\u2019\u00e9quipe Reacting avait exclu de sa strat\u00e9gie le test PCR \u2013 qu\u2019elle n\u2019avait pas la capacit\u00e9 de faire en nombre. Celui-ci a \u00e9t\u00e9 r\u00e9serv\u00e9 initialement aux seuls arrivants de Wuhan, et du coup non r\u00e9alis\u00e9 pour le 1<\/span><span data-contrast=\"none\" data-fontsize=\"6\">er<\/span><span data-contrast=\"none\"> malade chinois re\u00e7u \u00e0 l\u2019h\u00f4pital Bichat renvoy\u00e9 chez lui et d\u00e9c\u00e9d\u00e9. On ne sait trop si le test a \u00e9t\u00e9 r\u00e9alis\u00e9 en f\u00e9vrier lors d\u2019un rapatriement de fran\u00e7ais \u00e0 la base militaire de Creil, second cluster de malades en France. Reacting a par ailleurs tout mis\u00e9 \u00e0 l\u2019origine sur un m\u00e9dicament complexe d\u2019emploi, et co\u00fbteux, le <\/span><em><span data-contrast=\"none\">remdesivir<\/span><\/em><span data-contrast=\"none\"> de Gilead, qui s\u2019est av\u00e9r\u00e9, comme lors des \u00e9pid\u00e9mies pr\u00e9c\u00e9dentes, \u00e0 la fois inefficace et dangereux : une autre impasse.<\/span><span data-ccp-props=\"{&quot;134233117&quot;:false,&quot;134233118&quot;:false,&quot;335559738&quot;:165,&quot;335559739&quot;:120}\">\u00a0<\/span><\/p>\n<p><span data-contrast=\"none\">Les grands reporters ne creusent gu\u00e8re la prise en charge de l\u2019\u00e9pid\u00e9mie fin f\u00e9vrier 2020 par le Conseil de d\u00e9fense sanitaire, qui a bloqu\u00e9 l\u2019acc\u00e8s des magistrats aux documents aff\u00e9rents, class\u00e9s Secret D\u00e9fense. Ce choix transf\u00e9rait les responsabilit\u00e9s du premier ministre au pr\u00e9sident ; il a pu s\u2019inscrire dans une coordination occidentale type OTAN dont on sait qu\u2019elle peut se traduire par un alignement europ\u00e9en sur les Etats-Unis. Autre impasse majeure.<\/span><span data-ccp-props=\"{&quot;134233117&quot;:false,&quot;134233118&quot;:false,&quot;335559738&quot;:165,&quot;335559739&quot;:120}\">\u00a0<\/span><\/p>\n<p><span data-contrast=\"none\">Autre sujet clef non trait\u00e9 par la CJR, et impasse des grands reporters, concernant notamment\u00a0 V\u00e9ran : lors du Covid 19, les autorit\u00e9s ont \u00ab r\u00e9ussi \u00bb \u00e0 innover totalement sur l\u2019organisation et la nature des soins : m\u00e9decins lib\u00e9raux \u2018pri\u00e9s\u2019 de ne pas voir les malades et de ne prescrire qu\u2019un anti-douleur, le parac\u00e9tamol (ou le Rivotril pour les a\u00een\u00e9s<\/span> <span data-contrast=\"none\">en EHPAD, forme d\u2019euthanasie) ; malades \u2018pri\u00e9s\u2019 d\u2019attendre chez eux que cela aille vraiment mal avant d\u2019aller aux urgences, d\u2019o\u00f9 la fr\u00e9quence des d\u00e9c\u00e8s dans les 3 premiers jours d\u2019hospitalisation ; limitation des<\/span> <span data-contrast=\"none\">sites de traitements en urgence Covid 19 \u00e0 un nombre limit\u00e9 d\u2019h\u00f4pitaux,\u00a0pratiquement<\/span> <span data-contrast=\"none\">tous publics, vite en surchauffe, combin\u00e9e \u00e0 la limitation de l\u2019activit\u00e9 de leurs autres services et \u00e0 l\u2019exclusion des autres h\u00f4pitaux\u00a0 du dispositif Covid (d\u2019o\u00f9 des personnels inoccup\u00e9s et un retard de prise en charge des autres maladies) ; refus syst\u00e9matique des soins par mol\u00e9cules anciennes \u00e0 la s\u00e9curit\u00e9 \u00e9prouv\u00e9e et \u00e0 l\u2019efficacit\u00e9 parfois d\u00e9j\u00e0 d\u00e9montr\u00e9e pour le Sars-CoV1 ainsi qu\u2019absence de toute incitation au renforcement pr\u00e9ventif de l\u2019immunit\u00e9 naturelle (vitamines C et D, zinc, etc.). Tout ceci, d\u00e9cid\u00e9 semble-t-il en Conseil de D\u00e9fense, et largement similaire \u00e0 ce qui a \u00e9t\u00e9 d\u00e9cid\u00e9 dans l\u2019ensemble de l\u2019Occident, ne ressortirait-il pas, et plus nettement qu\u2019un manque de masque et un retard de convocation d\u2019une instance, du d\u00e9lit <\/span><em><span data-contrast=\"none\">d\u2019abstention volontaire de combattre un sinistre<\/span><\/em><span data-contrast=\"none\"> ?\u00a0<\/span><span data-ccp-props=\"{&quot;134233117&quot;:false,&quot;134233118&quot;:false,&quot;335559738&quot;:165,&quot;335559739&quot;:120}\">\u00a0<\/span><\/p>\n<p><span data-contrast=\"none\">C\u2019est en quelque sorte la th\u00e8se du Professeur Raoult, responsable du seul IHU sp\u00e9cialis\u00e9 en maladie infectieuses, et microbiologiste le plus cit\u00e9 au monde. La ranc\u0153ur des \u2018Parisiens\u2019 &#8211; envers celui qui \u00e0 leur diff\u00e9rence a pu convaincre le jury international IHU des m\u00e9rites de son projet scientifique et m\u00e9dical &#8211; a pu co\u00fbter cher aux fran\u00e7ais. Les grands reporters, avec leur traitement caricatural du r\u00f4le de Raoult pour le Covid 19 qui tient de l\u2019attaque personnelle et rel\u00e8ve de la d\u00e9sinformation, et l\u2019omission de la validation de l\u2019hydroxychloroquine par des centaines d\u2019\u00e9tudes scientifiques depuis 2020 (prescrite semble-t-il par Buzyn en avril 2020 \u00e0 tel ou tel patient de l\u2019h\u00f4pital militaire Percy), d\u00e9montrent leur appartenance \u00e0 l\u2019\u00e9cosyst\u00e8me parisien et leur incapacit\u00e9 de prise de recul. Que les auteurs ne mentionnent pas que Delfraissy a <\/span><em><span data-contrast=\"none\">de facto<\/span><\/em><span data-contrast=\"none\"> reconnu, \u00e0 l\u2019issue de son mandat de pr\u00e9sident du Conseil scientifique Covid, s\u2019\u00eatre tromp\u00e9 sur \u00e0 peu pr\u00e8s tous les sujets, donnant ainsi raison \u00e0 Raoult, pourrait \u00eatre leur pire impasse !\u00a0<\/span><span data-ccp-props=\"{&quot;134233117&quot;:false,&quot;134233118&quot;:false,&quot;335559738&quot;:165,&quot;335559739&quot;:120}\">\u00a0<\/span><\/p>\n<p><span data-contrast=\"none\">En d\u00e9finitive, l\u2019instruction de la CJR a \u00e9t\u00e9 circonscrite \u00e0 quelques sujets sous les feux de la rampe \u00e0 l\u2019origine, et les grands reporters s\u2019y sont cantonn\u00e9s. Or avec le recul, ces sujets n\u2019ont-ils pas eu qu\u2019un effet modeste sur l\u2019impact global de l\u2019\u00e9pid\u00e9mie ? Outre l\u2019exemple su\u00e9dois, la litt\u00e9rature m\u00e9dicale conclut maintenant \u00e0 l\u2019absence d\u2019effet positif du port du masque et du confinement en population g\u00e9n\u00e9rale. Dans ce cadre limit\u00e9, les magistrats d\u2019instruction ont commis une erreur de droit assez \u00e9l\u00e9mentaire avec l\u2019inculpation mal fond\u00e9e de Buzyn pour <\/span><em><span data-contrast=\"none\">mise en danger d\u2019autrui<\/span><\/em><span data-contrast=\"none\">, cass\u00e9e en appel, et se sont av\u00e9r\u00e9s incapables de documenter, au milieu des multiples signes d\u2019incurie politique et administrative, des faits constitutifs du d\u00e9lit p\u00e9nal d<\/span><em><span data-contrast=\"none\">\u2019abstention de combattre. <\/span><\/em><span data-contrast=\"none\">D\u2019o\u00f9 l\u2019absence finale de mise en examen de tel ou tel des 3 ministres \u00e0 la cl\u00f4ture de l\u2019enqu\u00eate CJR fin novembre 2024, et un probable non-lieu g\u00e9n\u00e9ral en 2025.\u00a0<\/span><span data-ccp-props=\"{&quot;134233117&quot;:false,&quot;134233118&quot;:false,&quot;335559738&quot;:165,&quot;335559739&quot;:120}\">\u00a0<\/span><\/p>\n<p><span data-contrast=\"none\">De leur c\u00f4t\u00e9, les auteurs ont effectu\u00e9, comme annonc\u00e9, de nombreuses impasses, mais furent-elles les bonnes ? En tout cas, leur long texte dont l\u2019\u00e9criture est du type \u00ab sensationnel \u2013 Voici \u00bb conviendra plus \u00e0 l\u2019amateur d\u2019anecdotes et de citations \u00e0 l\u2019emporte-pi\u00e8ce qu\u2019\u00e0 celui qui souhaite vraiment comprendre ce qui s\u2019est pass\u00e9, et ce qui a p\u00e9ch\u00e9 avec impact fort.<\/span><span data-ccp-props=\"{&quot;134233117&quot;:false,&quot;134233118&quot;:false,&quot;335559738&quot;:165,&quot;335559739&quot;:120}\">\u00a0<\/span><\/p>\n<p><span data-contrast=\"none\">Les hauts fonctionnaires vont maintenant r\u00e9pondre de leurs incuries devant les juridictions de droit commun. Il n\u2019est pas dit que des responsabilit\u00e9s minist\u00e9rielles ne seront pas recherch\u00e9es dans le futur lorsque les choses en mati\u00e8re de soin et de vaccination pourront enfin \u00eatre investigu\u00e9es en France. Les Etats-Unis, sous l\u2019impulsion du nouveau responsable du d\u00e9partement de la Sant\u00e9, Robert Kennedy Jr, vont-ils ouvrir la voie ?<\/span><span data-ccp-props=\"{&quot;134233117&quot;:false,&quot;134233118&quot;:false,&quot;335559738&quot;:165,&quot;335559739&quot;:120}\">\u00a0<\/span><span data-contrast=\"none\"> \u00a0\u00a0\u00a0\u00a0\u00a0\u00a0\u00a0\u00a0\u00a0\u00a0\u00a0\u00a0\u00a0\u00a0\u00a0\u00a0\u00a0\u00a0\u00a0\u00a0\u00a0\u00a0<\/span><\/p>\n<\/div>\n<p><script>(function(d, s, id) {  var js, fjs = d.getElementsByTagName(s)[0];  if (d.getElementById(id)) return;  js = d.createElement(s); js.id = id;  js.src = \"\/\/connect.facebook.net\/fr_FR\/sdk.js#xfbml=1&version=v2.3\";  fjs.parentNode.insertBefore(js, fjs);}(document, \"script\", \"facebook-jssdk\"));<\/script><br \/>\n<br \/><br \/>\n<br \/><a href=\"https:\/\/www.francesoir.fr\/opinions-tribunes\/les-juges-et-l-assassin-un-livre-avec-moins-d-informations-que-d-omissions-partie\" target=\"_blank\"\">Source link <\/a><\/p>\n","protected":false},"excerpt":{"rendered":"<p>Suite de la premi\u00e8re partie \u00ab\u00a0impr\u00e9paration et improvisation \u2013 des d\u00e9cideurs peu inspir\u00e9s\u00a0\u00bb Les impasses majeures du livre &#8211; l\u2019enqu\u00eate sur les choix de soins reste \u00e0 faire Quel a&hellip; <\/p>\n","protected":false},"author":1,"featured_media":3636,"comment_status":"open","ping_status":"open","sticky":false,"template":"","format":"standard","meta":{"footnotes":""},"categories":[1],"tags":[],"class_list":["post-3635","post","type-post","status-publish","format-standard","has-post-thumbnail","hentry","category-non-classe"],"_links":{"self":[{"href":"https:\/\/monde25.info\/index.php\/wp-json\/wp\/v2\/posts\/3635","targetHints":{"allow":["GET"]}}],"collection":[{"href":"https:\/\/monde25.info\/index.php\/wp-json\/wp\/v2\/posts"}],"about":[{"href":"https:\/\/monde25.info\/index.php\/wp-json\/wp\/v2\/types\/post"}],"author":[{"embeddable":true,"href":"https:\/\/monde25.info\/index.php\/wp-json\/wp\/v2\/users\/1"}],"replies":[{"embeddable":true,"href":"https:\/\/monde25.info\/index.php\/wp-json\/wp\/v2\/comments?post=3635"}],"version-history":[{"count":0,"href":"https:\/\/monde25.info\/index.php\/wp-json\/wp\/v2\/posts\/3635\/revisions"}],"wp:featuredmedia":[{"embeddable":true,"href":"https:\/\/monde25.info\/index.php\/wp-json\/wp\/v2\/media\/3636"}],"wp:attachment":[{"href":"https:\/\/monde25.info\/index.php\/wp-json\/wp\/v2\/media?parent=3635"}],"wp:term":[{"taxonomy":"category","embeddable":true,"href":"https:\/\/monde25.info\/index.php\/wp-json\/wp\/v2\/categories?post=3635"},{"taxonomy":"post_tag","embeddable":true,"href":"https:\/\/monde25.info\/index.php\/wp-json\/wp\/v2\/tags?post=3635"}],"curies":[{"name":"wp","href":"https:\/\/api.w.org\/{rel}","templated":true}]}}